{"id":13470,"date":"2024-06-07T14:41:20","date_gmt":"2024-06-07T17:41:20","guid":{"rendered":"https:\/\/grandepremio.com\/es\/2024\/06\/07\/las-actualizaciones-equipos-canada-suspension-alerones\/"},"modified":"2024-06-07T16:08:05","modified_gmt":"2024-06-07T19:08:05","slug":"las-actualizaciones-equipos-canada-suspension-alerones","status":"publish","type":"post","link":"https:\/\/grandepremio.com\/es\/f1\/las-actualizaciones-equipos-canada-suspension-alerones\/","title":{"rendered":"Las actualizaciones de los equipos para el GP de Canad\u00e1: foco en suspensi\u00f3n y alerones"},"content":{"rendered":"\n<p class=\"wp-block-paragraph\">Tras un parate de dos semanas, la <strong>F\u00f3rmula 1 <\/strong>vuelve a las pistas este fin de semana en el <strong>GP de Canad\u00e1<\/strong> y, aunque se esperan muchas lluvias en el noveno evento de la temporada, los equipos han llevado paquetes de mejoras, con la excepci\u00f3n de <strong>McLaren<\/strong>, Ferrari y <strong>Alpine<\/strong>.<\/p>\n\n\n\n<p class=\"wp-block-paragraph\"><strong>Red Bull<\/strong> se alist\u00f3 con varias mejoras para la carrera en el <strong>Circuito Gilles Villeneuve<\/strong>, que incluyen un nuevo aler\u00f3n trasero, con el que pretenden aumentar la carga aerodin\u00e1mica. Adem\u00e1s, los austriacos han aumentado la entrada de aire para facilitar la refrigeraci\u00f3n de los frenos delanteros.<\/p>\n\n\n\n<p class=\"wp-block-paragraph\">\ud83d\udfe5\u00a0<strong><em>\u00a1Todas las novedades te esperan en el canal de\u00a0<\/em><\/strong><a href=\"https:\/\/www.youtube.com\/@GrandePremioES\" target=\"_blank\" rel=\"noreferrer noopener\"><strong><em>YouTube<\/em><\/strong><\/a><strong><em>\u00a0de Grande Pr\u00eamio en Espa\u00f1ol!<\/em><\/strong>\u00a0\ud83d\udfe8<\/p>\n\n\n\n<p class=\"wp-block-paragraph\">Por su parte, <strong>RB<\/strong> lleva dos actualizaciones: una en el aler\u00f3n trasero, que cambia la curvatura y la parte superior y han llevado otro cambio, en el aler\u00f3n delantero, con un flap m\u00e1s peque\u00f1o y reducir la carga aerodin\u00e1mica que se genera. Todo esto es para mejorar el equilibrio del veh\u00edculo.<\/p>\n\n\n\n<p class=\"wp-block-paragraph\"><strong>Sauber<\/strong> trajo a Canad\u00e1 un nuevo aler\u00f3n trasero, con un <em>flap<\/em> reducido, que se desarroll\u00f3 para tener menor carga aerodin\u00e1mica. El <em>Beam Wing<\/em> -un aler\u00f3n m\u00e1s peque\u00f1o situado en la parte trasera del coche que ayuda con el flujo de aire- se dise\u00f1\u00f3 con el mismo prop\u00f3sito.<\/p>\n\n\n\n<figure class=\"wp-block-image size-large\"><img decoding=\"async\" src=\"https:\/\/grandepremio.com\/cdn-cgi\/image\/width=893,height=558,fit=contain,gravity=0.5x0.5,quality=75,format=webp\/es\/wp-content\/uploads\/2024\/06\/monaco-2024-f1-corrida-aston-martin-lance-stroll-04-1200x800-1-1024x683.jpg\" alt=\"\" class=\"wp-image-242895\"\/><\/figure>\n\n\n\n<p class=\"wp-block-paragraph\">A pesar del mal momento, Aston Martin no trajo muchas actualizaciones al GP de Canad\u00e1 (Foto: Aston Martin)<\/p>\n\n\n\n<p class=\"wp-block-paragraph\"><strong>Haas<\/strong>, en tanto, concentr\u00f3 sus esfuerzos \u00fanicamente en el aler\u00f3n delantero, que tambi\u00e9n fue dise\u00f1ado exclusivamente para este evento, y se redujo su curvatura para reducir la resistencia aerodin\u00e1mica. <strong>Mercedes<\/strong>, por su parte, hizo cambios en la entrada de aire de los conductos de frenos y la suspensi\u00f3n delantera.<\/p>\n\n\n\n<p class=\"wp-block-paragraph\"><strong>Aston Martin<\/strong> solo ha modificado el Beam Wing, para aumentar la carga aerodin\u00e1mica, y <strong>Williams<\/strong> ha realizado cambios en las suspensiones tanto en la parte delantera, como en la trasera. Estas modificaciones cambian la relaci\u00f3n entre el volante y el \u00e1ngulo de giro, lo que afecta a la capacidad del piloto para dirigir el coche.<\/p>\n\n\n\n<p class=\"wp-block-paragraph\">\u23e9&nbsp;<em><strong>\u00a1Seguinos en redes por&nbsp;<\/strong><\/em><a href=\"https:\/\/twitter.com\/grandepremioES\" target=\"_blank\" rel=\"noreferrer noopener\"><em>Twitter&nbsp;<\/em><\/a><em><strong>e&nbsp;<\/strong><\/em><a href=\"https:\/\/www.instagram.com\/grandepremioes\/\" target=\"_blank\" rel=\"noreferrer noopener\"><em>Instagram!<\/em><\/a><br><strong>\u23e9<\/strong>&nbsp;<em><strong>Adem\u00e1s, tenemos nuestro&nbsp;<\/strong><\/em><a href=\"https:\/\/whatsapp.com\/channel\/0029VaDZ5zb0gcfDxuwxBM05\" target=\"_blank\" rel=\"noreferrer noopener\"><em>canal de Whatsapp<\/em><\/a><em><strong>&nbsp;con toda la informaci\u00f3n al instante<\/strong><\/em>&nbsp;\ud83c\udfc1<\/p>\n\n\n\n<p class=\"wp-block-paragraph\"><strong>GRANDE PR\u00caMIO<\/strong> sigue todas las actividades del Gran Premio de Canad\u00e1 de F\u00f3rmula 1 EN DIRECTO y EN TIEMPO REAL.<\/p>\n\n\n\n<figure class=\"wp-block-embed is-type-video is-provider-youtube wp-block-embed-youtube wp-embed-aspect-16-9 wp-has-aspect-ratio\"><div class=\"wp-block-embed__wrapper\">\n<iframe loading=\"lazy\" title=\"GP DE CANAD\u00c1 - LA PREVIA\" width=\"500\" height=\"281\" src=\"https:\/\/www.youtube.com\/embed\/AJOpqNohM1A?feature=oembed\" frameborder=\"0\" allow=\"accelerometer; autoplay; clipboard-write; encrypted-media; gyroscope; picture-in-picture; web-share\" referrerpolicy=\"strict-origin-when-cross-origin\" allowfullscreen><\/iframe>\n<\/div><\/figure>\n","protected":false},"excerpt":{"rendered":"<p>Mientras que Ferrari y McLaren no han hecho cambios, Red Bull ha tra\u00eddo actualizaciones con el objetivo de recuperar el dominio de la F\u00f3rmula 1 en el Gran Premio de Canad\u00e1.<\/p>\n","protected":false},"author":0,"featured_media":1010242888,"comment_status":"closed","ping_status":"closed","sticky":false,"template":"","format":"standard","meta":{"42wp_featured_image_caption":"","42wp_featured_image_credits":"","42wp_featured_video":"","42wp_featured_image_hidden":false,"42wp_authors_list":[],"footnotes":""},"categories":[5],"tags":[678,10197,2911,181,179,1298,414,269,197,206,497,1224],"42wp_author":[14237],"class_list":["post-13470","post","type-post","status-publish","format-standard","has-post-thumbnail","hentry","category-f1","tag-alpine","tag-aston-martin-2","tag-circuito-gilles-villeneuve","tag-f1","tag-formula-1","tag-gp-de-canada","tag-haas","tag-mclaren","tag-mercedes","tag-red-bull","tag-sauber","tag-williams-racing","42wp_author-gabriel-garcia"],"_links":{"self":[{"href":"https:\/\/grandepremio.com\/es\/wp-json\/wp\/v2\/posts\/13470","targetHints":{"allow":["GET"]}}],"collection":[{"href":"https:\/\/grandepremio.com\/es\/wp-json\/wp\/v2\/posts"}],"about":[{"href":"https:\/\/grandepremio.com\/es\/wp-json\/wp\/v2\/types\/post"}],"replies":[{"embeddable":true,"href":"https:\/\/grandepremio.com\/es\/wp-json\/wp\/v2\/comments?post=13470"}],"version-history":[{"count":0,"href":"https:\/\/grandepremio.com\/es\/wp-json\/wp\/v2\/posts\/13470\/revisions"}],"wp:featuredmedia":[{"embeddable":true,"href":"https:\/\/grandepremio.com\/es\/wp-json\/wp\/v2\/media\/1010242888"}],"wp:attachment":[{"href":"https:\/\/grandepremio.com\/es\/wp-json\/wp\/v2\/media?parent=13470"}],"wp:term":[{"taxonomy":"category","embeddable":true,"href":"https:\/\/grandepremio.com\/es\/wp-json\/wp\/v2\/categories?post=13470"},{"taxonomy":"post_tag","embeddable":true,"href":"https:\/\/grandepremio.com\/es\/wp-json\/wp\/v2\/tags?post=13470"},{"taxonomy":"42wp_author","embeddable":true,"href":"https:\/\/grandepremio.com\/es\/wp-json\/wp\/v2\/42wp_author?post=13470"}],"curies":[{"name":"wp","href":"https:\/\/api.w.org\/{rel}","templated":true}]}}