{"id":13486,"date":"2024-06-06T09:00:00","date_gmt":"2024-06-06T12:00:00","guid":{"rendered":"https:\/\/grandepremio.com\/es\/2024\/06\/06\/rovanpera-hace-pausa-en-el-rally-y-prepara-su-debut-en-circuito-en-los-paises-bajos\/"},"modified":"2024-06-05T16:09:19","modified_gmt":"2024-06-05T19:09:19","slug":"rovanpera-hace-pausa-en-el-rally-y-prepara-su-debut-en-circuito-en-los-paises-bajos","status":"publish","type":"post","link":"https:\/\/grandepremio.com\/es\/rally\/rovanpera-hace-pausa-en-el-rally-y-prepara-su-debut-en-circuito-en-los-paises-bajos\/","title":{"rendered":"Rovanper\u00e4 hace pausa en el rally y prepara su debut en circuito en los Pa\u00edses Bajos"},"content":{"rendered":"\n<p class=\"wp-block-paragraph\"><strong>Kalle Rovanper\u00e4<\/strong> se consagr\u00f3 bicampe\u00f3n del <strong>Mundial de Rally<\/strong> el a\u00f1o pasado y a pesar de tener 23 a\u00f1os, opt\u00f3 por buscar nuevos desaf\u00edos automovil\u00edsticos. A pesar de seguir disputando algunas etapas del <strong>WRC 2024,<\/strong> el finland\u00e9s <strong>tambi\u00e9n correr\u00e1 en algunas etapas de la Porsche Carrera Cup Benelux<\/strong>.<\/p>\n\n\n\n<p class=\"wp-block-paragraph\">\u23e9\u00a0<strong><em>\u00a1Seguinos en redes por\u00a0<a href=\"https:\/\/twitter.com\/grandepremioES\" target=\"_blank\" rel=\"noreferrer noopener\">Twitter\u00a0<\/a>e\u00a0<a href=\"https:\/\/www.instagram.com\/grandepremioes\/\" target=\"_blank\" rel=\"noreferrer noopener\">Instagram!<\/a><\/em><\/strong><br><strong>\u23e9<\/strong>\u00a0<strong><em>Adem\u00e1s, tenemos nuestro\u00a0<a href=\"https:\/\/whatsapp.com\/channel\/0029VaDZ5zb0gcfDxuwxBM05\" target=\"_blank\" rel=\"noreferrer noopener\">canal de Whatsapp<\/a>\u00a0con toda la informaci\u00f3n al instante<\/em><\/strong>\u00a0<\/p>\n\n\n\n<p class=\"wp-block-paragraph\"><strong>Rovanper\u00e4<\/strong> conquist\u00f3 su segundo t\u00edtulo consecutivo tras superar a su compa\u00f1ero de <strong>Toyota Elfyn Evans<\/strong>. A pesar del triunfo y de a\u00fan ser joven, el finland\u00e9s decidi\u00f3 competir en el <strong>Mundial de Rally <\/strong>de forma parcial en 2024, ya que hab\u00eda enfrentado dos temporadas \u201cintensas\u201d. <\/p>\n\n\n\n<p class=\"wp-block-paragraph\">El descanso sin embargo, no significa quedarse quieto. Rovanper\u00e4 se prepara actualmente para competir en otras categor\u00edas. En febrero de este a\u00f1o, anunci\u00f3 que disputar\u00e1 cuatro de las seis etapas de la <strong>Porsche Carrera Cup Benelux<\/strong>. El debut tendr\u00e1 lugar en la segunda carrera de la temporada, que se celebra en <strong>Zandvoort<\/strong>, Pa\u00edses Bajos, entre los d\u00edas 7 y 9 de junio.<\/p>\n\n\n\n<figure class=\"wp-block-image size-full is-resized\"><img decoding=\"async\" src=\"https:\/\/grandepremio.com\/es\/wp-content\/uploads\/2024\/06\/image-10.png\" alt=\"\" class=\"wp-image-242753\" style=\"aspect-ratio:1.5;width:840px;height:auto\"\/><figcaption class=\"wp-element-caption\">Kalle Rovanper\u00e4 domin\u00f3 el Mundial de Rally en 2023 y busc\u00f3 nuevos desaf\u00edos en 2024 (Foto: FIA)<\/figcaption><\/figure>\n\n\n\n<p class=\"wp-block-paragraph\">Antes de adentrarse en un certamen completamente diferente al que est\u00e1 habituado, <strong>Rovanper\u00e4 realiz\u00f3 pruebas en Zolder<\/strong>, B\u00e9lgica, a principios de a\u00f1o. M\u00e1s recientemente, estuvo en Zandvoort para conducir el <strong>Porsche 911 GT3 Cup <\/strong>con el que competir\u00e1. <\/p>\n\n\n\n<p class=\"wp-block-paragraph\">\ud83d\udfe5&nbsp;<strong><em>\u00a1Todas las novedades te esperan en el canal de&nbsp;<a href=\"https:\/\/www.youtube.com\/@GrandePremioES\" target=\"_blank\" rel=\"noreferrer noopener\">YouTube<\/a>&nbsp;de Grande Pr\u00eamio en Espa\u00f1ol!<\/em><\/strong>&nbsp;\ud83d\udfe8<\/p>\n\n\n\n<p class=\"wp-block-paragraph\">A trav\u00e9s de su perfil en las redes sociales, <strong>el piloto de 23 a\u00f1os destac\u00f3 las actividades como \u201cdesafiantes\u201d y \u201cpositivas\u201d.<\/strong><\/p>\n\n\n\n<p class=\"wp-block-paragraph\"><strong>\u201cDos d\u00edas de pruebas hechos aqu\u00ed en Zandvoort. Fue un desaf\u00edo y muchas cosas nuevas que aprender, pero por eso vine aqu\u00ed. El ritmo fue muy bueno en comparaci\u00f3n con los chicos con quienes lucharemos este fin de semana. No va a ser f\u00e1cil, pero estoy ansioso por ver c\u00f3mo ser\u00e1<\/strong>\u201d, finaliz\u00f3 el bicampe\u00f3n del WRC.<\/p>\n\n\n\n<figure class=\"wp-block-embed is-type-video is-provider-youtube wp-block-embed-youtube wp-embed-aspect-16-9 wp-has-aspect-ratio\"><div class=\"wp-block-embed__wrapper\">\n<iframe loading=\"lazy\" title=\"DUCATI SE RINDE A LOS PIES DE M\u00c1RQUEZ Y LO FICHA PARA 2025\" width=\"500\" height=\"281\" src=\"https:\/\/www.youtube.com\/embed\/8r0kV80gafY?feature=oembed\" frameborder=\"0\" allow=\"accelerometer; autoplay; clipboard-write; encrypted-media; gyroscope; picture-in-picture; web-share\" referrerpolicy=\"strict-origin-when-cross-origin\" allowfullscreen><\/iframe>\n<\/div><\/figure>\n","protected":false},"excerpt":{"rendered":"<p>Sin competir todo el calendario de 2024 en WRC, Kalle Rovanper\u00e4 prepara su debut en circuitos cerrados y disputar\u00e1 la Porsche Carrera Cup Benelux.<\/p>\n","protected":false},"author":0,"featured_media":1010242754,"comment_status":"closed","ping_status":"closed","sticky":false,"template":"","format":"standard","meta":{"42wp_featured_image_caption":"","42wp_featured_image_credits":"","42wp_featured_video":"","42wp_featured_image_hidden":false,"42wp_authors_list":[],"footnotes":""},"categories":[9],"tags":[6855,2270,6635,3473,1226,8372],"42wp_author":[14235],"class_list":["post-13486","post","type-post","status-publish","format-standard","has-post-thumbnail","hentry","category-rally","tag-kalle-rovanpera-2","tag-kalle-rovanpera","tag-rally-mundial","tag-toyota-gazoo-racing","tag-wrc","tag-wrc-2024","42wp_author-barbara-mincioni"],"_links":{"self":[{"href":"https:\/\/grandepremio.com\/es\/wp-json\/wp\/v2\/posts\/13486","targetHints":{"allow":["GET"]}}],"collection":[{"href":"https:\/\/grandepremio.com\/es\/wp-json\/wp\/v2\/posts"}],"about":[{"href":"https:\/\/grandepremio.com\/es\/wp-json\/wp\/v2\/types\/post"}],"replies":[{"embeddable":true,"href":"https:\/\/grandepremio.com\/es\/wp-json\/wp\/v2\/comments?post=13486"}],"version-history":[{"count":0,"href":"https:\/\/grandepremio.com\/es\/wp-json\/wp\/v2\/posts\/13486\/revisions"}],"wp:featuredmedia":[{"embeddable":true,"href":"https:\/\/grandepremio.com\/es\/wp-json\/wp\/v2\/media\/1010242754"}],"wp:attachment":[{"href":"https:\/\/grandepremio.com\/es\/wp-json\/wp\/v2\/media?parent=13486"}],"wp:term":[{"taxonomy":"category","embeddable":true,"href":"https:\/\/grandepremio.com\/es\/wp-json\/wp\/v2\/categories?post=13486"},{"taxonomy":"post_tag","embeddable":true,"href":"https:\/\/grandepremio.com\/es\/wp-json\/wp\/v2\/tags?post=13486"},{"taxonomy":"42wp_author","embeddable":true,"href":"https:\/\/grandepremio.com\/es\/wp-json\/wp\/v2\/42wp_author?post=13486"}],"curies":[{"name":"wp","href":"https:\/\/api.w.org\/{rel}","templated":true}]}}