{"id":13492,"date":"2024-06-05T13:24:20","date_gmt":"2024-06-05T16:24:20","guid":{"rendered":"https:\/\/grandepremio.com\/es\/2024\/06\/05\/la-presion-marc-marquez-ducati-ficha-para-2025\/"},"modified":"2024-06-05T13:42:53","modified_gmt":"2024-06-05T16:42:53","slug":"la-presion-marc-marquez-ducati-ficha-para-2025","status":"publish","type":"post","link":"https:\/\/grandepremio.com\/es\/motogp\/la-presion-marc-marquez-ducati-ficha-para-2025\/","title":{"rendered":"La presi\u00f3n de Marc M\u00e1rquez funciona, Ducati se rinde a sus pies y lo ficha para 2025"},"content":{"rendered":"\n<p class=\"wp-block-paragraph\">Nadie duda de las capacidades conductivas de <strong>Marc M\u00e1rquez<\/strong>. Al fin y al cabo, fue seis veces campe\u00f3n del mundo de <strong>MotoGP<\/strong>, aunque las lesiones lo tuvieron a maltraer desde su \u00faltima corona, en 2019. La ca\u00edda en la primera carrera del 2020 lo cambi\u00f3 todo: lo que parec\u00eda una era dominante, pas\u00f3 a ser otra de un sufrimiento eterno con m\u00e1s golpes y m\u00e1s lesiones.<\/p>\n\n\n\n<p class=\"wp-block-paragraph\">Ya restablecido, Marc dio la sorpresa que pocos imaginaban, a pesar de las flojas prestaciones de la <strong>Honda <\/strong>en los \u00faltimos a\u00f1os: irse de la marca del ala a manejar una <strong>Ducati<\/strong> privada del equipo<strong> Gresini<\/strong>. Aunque alegr\u00f3 a todos verlo adelante en los test de postemporada en Valencia, \u00e9l siempre fue muy cauto en las expectativas.<\/p>\n\n\n\n<p class=\"wp-block-paragraph\">\u23e9&nbsp;<em><strong>\u00a1Seguinos en redes por&nbsp;<\/strong><\/em><a href=\"https:\/\/twitter.com\/grandepremioES\" target=\"_blank\" rel=\"noreferrer noopener\"><em>Twitter&nbsp;<\/em><\/a><em><strong>e&nbsp;<\/strong><\/em><a href=\"https:\/\/www.instagram.com\/grandepremioes\/\" target=\"_blank\" rel=\"noreferrer noopener\"><em>Instagram!<\/em><\/a><br><strong>\u23e9<\/strong>&nbsp;<em><strong>Adem\u00e1s, tenemos nuestro&nbsp;<\/strong><\/em><a href=\"https:\/\/whatsapp.com\/channel\/0029VaDZ5zb0gcfDxuwxBM05\" target=\"_blank\" rel=\"noreferrer noopener\"><em>canal de Whatsapp<\/em><\/a><em><strong>&nbsp;con toda la informaci\u00f3n al instante<\/strong><\/em>&nbsp;\ud83c\udfc1<\/p>\n\n\n\n<p class=\"wp-block-paragraph\">El #93 dijo ya desde la pretemporada que solo quer\u00eda volver a sentirse competitivo, que para eso cambi\u00f3 una moto oficial por una moto privada, resignando el sueldo que ganaba como piloto de la casa japonesa. Sin embargo, las remontadas consecutivas en los <strong>GP de Francia<\/strong> y de Catalu\u00f1a, lo pusieron a pelear por carreras habiendo largado fuera de los diez primeros. Y el discurso comenz\u00f3 a cambiar.<\/p>\n\n\n\n<figure class=\"wp-block-image size-full\"><img decoding=\"async\" src=\"https:\/\/grandepremio.com\/es\/wp-content\/uploads\/2024\/06\/marc-marquez-gresini-racing-2.jpg\" alt=\"\" class=\"wp-image-242720\"\/><figcaption class=\"wp-element-caption\">Marc M\u00e1rquez, con Gresini, volvi\u00f3 al podio en MotoGP. (Foto: Reproducci\u00f3n)<\/figcaption><\/figure>\n\n\n\n<p class=\"wp-block-paragraph\">Es que, a pesar de que tuvo varias ca\u00eddas, M\u00e1rquez logr\u00f3 tres podios con la <strong>Desmosedici GP 23<\/strong> y se encuentra, luego del cuarto puesto en Mugello, en el tercer puesto en el campeonato, con 136 puntos, a 35 unidades del puntero del torneo, <strong>Jorge Mart\u00edn<\/strong>.<\/p>\n\n\n\n<p class=\"wp-block-paragraph\">Antes del <strong>GP de Italia<\/strong>, se supo esta semana, que Ducati le hab\u00eda comunicado a Mart\u00edn que iba a ser ascendido desde <strong>Pramac<\/strong> al equipo oficial, en lugar de <strong>Enea Bastianini<\/strong>, con quien perdi\u00f3 la butaca hace dos a\u00f1os. Sin embargo, M\u00e1rquez ejerci\u00f3 una presi\u00f3n inesperada y dijo que no era una opci\u00f3n para \u00e9l competir en 2025 con la escuder\u00eda de <strong>Paolo Campinotti<\/strong>.<\/p>\n\n\n\n<p class=\"wp-block-paragraph\">Ducati se desesper\u00f3, cedi\u00f3 a la presi\u00f3n del piloto espa\u00f1ol, pens\u00f3 en el marketing, en la parte comercial y hasta deportiva, y los encantos de Marc alcanzaron para cumplir el objetivo que siempre tuvo en mente: el de volver a una moto oficial.<\/p>\n\n\n\n<figure class=\"wp-block-image size-full\"><img decoding=\"async\" src=\"https:\/\/grandepremio.com\/es\/wp-content\/uploads\/2024\/06\/17173433600356.jpg\" alt=\"\" class=\"wp-image-242721\"\/><figcaption class=\"wp-element-caption\">M\u00e1rquez y Bastianini, el espa\u00f1ol tomar\u00e1 la moto oficial que deja el italiano en 2025. (Foto: MotoGP)<\/figcaption><\/figure>\n\n\n\n<p class=\"wp-block-paragraph\">Mart\u00edn reaccion\u00f3 r\u00e1pido, dej\u00f3 al fabricante de<strong> Borgo Panigale<\/strong> sin mover su ficha antes, y se fue a<strong> Aprilia<\/strong> para correr con la moto de Noale desde 2025. Las piezas del rompecabezas del mercado de pases de pilotos y equipos deber\u00edan comenzar a caer con el anuncio oficial de M\u00e1rquez como compa\u00f1ero de equipo de <strong>Pecco Bagnaia<\/strong> desde el a\u00f1o que viene.<\/p>\n\n\n\n<p class=\"wp-block-paragraph\">Bastianini, que subi\u00f3 al podio en Mugello superando a Mart\u00edn y a M\u00e1rquez, se ir\u00eda a<strong> KTM<\/strong> para manejar la moto oficial en el equipo GasGas. Su manager, Carlo Pernat, ya lo desliz\u00f3 a la prensa. Ducati, entonces, qued\u00f3 sola con el anuncio en la mano del #93 para el a\u00f1o que viene.<\/p>\n\n\n\n<p class=\"wp-block-paragraph\">\ud83d\udfe5\u00a0<strong><em>\u00a1Todas las novedades te esperan en el canal de\u00a0<\/em><\/strong><a href=\"https:\/\/www.youtube.com\/@GrandePremioES\" target=\"_blank\" rel=\"noreferrer noopener\"><strong><em>YouTube<\/em><\/strong><\/a><strong><em>\u00a0de Grande Pr\u00eamio en Espa\u00f1ol!<\/em><\/strong>\u00a0\ud83d\udfe8<\/p>\n\n\n\n<p class=\"wp-block-paragraph\">A falta de saber que pasar\u00e1 con todos los dem\u00e1s pilotos que no tienen contrato para el a\u00f1o que viene, entre los que se destacan <strong>Joan Mir<\/strong> y <strong>Maverick Vi\u00f1ales<\/strong>, el que logr\u00f3 lo que quer\u00eda es Marc M\u00e1rquez. Solo \u00e9l pudo lograr cambiar la decisi\u00f3n de Ducati por todo lo que significa para el <strong>Mundial de Motociclismo<\/strong>.<\/p>\n\n\n\n<p class=\"wp-block-paragraph\">Su \u00edntimo deseo es el de volver a ganar y ser campe\u00f3n del mundo antes de un retiro por edad o rendimiento. Si lo alcanza, o no, lo dir\u00e1 \u00fanicamente el tiempo.<\/p>\n\n\n\n<figure class=\"wp-block-embed is-type-video is-provider-youtube wp-block-embed-youtube wp-embed-aspect-16-9 wp-has-aspect-ratio\"><div class=\"wp-block-embed__wrapper\">\n<iframe loading=\"lazy\" title=\"DUCATI SE RINDE A LOS PIES DE M\u00c1RQUEZ Y LO FICHA PARA 2025\" width=\"500\" height=\"281\" src=\"https:\/\/www.youtube.com\/embed\/8r0kV80gafY?feature=oembed\" frameborder=\"0\" allow=\"accelerometer; autoplay; clipboard-write; encrypted-media; gyroscope; picture-in-picture; web-share\" referrerpolicy=\"strict-origin-when-cross-origin\" allowfullscreen><\/iframe>\n<\/div><\/figure>\n","protected":false},"excerpt":{"rendered":"<p>Marc M\u00e1rquez siempre hab\u00eda declarado que solo quer\u00eda una moto competitiva, pero, tras seis Grandes Premios, declar\u00f3 en la previa de la carrera en Mugello que no le bastaba correr para el equipo Pramac y Ducati se apur\u00f3 para firmarlo para 2025, dejando a un lado a Jorge Mart\u00edn.<\/p>\n","protected":false},"author":0,"featured_media":1010242626,"comment_status":"closed","ping_status":"closed","sticky":false,"template":"","format":"standard","meta":{"42wp_featured_image_caption":"","42wp_featured_image_credits":"","42wp_featured_video":"","42wp_featured_image_hidden":false,"42wp_authors_list":[],"footnotes":""},"categories":[8],"tags":[1394,9602,5448,1340,2058,1428,673,2055,221,1521,1526,1381,1392,1391,1764,10390,2617,1363],"42wp_author":[14237],"class_list":["post-13492","post","type-post","status-publish","format-standard","has-post-thumbnail","hentry","category-motogp","tag-aprilia","tag-borgo-panigale","tag-desmosedici-gp23","tag-ducati","tag-enea-bastianini","tag-gp-de-francia","tag-gp-de-italia","tag-gresini","tag-honda","tag-joan-mir","tag-jorge-martin","tag-ktm","tag-marc-marquez-2","tag-maverick-vinales","tag-mundial-de-motociclismo","tag-paolo-campinotti","tag-pecco-bagnaia","tag-pramac","42wp_author-gabriel-garcia"],"_links":{"self":[{"href":"https:\/\/grandepremio.com\/es\/wp-json\/wp\/v2\/posts\/13492","targetHints":{"allow":["GET"]}}],"collection":[{"href":"https:\/\/grandepremio.com\/es\/wp-json\/wp\/v2\/posts"}],"about":[{"href":"https:\/\/grandepremio.com\/es\/wp-json\/wp\/v2\/types\/post"}],"replies":[{"embeddable":true,"href":"https:\/\/grandepremio.com\/es\/wp-json\/wp\/v2\/comments?post=13492"}],"version-history":[{"count":0,"href":"https:\/\/grandepremio.com\/es\/wp-json\/wp\/v2\/posts\/13492\/revisions"}],"wp:featuredmedia":[{"embeddable":true,"href":"https:\/\/grandepremio.com\/es\/wp-json\/wp\/v2\/media\/1010242626"}],"wp:attachment":[{"href":"https:\/\/grandepremio.com\/es\/wp-json\/wp\/v2\/media?parent=13492"}],"wp:term":[{"taxonomy":"category","embeddable":true,"href":"https:\/\/grandepremio.com\/es\/wp-json\/wp\/v2\/categories?post=13492"},{"taxonomy":"post_tag","embeddable":true,"href":"https:\/\/grandepremio.com\/es\/wp-json\/wp\/v2\/tags?post=13492"},{"taxonomy":"42wp_author","embeddable":true,"href":"https:\/\/grandepremio.com\/es\/wp-json\/wp\/v2\/42wp_author?post=13492"}],"curies":[{"name":"wp","href":"https:\/\/api.w.org\/{rel}","templated":true}]}}