{"id":13521,"date":"2024-06-03T13:37:34","date_gmt":"2024-06-03T16:37:34","guid":{"rendered":"https:\/\/grandepremio.com\/es\/2024\/06\/03\/aprilia-confirma-martin-reemplazo-aleix-espargaro-2025\/"},"modified":"2024-06-03T13:53:10","modified_gmt":"2024-06-03T16:53:10","slug":"aprilia-confirma-martin-reemplazo-aleix-espargaro-2025","status":"publish","type":"post","link":"https:\/\/grandepremio.com\/es\/motogp\/aprilia-confirma-martin-reemplazo-aleix-espargaro-2025\/","title":{"rendered":"Aprilia confirma a Mart\u00edn como reemplazo de Aleix Espargar\u00f3 desde la temporada 2025"},"content":{"rendered":"\n<p class=\"wp-block-paragraph\"><strong>Jorge Mart\u00edn<\/strong> se cans\u00f3 de las idas y vueltas de <strong>Ducati<\/strong> y ha movido la ficha de la oferta en la mesa que ten\u00eda de<strong> Aprilia <\/strong>y cambiar\u00e1 de fabricante italiano para la pr\u00f3xima temporada del <strong>Mundial de Motociclismo<\/strong>, dejando la v\u00eda libre a <strong>Marc M\u00e1rquez<\/strong> de ser anunciado como el segundo piloto de la compa\u00f1\u00eda de Bologna.<\/p>\n\n\n\n<p class=\"wp-block-paragraph\">\ud83d\udfe5&nbsp;<strong><em>\u00a1Todas las novedades te esperan en el canal de&nbsp;<a href=\"https:\/\/www.youtube.com\/@GrandePremioES\" target=\"_blank\" rel=\"noreferrer noopener\">YouTube<\/a>&nbsp;de Grande Pr\u00eamio en Espa\u00f1ol!<\/em><\/strong>&nbsp;\ud83d\udfe8<\/p>\n\n\n\n<p class=\"wp-block-paragraph\">Se cree que Aprilia le ha hecho una oferta econ\u00f3mica muy importante a Mart\u00edn para fichar al puntero del campeonato de <strong>MotoGP<\/strong>, para continuar con el desarrollo de una moto que ha sido capaz de obtener podios y victorias en los \u00faltimos a\u00f1os, de la mano de <strong>Aleix Espargar\u00f3<\/strong> y <strong>Maverick Vi\u00f1ales<\/strong>, que aun no ha renovado contrato con la casa de Noale.<\/p>\n\n\n\n<p class=\"wp-block-paragraph\">Ya con este anuncio, se aguarda por la confirmaci\u00f3n oficial de M\u00e1rquez como compa\u00f1ero de<strong> Francesco Bagnaia<\/strong> desde el a\u00f1o que viene. Mientras que Mart\u00edn firm\u00f3 dos a\u00f1os con Aprilia, <strong>Enea Bastianini<\/strong> ha quedado sin moto para 2025, aunque s\u00ed que tiene varios ofrecimientos. <\/p>\n\n\n\n<figure class=\"wp-block-image size-large is-resized\"><img decoding=\"async\" src=\"https:\/\/grandepremio.com\/cdn-cgi\/image\/width=893,height=558,fit=contain,gravity=0.5x0.5,quality=75,format=webp\/es\/wp-content\/uploads\/2024\/06\/ApriliaRacing_JorgeMartin-1200x900-1-1024x768.jpeg\" alt=\"\" class=\"wp-image-242503\" style=\"aspect-ratio:1.3333333333333333;width:843px;height:auto\"\/><figcaption class=\"wp-element-caption\">Massimo Rivola y Jorge Mart\u00edn firmando el contrato. (Foto: Reproducci\u00f3n)<\/figcaption><\/figure>\n\n\n\n<p class=\"wp-block-paragraph\">Massimo Rivola, el CEO de Aprilia, coment\u00f3 lo siguiente: <strong>&#8220;S\u00f3lo pod\u00eda ser Jorge Mart\u00edn el piloto ideal para garantizar la continuidad tras el anuncio de retirada de Aleix Espargar\u00f3, que siempre ha sido amigo y mentor de Mart\u00edn. Mart\u00edn ha firmado un contrato multianual con Aprilia Racing a partir de 2025, y el equipo y todo el Grupo Piaggio dan la bienvenida al piloto que mejor representa su deseo de establecerse en lo m\u00e1s alto de MotoGP&#8221;.<\/strong><\/p>\n\n\n\n<p class=\"wp-block-paragraph\"><strong>&#8220;Un camino de crecimiento imparable, Jorge es un bloque de construcci\u00f3n para alcanzar el objetivo que todos estamos buscando con gran hambre en Aprilia Racing. Gracias al Dr. Michele Colaninno por esta oportunidad, hablamos anoche y sin perder tiempo nos decidimos&#8221;<\/strong>, concluy\u00f3 el directivo.<\/p>\n\n\n\n<p class=\"wp-block-paragraph\">Hay que recordar que la casa de Borgo Panigale hab\u00eda dicho a Jorge que era el piloto antes de Mugello, pero todo cambi\u00f3 el jueves pasado, cuando Marc reconoci\u00f3 que no quer\u00eda ir a <strong>Pramac<\/strong>. Esto promovi\u00f3 el tremendo movimiento de los italianos por el #93, dejando al madrile\u00f1o sin la moto oficial que hab\u00eda pedido.<\/p>\n\n\n\n<p class=\"wp-block-paragraph\">\u23e9&nbsp;<em><strong>\u00a1Seguinos en redes por&nbsp;<a href=\"https:\/\/twitter.com\/grandepremioES\" target=\"_blank\" rel=\"noreferrer noopener\">Twitter&nbsp;<\/a>e&nbsp;<a href=\"https:\/\/www.instagram.com\/grandepremioes\/\" target=\"_blank\" rel=\"noreferrer noopener\">Instagram!<\/a><\/strong><\/em><br><strong>\u23e9<\/strong>&nbsp;<em><strong>Adem\u00e1s, tenemos nuestro&nbsp;<a href=\"https:\/\/whatsapp.com\/channel\/0029VaDZ5zb0gcfDxuwxBM05\" target=\"_blank\" rel=\"noreferrer noopener\">canal de Whatsapp<\/a>&nbsp;con toda la informaci\u00f3n al instante<\/strong><\/em>&nbsp;\ud83c\udfc1<\/p>\n\n\n\n<p class=\"wp-block-paragraph\"><strong>MotoGP<\/strong> vuelve a la actividad entre el 28 y el 30 de junio con motivo del GP de Holanda en Assen, octava prueba de la temporada 2024. GRANDE PR\u00caMIO ofrece una cobertura completa del evento.<\/p>\n","protected":false},"excerpt":{"rendered":"<p>Tras la decisi\u00f3n de Ducati de priorizar a Marc M\u00e1rquez, Aprilia anunci\u00f3 a Jorge Mart\u00edn como el piloto que tomar\u00e1 el lugar de Aleix Espargar\u00f3 desde el a\u00f1o venidero.<\/p>\n","protected":false},"author":0,"featured_media":1010242498,"comment_status":"closed","ping_status":"closed","sticky":false,"template":"","format":"standard","meta":{"42wp_featured_image_caption":"","42wp_featured_image_credits":"","42wp_featured_video":"","42wp_featured_image_hidden":false,"42wp_authors_list":[],"footnotes":""},"categories":[8],"tags":[1377,1394,1340,2058,1376,1526,1392,1391,2254,1764,1363],"42wp_author":[14237],"class_list":["post-13521","post","type-post","status-publish","format-standard","has-post-thumbnail","hentry","category-motogp","tag-aleix-espargaro","tag-aprilia","tag-ducati","tag-enea-bastianini","tag-francesco-bagnaia","tag-jorge-martin","tag-marc-marquez-2","tag-maverick-vinales","tag-motogp-2024","tag-mundial-de-motociclismo","tag-pramac","42wp_author-gabriel-garcia"],"_links":{"self":[{"href":"https:\/\/grandepremio.com\/es\/wp-json\/wp\/v2\/posts\/13521","targetHints":{"allow":["GET"]}}],"collection":[{"href":"https:\/\/grandepremio.com\/es\/wp-json\/wp\/v2\/posts"}],"about":[{"href":"https:\/\/grandepremio.com\/es\/wp-json\/wp\/v2\/types\/post"}],"replies":[{"embeddable":true,"href":"https:\/\/grandepremio.com\/es\/wp-json\/wp\/v2\/comments?post=13521"}],"version-history":[{"count":0,"href":"https:\/\/grandepremio.com\/es\/wp-json\/wp\/v2\/posts\/13521\/revisions"}],"wp:featuredmedia":[{"embeddable":true,"href":"https:\/\/grandepremio.com\/es\/wp-json\/wp\/v2\/media\/1010242498"}],"wp:attachment":[{"href":"https:\/\/grandepremio.com\/es\/wp-json\/wp\/v2\/media?parent=13521"}],"wp:term":[{"taxonomy":"category","embeddable":true,"href":"https:\/\/grandepremio.com\/es\/wp-json\/wp\/v2\/categories?post=13521"},{"taxonomy":"post_tag","embeddable":true,"href":"https:\/\/grandepremio.com\/es\/wp-json\/wp\/v2\/tags?post=13521"},{"taxonomy":"42wp_author","embeddable":true,"href":"https:\/\/grandepremio.com\/es\/wp-json\/wp\/v2\/42wp_author?post=13521"}],"curies":[{"name":"wp","href":"https:\/\/api.w.org\/{rel}","templated":true}]}}