{"id":13582,"date":"2024-05-29T16:13:30","date_gmt":"2024-05-29T19:13:30","guid":{"rendered":"https:\/\/grandepremio.com\/es\/2024\/05\/29\/haas-lamenta-accidente-doble-en-monaco-y-cambia-de-enfoque-para-el-gp-de-canada\/"},"modified":"2024-05-29T16:13:38","modified_gmt":"2024-05-29T19:13:38","slug":"haas-lamenta-accidente-doble-en-monaco-y-cambia-de-enfoque-para-el-gp-de-canada","status":"publish","type":"post","link":"https:\/\/grandepremio.com\/es\/f1\/haas-lamenta-accidente-doble-en-monaco-y-cambia-de-enfoque-para-el-gp-de-canada\/","title":{"rendered":"Haas lamenta accidente doble en M\u00f3naco y cambia de enfoque para el GP de Canad\u00e1"},"content":{"rendered":"\n<figure class=\"wp-block-embed is-type-video is-provider-youtube wp-block-embed-youtube wp-embed-aspect-16-9 wp-has-aspect-ratio\"><div class=\"wp-block-embed__wrapper\">\n<iframe loading=\"lazy\" title=\"CANAPINO Y O&amp;apos;WARD EN LAS PUERTAS DE LA GLORIA EN LAS INDY 500\" width=\"500\" height=\"281\" src=\"https:\/\/www.youtube.com\/embed\/h3Np7ulbSFc?start=1&amp;feature=oembed\" frameborder=\"0\" allow=\"accelerometer; autoplay; clipboard-write; encrypted-media; gyroscope; picture-in-picture; web-share\" referrerpolicy=\"strict-origin-when-cross-origin\" allowfullscreen><\/iframe>\n<\/div><\/figure>\n\n\n\n<p class=\"wp-block-paragraph\">El domingo del<strong> GP en M\u00f3naco <\/strong>para <strong>Haas <\/strong>fue una jornada para el olvido. Las posibilidades del equipo estadounidense de buscar puntos en <strong>Monte Carlo <\/strong>terminaron en la primera vuelta despu\u00e9s de un accidente en <strong>Sainte-D\u00e9vote<\/strong>.<\/p>\n\n\n\n<p class=\"wp-block-paragraph\">\u23e9&nbsp;<strong><em>\u00a1Seguinos en redes por&nbsp;<a href=\"https:\/\/twitter.com\/grandepremioES\" target=\"_blank\" rel=\"noreferrer noopener\">Twitter&nbsp;<\/a>e&nbsp;<a href=\"https:\/\/www.instagram.com\/grandepremioes\/\" target=\"_blank\" rel=\"noreferrer noopener\">Instagram!<\/a><\/em><\/strong><br><strong>\u23e9<\/strong>&nbsp;<strong><em>Adem\u00e1s, tenemos nuestro&nbsp;<a href=\"https:\/\/whatsapp.com\/channel\/0029VaDZ5zb0gcfDxuwxBM05\" target=\"_blank\" rel=\"noreferrer noopener\">canal de Whatsapp<\/a>&nbsp;con toda la informaci\u00f3n al instante<\/em><\/strong>&nbsp;\ud83c\udfc1<\/p>\n\n\n\n<p class=\"wp-block-paragraph\"><strong>Sergio P\u00e9rez<\/strong>, de <strong>Red Bull<\/strong>, y <strong>Kevin Magnussen<\/strong>, piloto de <strong>Haas<\/strong>, protagonizaron un accidente durante la primera vuelta de la prueba. Justo despu\u00e9s de la salida, el mexicano fue golpeado por el dan\u00e9s en una pelea por el puesto 18. Con el choque, el #11 perdi\u00f3 el control del auto y se estrell\u00f3 contra el muro.<\/p>\n\n\n\n<p class=\"wp-block-paragraph\">Adem\u00e1s de que el <strong>RB20<\/strong> de P\u00e9rez qued\u00f3 completamente destruido, el auto del mexicano volvi\u00f3 a pista y golpe\u00f3 a <strong>Nico H\u00fclkenberg<\/strong>, quien hasta entonces no ten\u00eda nada que ver con el incidente.<\/p>\n\n\n\n<figure class=\"wp-block-video\"><video class=\"video-js vjs-big-play-centered\" data-gp-vjs=\"1\" controls src=\"https:\/\/grandepremio.com\/es\/wp-content\/uploads\/2024\/05\/f1-monaco-perez.mp4\"><\/video><figcaption class=\"wp-element-caption\">Accidente en la primera vuelta caus\u00f3 la activaci\u00f3n de la bandera roja (V\u00eddeo: Reproducci\u00f3n\/F1)<\/figcaption><\/figure>\n\n\n\n<p class=\"wp-block-paragraph\">Al salir con las manos vac\u00edas de <strong>M\u00f3naco<\/strong>, Haas se lament\u00f3. Pero ya han cambiado el enfoque y se quieren recuperar para Canad\u00e1. \u201c<strong>Partiendo desde el 19\u00ba y 20\u00ba lugar, ten\u00edamos un plan de estrategia alternativo para intentar sacar algo de esto, pero desafortunadamente nuestra carrera termin\u00f3 en la primera vuelta\u201d<\/strong>, afirm\u00f3 el jefe del equipo, <strong>Ayao Komatsu<\/strong>.<\/p>\n\n\n\n<p class=\"wp-block-paragraph\">\ud83d\udfe5&nbsp;<strong><em>\u00a1Todas las novedades te esperan en el canal de&nbsp;<a href=\"https:\/\/www.youtube.com\/@GrandePremioES\" target=\"_blank\" rel=\"noreferrer noopener\">YouTube<\/a>&nbsp;de Grande Pr\u00eamio en Espa\u00f1ol!<\/em><\/strong>&nbsp;\ud83d\udfe8<\/p>\n\n\n\n<p class=\"wp-block-paragraph\"><strong>\u201cFue un d\u00eda para olvidar y s\u00f3lo necesitamos aprender de este fin de semana, seguir adelante y obtener un buen resultado en Canad\u00e1\u201d,<\/strong> sentenci\u00f3 el ingeniero.<\/p>\n\n\n\n<p class=\"wp-block-paragraph\">La<strong> F\u00f3rmula 1<\/strong> regresa del 7 al 9 de junio con el <strong>GP de Canad\u00e1<\/strong>, novena etapa de la temporada 2024.<\/p>\n\n\n\n<figure class=\"wp-block-embed is-type-video is-provider-youtube wp-block-embed-youtube wp-embed-aspect-16-9 wp-has-aspect-ratio\"><div class=\"wp-block-embed__wrapper\">\n<iframe loading=\"lazy\" title=\"ANDRETTI CONTRAATACA A LA F1 Y DA GOLPE BUSCANDO SU INGRESO\" width=\"500\" height=\"281\" src=\"https:\/\/www.youtube.com\/embed\/LvRAkordeVM?start=8&amp;feature=oembed\" frameborder=\"0\" allow=\"accelerometer; autoplay; clipboard-write; encrypted-media; gyroscope; picture-in-picture; web-share\" referrerpolicy=\"strict-origin-when-cross-origin\" allowfullscreen><\/iframe>\n<\/div><\/figure>\n","protected":false},"excerpt":{"rendered":"<p>El equipo estadounidense quiere volver a puntuar en Canad\u00e1, despu\u00e9s de salir con las manos vac\u00edas de M\u00f3naco y con da\u00f1os en ambos coches<\/p>\n","protected":false},"author":0,"featured_media":1000819368,"comment_status":"closed","ping_status":"closed","sticky":false,"template":"","format":"standard","meta":{"42wp_featured_image_caption":"","42wp_featured_image_credits":"","42wp_featured_video":"","42wp_featured_image_hidden":false,"42wp_authors_list":[],"footnotes":""},"categories":[5],"tags":[181,2249,179,1488,414,1202],"42wp_author":[14235],"class_list":["post-13582","post","type-post","status-publish","format-standard","has-post-thumbnail","hentry","category-f1","tag-f1","tag-f1-2024","tag-formula-1","tag-grande-premio","tag-haas","tag-haas-f1-team","42wp_author-barbara-mincioni"],"_links":{"self":[{"href":"https:\/\/grandepremio.com\/es\/wp-json\/wp\/v2\/posts\/13582","targetHints":{"allow":["GET"]}}],"collection":[{"href":"https:\/\/grandepremio.com\/es\/wp-json\/wp\/v2\/posts"}],"about":[{"href":"https:\/\/grandepremio.com\/es\/wp-json\/wp\/v2\/types\/post"}],"replies":[{"embeddable":true,"href":"https:\/\/grandepremio.com\/es\/wp-json\/wp\/v2\/comments?post=13582"}],"version-history":[{"count":0,"href":"https:\/\/grandepremio.com\/es\/wp-json\/wp\/v2\/posts\/13582\/revisions"}],"wp:featuredmedia":[{"embeddable":true,"href":"https:\/\/grandepremio.com\/es\/wp-json\/wp\/v2\/media\/1000819368"}],"wp:attachment":[{"href":"https:\/\/grandepremio.com\/es\/wp-json\/wp\/v2\/media?parent=13582"}],"wp:term":[{"taxonomy":"category","embeddable":true,"href":"https:\/\/grandepremio.com\/es\/wp-json\/wp\/v2\/categories?post=13582"},{"taxonomy":"post_tag","embeddable":true,"href":"https:\/\/grandepremio.com\/es\/wp-json\/wp\/v2\/tags?post=13582"},{"taxonomy":"42wp_author","embeddable":true,"href":"https:\/\/grandepremio.com\/es\/wp-json\/wp\/v2\/42wp_author?post=13582"}],"curies":[{"name":"wp","href":"https:\/\/api.w.org\/{rel}","templated":true}]}}