{"id":13655,"date":"2024-05-25T15:26:29","date_gmt":"2024-05-25T18:26:29","guid":{"rendered":"https:\/\/grandepremio.com\/es\/2024\/05\/25\/sergio-perez-clasificacion-monaco-formula-1-2024\/"},"modified":"2024-05-25T15:26:35","modified_gmt":"2024-05-25T18:26:35","slug":"sergio-perez-clasificacion-monaco-formula-1-2024","status":"publish","type":"post","link":"https:\/\/grandepremio.com\/es\/f1\/sergio-perez-clasificacion-monaco-formula-1-2024\/","title":{"rendered":"P\u00e9rez culpa al tr\u00e1fico por eliminaci\u00f3n en Q1 de  quali de M\u00f3naco: &#8220;Un completo desastre&#8221;"},"content":{"rendered":"\n<p class=\"wp-block-paragraph\">Fue en las calles de Montecarlo<strong> <\/strong>donde el a\u00f1o pasado<strong> Sergio P\u00e9rez<\/strong> empez\u00f3 a desmoronarse en su rendimiento, y esta vez el mexicano volvi\u00f3 a quedarse fuera <a href=\"https:\/\/grandepremio.com\/es\/f1\/charles-leclerc-pole-monaco-formula-1-2024\/\">de la Q1 de clasificaci\u00f3n del <strong>GP de M\u00f3naco. <\/strong><\/a>Pero si en 2023 la culpa fue de un fuerte accidente en la curva de Sainte D\u00e9vote, esta vez fue el tr\u00e1fico el que se interpuso y &#8220;acab\u00f3 con el fin de semana&#8221; para el piloto de<strong> Red Bull.<\/strong><\/p>\n\n\n\n<p class=\"wp-block-paragraph\">P\u00e9rez s\u00f3lo fue 18\u00ba, por delante de los<strong> Sauber<\/strong> -incluso <strong>Logan Sargeant,<\/strong> con su <strong>Williams<\/strong>, logr\u00f3 una vuelta mejor que el #11-. Y de esta manera, por segunda vez consecutiva en esta temporada Checo no pudo acceder a la Q3.<\/p>\n\n\n\n<p class=\"wp-block-paragraph\">&#8220;Fue un desastre porque, en primer lugar, en mi vuelta, me top\u00e9 con mucho tr\u00e1fico en la curva 6, la curva 7, y todav\u00eda hab\u00eda suciedad en el v\u00e9rtice de la curva 8. As\u00ed que tuve que evitar todo eso y termin\u00e9 perdiendo unas d\u00e9cimas que habr\u00edan sido suficientes para pasar&#8221;, manifest\u00f3 P\u00e9rez a Sky Sports.<\/p>\n\n\n\n<p class=\"wp-block-paragraph\">&#8220;Estaba a 0s5 del primero, as\u00ed que fue un completo desastre&#8221;, lament\u00f3. &#8220;Desafortunadamente, el fin de semana est\u00e1 completamente acabado, ya que no hay oportunidades de adelantamiento aqu\u00ed&#8221;, a\u00f1adi\u00f3 el piloto de Guadalajara.<\/p>\n\n\n\n<p class=\"wp-block-paragraph\"><strong><em>\u00a1Todas las novedades te esperan en el canal de\u00a0<a href=\"https:\/\/www.youtube.com\/@GrandePremioES\" target=\"_blank\" rel=\"noreferrer noopener\">YouTube<\/a>\u00a0de Grande Pr\u00eamio en Espa\u00f1ol!<\/em><\/strong><\/p>\n\n\n\n<figure class=\"wp-block-image size-large\"><img decoding=\"async\" src=\"https:\/\/grandepremio.com\/cdn-cgi\/image\/width=893,height=558,fit=contain,gravity=0.5x0.5,quality=75,format=webp\/es\/wp-content\/uploads\/2024\/05\/SI202405250590_hires_jpeg_24bit_rgb-1024x683.jpg\" alt=\"\" class=\"wp-image-241624\"\/><figcaption class=\"wp-element-caption\">Sergio P\u00e9rez deber\u00e1 remontar desde el puesto 18\u00b0 en el GP de M\u00f3naco. (Foto: Getty Images \/ Red Bull Content Pool)<\/figcaption><\/figure>\n\n\n\n<p class=\"wp-block-paragraph\"><strong><em>\u00a1Seguinos en redes por\u00a0<a href=\"https:\/\/twitter.com\/grandepremioES\" target=\"_blank\" rel=\"noreferrer noopener\">Twitter\u00a0<\/a>e\u00a0<a href=\"https:\/\/www.instagram.com\/grandepremioes\/\" target=\"_blank\" rel=\"noreferrer noopener\">Instagram!<\/a><\/em><\/strong><br><strong><em>Adem\u00e1s, tenemos nuestro\u00a0<a href=\"https:\/\/whatsapp.com\/channel\/0029VaDZ5zb0gcfDxuwxBM05\" target=\"_blank\" rel=\"noreferrer noopener\">canal de Whatsapp<\/a>\u00a0con toda la informaci\u00f3n al instante<\/em><\/strong><\/p>\n\n\n\n<p class=\"wp-block-paragraph\">&#8220;Por la ma\u00f1ana [<a href=\"https:\/\/grandepremio.com\/es\/f1\/charles-leclerc-tercer-entrenamiento-monaco-formula-1-2024\/\">en la FP3<\/a>], est\u00e1bamos encontrando una luz. Estaba quinto, e hicimos algunos cambios m\u00e1s, pero por desgracia no fueron suficientes para avanzar. Me duele mucho. Creo que simplemente con una vuelta normal era suficiente. Pero con el tr\u00e1fico que nos encontramos, fue realmente dif\u00edcil&#8221;, concluy\u00f3 Checo, que tendr\u00e1 por delante una de las misiones m\u00e1s dif\u00edciles en su intento de alcanzar la zona de puntos.<\/p>\n\n\n\n<p class=\"wp-block-paragraph\">A la par del flojo rendimiento de P\u00e9rez, la clasificaci\u00f3n de M\u00f3naco fue olvidable para Red Bull, que s\u00f3lo pudo ser sexto con <strong>Max Verstappen. Charles Leclerc <\/strong>partir\u00e1 desde la pole, con <strong>Oscar Piastri<\/strong> y <strong>Carlos Sainz<\/strong> en el top-3.<\/p>\n\n\n\n<p class=\"wp-block-paragraph\"><strong>GRANDE PR\u00caMIO en Espa\u00f1ol sigue en DIRECTO y EN TIEMPO REAL toda la actividad del Gran Premio de M\u00f3naco de F\u00f3rmula 1.<\/strong><\/p>\n","protected":false},"excerpt":{"rendered":"<p>Eliminado en la Q1 y 18\u00b0 ubicado en la grilla del GP de M\u00f3naco, Sergio P\u00e9rez lament\u00f3 el excesivo tr\u00e1fico en el circuito de Montecarlo y el flojo ritmo del RB20.<\/p>\n","protected":false},"author":0,"featured_media":1010241621,"comment_status":"closed","ping_status":"closed","sticky":false,"template":"","format":"standard","meta":{"42wp_featured_image_caption":"","42wp_featured_image_credits":"","42wp_featured_video":"","42wp_featured_image_hidden":false,"42wp_authors_list":[],"footnotes":""},"categories":[5],"tags":[181,2249,179,2259,1325,249,206,294,8105],"42wp_author":[14223],"class_list":["post-13655","post","type-post","status-publish","format-standard","has-post-thumbnail","hentry","category-f1","tag-f1","tag-f1-2024","tag-formula-1","tag-formula-1-2024","tag-gp-de-monaco","tag-max-verstappen","tag-red-bull","tag-sergio-perez","tag-sergio-perez-red-bull","42wp_author-esteban-nieto"],"_links":{"self":[{"href":"https:\/\/grandepremio.com\/es\/wp-json\/wp\/v2\/posts\/13655","targetHints":{"allow":["GET"]}}],"collection":[{"href":"https:\/\/grandepremio.com\/es\/wp-json\/wp\/v2\/posts"}],"about":[{"href":"https:\/\/grandepremio.com\/es\/wp-json\/wp\/v2\/types\/post"}],"replies":[{"embeddable":true,"href":"https:\/\/grandepremio.com\/es\/wp-json\/wp\/v2\/comments?post=13655"}],"version-history":[{"count":0,"href":"https:\/\/grandepremio.com\/es\/wp-json\/wp\/v2\/posts\/13655\/revisions"}],"wp:featuredmedia":[{"embeddable":true,"href":"https:\/\/grandepremio.com\/es\/wp-json\/wp\/v2\/media\/1010241621"}],"wp:attachment":[{"href":"https:\/\/grandepremio.com\/es\/wp-json\/wp\/v2\/media?parent=13655"}],"wp:term":[{"taxonomy":"category","embeddable":true,"href":"https:\/\/grandepremio.com\/es\/wp-json\/wp\/v2\/categories?post=13655"},{"taxonomy":"post_tag","embeddable":true,"href":"https:\/\/grandepremio.com\/es\/wp-json\/wp\/v2\/tags?post=13655"},{"taxonomy":"42wp_author","embeddable":true,"href":"https:\/\/grandepremio.com\/es\/wp-json\/wp\/v2\/42wp_author?post=13655"}],"curies":[{"name":"wp","href":"https:\/\/api.w.org\/{rel}","templated":true}]}}