{"id":13732,"date":"2024-05-22T10:25:36","date_gmt":"2024-05-22T13:25:36","guid":{"rendered":"https:\/\/grandepremio.com\/es\/2024\/05\/22\/alpine-bruno-famin-gp-emilia-romana-ocon-gasly-f1-2024\/"},"modified":"2024-05-22T10:25:45","modified_gmt":"2024-05-22T13:25:45","slug":"alpine-bruno-famin-gp-emilia-romana-ocon-gasly-f1-2024","status":"publish","type":"post","link":"https:\/\/grandepremio.com\/es\/f1\/alpine-bruno-famin-gp-emilia-romana-ocon-gasly-f1-2024\/","title":{"rendered":"Alpine reconoce una &#8220;carrera dif\u00edcil&#8221; en Imola: &#8220;Falt\u00f3 ritmo y la estrategia no funcion\u00f3&#8221;"},"content":{"rendered":"\n<p class=\"wp-block-paragraph\"><strong>Alpine <\/strong>atribuy\u00f3 su pobre actuaci\u00f3n en el <strong>Gran Premio de Emilia-Roma\u00f1a<\/strong> a la falta de ritmo de carrera y a una estrategia que no funcion\u00f3. El equipo franc\u00e9s lleg\u00f3 a <strong>Italia <\/strong>esperanzado tras puntuar en <strong>Miami<\/strong>, pero se encontr\u00f3 con un coche lento en las rectas e ineficaz en las bajadas de la pista. \u00bfEl resultado? Otro fin de semana sin puntos en el Campeonato del Mundo de F\u00f3rmula 1.<\/p>\n\n\n\n<p class=\"wp-block-paragraph\">\ud83d\udfe5&nbsp;<strong><em>\u00a1Todas las novedades te esperan en el canal de&nbsp;<a href=\"https:\/\/www.youtube.com\/@GrandePremioES\" target=\"_blank\" rel=\"noreferrer noopener\">YouTube<\/a>&nbsp;de Grande Pr\u00eamio en Espa\u00f1ol!<\/em><\/strong>&nbsp;\ud83d\udfe8<\/p>\n\n\n\n<p class=\"wp-block-paragraph\">&#8220;Ha sido una carrera dif\u00edcil para el equipo. Nos falt\u00f3 ritmo y la estrategia alternativa que probamos con <strong>Pierre <\/strong>[<strong>Gasly<\/strong>] no funcion\u00f3, ya que no hubo incidentes en la pista&#8221;, explic\u00f3 <strong>Bruno Famin<\/strong>, jefe del equipo de Enstone.<\/p>\n\n\n\n<p class=\"wp-block-paragraph\">&#8220;Los l\u00edderes eran muy r\u00e1pidos y nos sorprendieron r\u00e1pidamente con banderas azules, lo que nos cost\u00f3 m\u00e1s tiempo. Tenemos que centrarnos en nuestro propio rendimiento y analizar los datos para entender nuestro problema de ritmo de carrera. S\u00f3lo podemos controlar lo que tenemos en nuestras manos&#8221;, a\u00f1adi\u00f3.<\/p>\n\n\n\n<p class=\"wp-block-paragraph\">\u23e9\u00a0<strong><em>\u00a1Seguinos en redes por\u00a0<a href=\"https:\/\/twitter.com\/grandepremioES\" target=\"_blank\" rel=\"noreferrer noopener\">Twitter\u00a0<\/a>e\u00a0<a href=\"https:\/\/www.instagram.com\/grandepremioes\/\" target=\"_blank\" rel=\"noreferrer noopener\">Instagram!<\/a><\/em><\/strong><br><strong>\u23e9<\/strong>\u00a0<strong><em>Adem\u00e1s, tenemos nuestro\u00a0<a href=\"https:\/\/whatsapp.com\/channel\/0029VaDZ5zb0gcfDxuwxBM05\" target=\"_blank\" rel=\"noreferrer noopener\">canal de Whatsapp<\/a>\u00a0con toda la informaci\u00f3n al instante<\/em><\/strong>\u00a0\ud83c\udfc1<\/p>\n\n\n\n<figure class=\"wp-block-image size-large\"><img decoding=\"async\" src=\"https:\/\/grandepremio.com\/es\/wp-content\/uploads\/2024\/05\/emilia-romanha-2024-f1-treinos-livres-alpine-esteban-ocon-01-1-1200x800-1-1024x683.jpg\" alt=\"\" class=\"wp-image-241088\"\/><figcaption class=\"wp-element-caption\">Alpine se enfoca en el venidero GP de M\u00f3naco (Foto: Alpine)<\/figcaption><\/figure>\n\n\n\n<p class=\"wp-block-paragraph\">Desde el<strong> Gran Premio de China,<\/strong> el equipo ha intentado mejorar el rendimiento en la pista y realiz\u00f3 actualizaciones en el <strong>A524<\/strong> de <strong>Esteban Ocon<\/strong> y <strong>Pierre Gasly<\/strong>. Los ingenieros planean tener el coche 4 kg m\u00e1s ligero a mediados de a\u00f1o para el resto de la temporada.<\/p>\n\n\n\n<p class=\"wp-block-paragraph\">Aunque Imola fue una carrera para olvidar, Famin espera tener una buena actuaci\u00f3n en M\u00f3naco. En la carrera del a\u00f1o pasado, Ocon subi\u00f3 al podio al cruzar la l\u00ednea de meta en tercera posici\u00f3n y Gasly termin\u00f3 el tradicional circuito urbano europeo en s\u00e9ptima posici\u00f3n.<\/p>\n\n\n\n<p class=\"wp-block-paragraph\">&#8220;Es una carrera con buenos recuerdos para el equipo y estamos deseando volver a correr all\u00ed con una actitud resistente y motivada. Queremos conseguir un buen resultado&#8221;, concluy\u00f3.<\/p>\n\n\n\n<p class=\"wp-block-paragraph\"><strong>La\u00a0<a href=\"https:\/\/es.grandepremio.com\/f1\/\" target=\"_blank\" rel=\"noreferrer noopener\">F\u00f3rmula 1<\/a>\u00a0regresa del 24 al 26 de mayo con el tradicional Gran Premio de M\u00f3naco, octava prueba de la temporada 2024, en las calles de Montecarlo.<\/strong><\/p>\n\n\n\n<figure class=\"wp-block-embed is-type-video is-provider-youtube wp-block-embed-youtube wp-embed-aspect-16-9 wp-has-aspect-ratio\"><div class=\"wp-block-embed__wrapper\">\n<iframe loading=\"lazy\" title=\"GP DE EMILIA ROMA\u00d1A - EL RESUMEN\" width=\"500\" height=\"281\" src=\"https:\/\/www.youtube.com\/embed\/RGM5zAW8QPk?feature=oembed\" frameborder=\"0\" allow=\"accelerometer; autoplay; clipboard-write; encrypted-media; gyroscope; picture-in-picture; web-share\" referrerpolicy=\"strict-origin-when-cross-origin\" allowfullscreen><\/iframe>\n<\/div><\/figure>\n","protected":false},"excerpt":{"rendered":"<p>Alpine lamenta otro mal fin de semana en la temporada 2024 de F\u00f3rmula 1, y ya piensa en la carrera de M\u00f3naco<\/p>\n","protected":false},"author":0,"featured_media":1010241003,"comment_status":"closed","ping_status":"closed","sticky":false,"template":"","format":"standard","meta":{"42wp_featured_image_caption":"","42wp_featured_image_credits":"","42wp_featured_video":"","42wp_featured_image_hidden":false,"42wp_authors_list":[],"footnotes":""},"categories":[5],"tags":[678,2233,362,181,2249,179,2259,1488,427,4540],"42wp_author":[14239],"class_list":["post-13732","post","type-post","status-publish","format-standard","has-post-thumbnail","hentry","category-f1","tag-alpine","tag-bruno-famin","tag-esteban-ocon","tag-f1","tag-f1-2024","tag-formula-1","tag-formula-1-2024","tag-grande-premio","tag-pierre-gasly","tag-temporada-2024-f1","42wp_author-jp-otrosky"],"_links":{"self":[{"href":"https:\/\/grandepremio.com\/es\/wp-json\/wp\/v2\/posts\/13732","targetHints":{"allow":["GET"]}}],"collection":[{"href":"https:\/\/grandepremio.com\/es\/wp-json\/wp\/v2\/posts"}],"about":[{"href":"https:\/\/grandepremio.com\/es\/wp-json\/wp\/v2\/types\/post"}],"replies":[{"embeddable":true,"href":"https:\/\/grandepremio.com\/es\/wp-json\/wp\/v2\/comments?post=13732"}],"version-history":[{"count":0,"href":"https:\/\/grandepremio.com\/es\/wp-json\/wp\/v2\/posts\/13732\/revisions"}],"wp:featuredmedia":[{"embeddable":true,"href":"https:\/\/grandepremio.com\/es\/wp-json\/wp\/v2\/media\/1010241003"}],"wp:attachment":[{"href":"https:\/\/grandepremio.com\/es\/wp-json\/wp\/v2\/media?parent=13732"}],"wp:term":[{"taxonomy":"category","embeddable":true,"href":"https:\/\/grandepremio.com\/es\/wp-json\/wp\/v2\/categories?post=13732"},{"taxonomy":"post_tag","embeddable":true,"href":"https:\/\/grandepremio.com\/es\/wp-json\/wp\/v2\/tags?post=13732"},{"taxonomy":"42wp_author","embeddable":true,"href":"https:\/\/grandepremio.com\/es\/wp-json\/wp\/v2\/42wp_author?post=13732"}],"curies":[{"name":"wp","href":"https:\/\/api.w.org\/{rel}","templated":true}]}}