{"id":13744,"date":"2024-05-21T09:28:27","date_gmt":"2024-05-21T12:28:27","guid":{"rendered":"https:\/\/grandepremio.com\/es\/2024\/05\/21\/mercedes-asume-culpa-hype-antonelli\/"},"modified":"2024-05-21T09:45:37","modified_gmt":"2024-05-21T12:45:37","slug":"mercedes-asume-culpa-hype-antonelli","status":"publish","type":"post","link":"https:\/\/grandepremio.com\/es\/f2\/mercedes-asume-culpa-hype-antonelli\/","title":{"rendered":"Mercedes asume la &#8220;culpa&#8221; del hype de Antonelli: &#8220;Tenemos que dejarlo trabajar&#8221;"},"content":{"rendered":"\n<p class=\"wp-block-paragraph\">La salida de<strong> Lewis Hamilton<\/strong> a <strong>Ferrari<\/strong> sigue brindando coletazos, pero, ahora, sobre quien ser\u00e1 su reemplazo en el equipo <strong>Mercedes<\/strong>. Hasta <strong>Toto Wolff<\/strong>, el jefe de la escuder\u00eda alemana, admiti\u00f3 que se entusiasm\u00f3 tanto con <strong>Andrea Kimi Antonelli<\/strong>, que le han puesto un hype alt\u00edsimo.<\/p>\n\n\n\n<p class=\"wp-block-paragraph\">\ud83d\udfe5\u00a0<strong><em>\u00a1Todas las novedades te esperan en el canal de\u00a0<\/em><\/strong><a href=\"https:\/\/www.youtube.com\/@GrandePremioES\" target=\"_blank\" rel=\"noreferrer noopener\"><strong><em>YouTube<\/em><\/strong><\/a><strong><em>\u00a0de Grande Pr\u00eamio en Espa\u00f1ol!<\/em><\/strong>\u00a0\ud83d\udfe8<\/p>\n\n\n\n<p class=\"wp-block-paragraph\">Para este a\u00f1o, Antonelli salt\u00f3 desde la<strong> FRECA<\/strong> directamente a la <strong>F\u00f3rmula 2,<\/strong> lo que ha supuesto una complicaci\u00f3n adicional, ya que solo ha podido lograr dos cuartos puestos como mejores resultados, en las carreras principales de <strong>Melbourne<\/strong> y de \u00cdmola. El italiano est\u00e1 sexto en el torneo, con 36 puntos.<\/p>\n\n\n\n<p class=\"wp-block-paragraph\">Durante las carreras de F1 y F2 celebradas en<strong> \u00cdmola<\/strong> el pasado fin de semana, Wolff admiti\u00f3 ante la prensa que Mercedes tiene parte de culpa de la presi\u00f3n a la que se est\u00e1 sometiendo a Antonelli: <strong>&#8220;Llevamos tiempo creando expectaci\u00f3n en torno a este joven. Alg\u00fan d\u00eda ser\u00e1 un piloto excelente en la F1, pero [ahora] tiene 17 a\u00f1os&#8221;.<\/strong><\/p>\n\n\n\n<figure class=\"wp-block-image size-large\"><img decoding=\"async\" src=\"https:\/\/grandepremio.com\/cdn-cgi\/image\/width=893,height=558,fit=contain,gravity=0.5x0.5,quality=75,format=webp\/es\/wp-content\/uploads\/2024\/05\/image-167-1024x683.png\" alt=\"\" class=\"wp-image-240995\"\/><figcaption class=\"wp-element-caption\">Andrea Kimi Antonelli sigue adapt\u00e1ndose a la F2 (Foto: Prema)<\/figcaption><\/figure>\n\n\n\n<p class=\"wp-block-paragraph\"><strong>&#8220;Hace catorce meses pilotaba un coche de F4. Hay muchas expectativas en Italia, pero tambi\u00e9n somos un poco culpables de hablar de \u00e9l en este momento. Creo que deber\u00edamos dejarle trabajar en F2 y ofrecer resultados y no dejarnos llevar por lo que podr\u00eda o deber\u00eda ser&#8221;<\/strong>, a\u00f1adi\u00f3 el directivo.<\/p>\n\n\n\n<p class=\"wp-block-paragraph\"><strong>&#8220;Mira a George [Russell], que gan\u00f3 la F3 y la F2 en sus a\u00f1os de novato; del mismo modo, Kimi dio resultados desde abajo y ahora est\u00e1 en la F2. Ya veremos, alg\u00fan d\u00eda estar\u00e1 en la F1, pero no hay prisa&#8221;<\/strong>, concluy\u00f3 el jefe de Mercedes.<\/p>\n\n\n\n<p class=\"wp-block-paragraph\">\u23e9&nbsp;<strong><em>\u00a1Seguinos en redes por e&nbsp;<\/em><\/strong><a href=\"https:\/\/www.instagram.com\/grandepremioes\/\" target=\"_blank\" rel=\"noreferrer noopener\"><strong><em>Instagram!<\/em><\/strong><\/a><br><strong>\u23e9<\/strong>&nbsp;<strong><em>Adem\u00e1s, tenemos nuestro&nbsp;<\/em><\/strong><a href=\"https:\/\/whatsapp.com\/channel\/0029VaDZ5zb0gcfDxuwxBM05\" target=\"_blank\" rel=\"noreferrer noopener\"><strong><em>canal de Whatsapp<\/em><\/strong><\/a><strong><em>&nbsp;con toda la informaci\u00f3n al instante<\/em><\/strong>&nbsp;\ud83c\udfc1<\/p>\n\n\n\n<p class=\"wp-block-paragraph\">La F\u00f3rmula 1 regresa del 24 al 26 de mayo con el tradicional Gran Premio de M\u00f3naco, octava prueba de la temporada 2024, en las calles de Montecarlo.<\/p>\n\n\n\n<figure class=\"wp-block-embed is-type-video is-provider-youtube wp-block-embed-youtube wp-embed-aspect-16-9 wp-has-aspect-ratio\"><div class=\"wp-block-embed__wrapper\">\n<iframe loading=\"lazy\" title=\"GP DE EMILIA ROMA\u00d1A - EL RESUMEN\" width=\"500\" height=\"281\" src=\"https:\/\/www.youtube.com\/embed\/RGM5zAW8QPk?feature=oembed\" frameborder=\"0\" allow=\"accelerometer; autoplay; clipboard-write; encrypted-media; gyroscope; picture-in-picture; web-share\" referrerpolicy=\"strict-origin-when-cross-origin\" allowfullscreen><\/iframe>\n<\/div><\/figure>\n","protected":false},"excerpt":{"rendered":"<p>La enorme expectaci\u00f3n creada en torno a Andrea Kimi Antonelli tiene mucho que ver con la actitud de Mercedes, y as\u00ed lo ha admitido el propio Toto Wolff.<\/p>\n","protected":false},"author":0,"featured_media":1010240988,"comment_status":"closed","ping_status":"closed","sticky":false,"template":"","format":"standard","meta":{"42wp_featured_image_caption":"","42wp_featured_image_credits":"","42wp_featured_video":"","42wp_featured_image_hidden":false,"42wp_authors_list":[],"footnotes":""},"categories":[3],"tags":[6800,181,2249,179,211,1660,253,2528,199,1476,197,569],"42wp_author":[14237],"class_list":["post-13744","post","type-post","status-publish","format-standard","has-post-thumbnail","hentry","category-f2","tag-andrea-kimi-antonelli","tag-f1","tag-f1-2024","tag-formula-1","tag-formula-2","tag-freca","tag-george-russell","tag-imola-2","tag-lewis-hamilton","tag-melbourne","tag-mercedes","tag-toto-wolff","42wp_author-gabriel-garcia"],"_links":{"self":[{"href":"https:\/\/grandepremio.com\/es\/wp-json\/wp\/v2\/posts\/13744","targetHints":{"allow":["GET"]}}],"collection":[{"href":"https:\/\/grandepremio.com\/es\/wp-json\/wp\/v2\/posts"}],"about":[{"href":"https:\/\/grandepremio.com\/es\/wp-json\/wp\/v2\/types\/post"}],"replies":[{"embeddable":true,"href":"https:\/\/grandepremio.com\/es\/wp-json\/wp\/v2\/comments?post=13744"}],"version-history":[{"count":0,"href":"https:\/\/grandepremio.com\/es\/wp-json\/wp\/v2\/posts\/13744\/revisions"}],"wp:featuredmedia":[{"embeddable":true,"href":"https:\/\/grandepremio.com\/es\/wp-json\/wp\/v2\/media\/1010240988"}],"wp:attachment":[{"href":"https:\/\/grandepremio.com\/es\/wp-json\/wp\/v2\/media?parent=13744"}],"wp:term":[{"taxonomy":"category","embeddable":true,"href":"https:\/\/grandepremio.com\/es\/wp-json\/wp\/v2\/categories?post=13744"},{"taxonomy":"post_tag","embeddable":true,"href":"https:\/\/grandepremio.com\/es\/wp-json\/wp\/v2\/tags?post=13744"},{"taxonomy":"42wp_author","embeddable":true,"href":"https:\/\/grandepremio.com\/es\/wp-json\/wp\/v2\/42wp_author?post=13744"}],"curies":[{"name":"wp","href":"https:\/\/api.w.org\/{rel}","templated":true}]}}