{"id":13775,"date":"2024-05-19T07:49:40","date_gmt":"2024-05-19T10:49:40","guid":{"rendered":"https:\/\/grandepremio.com\/es\/2024\/05\/19\/meguetonuif-bate-goethe-ganar-carrera-principal-f3-imola\/"},"modified":"2024-05-19T08:50:10","modified_gmt":"2024-05-19T11:50:10","slug":"meguetonuif-bate-goethe-ganar-carrera-principal-f3-imola","status":"publish","type":"post","link":"https:\/\/grandepremio.com\/es\/f3\/meguetonuif-bate-goethe-ganar-carrera-principal-f3-imola\/","title":{"rendered":"Meguetounif bate a Goethe para ganar la carrera principal de la F3 en \u00cdmola"},"content":{"rendered":"\n<p class=\"wp-block-paragraph\"><strong>Sami Meguetounif<\/strong> gan\u00f3 la segunda carrera de la <strong>F\u00f3rmula 3<\/strong> en el marco del <strong>GP de la Emilia-Roma\u00f1a<\/strong> de la F\u00f3rmula 1. El franc\u00e9s supo gestionar sus neum\u00e1ticos y super\u00f3 a <strong>Oliver Goethe <\/strong>a cinco vueltas del final.<\/p>\n\n\n\n<p class=\"wp-block-paragraph\">En una carrera sin grandes incidentes, a diferencia de la carrera al sprint, el desgaste de los neum\u00e1ticos result\u00f3 decisivo en la recta final. Tras ponerse en cabeza en la vuelta 5, Goethe empez\u00f3 a perder mucho ritmo en las \u00faltimas vueltas y fue superado f\u00e1cilmente por Meguetounif. El alem\u00e1n aguant\u00f3 la presi\u00f3n de <strong>Leonardo Fornaroli<\/strong> para acabar segundo, y el italiano, con otro de los Trident, finaliz\u00f3 tercero.<\/p>\n\n\n\n<p class=\"wp-block-paragraph\">Luke Browning, <strong>Dino Beganovic<\/strong>, Gabriele Min\u00ed, Arvid Lindblad, <strong>Santiago Ramos<\/strong>, Mari Boya y Sebasti\u00e1n Montoya completaron el top-10. Por su parte, <strong>Mat\u00edas Zagazeta<\/strong>, el piloto peruano, concluy\u00f3 la prueba en el 17mo con el Jenzer. <\/p>\n\n\n\n<p class=\"wp-block-paragraph\">La F\u00f3rmula 3 regresa el pr\u00f3ximo fin de semana, del 23 al 26 de mayo, con la prueba de M\u00f3naco. GRANDE PR\u00caMIO seguir\u00e1 todas las actividades de la temporada 2024.<\/p>\n\n\n\n<p class=\"wp-block-paragraph\">\u23e9&nbsp;<strong><em>\u00a1Seguinos en redes por&nbsp;<\/em><\/strong><a href=\"https:\/\/twitter.com\/grandepremioES\" target=\"_blank\" rel=\"noreferrer noopener\"><strong><em>Twitter&nbsp;<\/em><\/strong><\/a><strong><em>e&nbsp;<\/em><\/strong><a href=\"https:\/\/www.instagram.com\/grandepremioes\/\" target=\"_blank\" rel=\"noreferrer noopener\"><strong><em>Instagram!<\/em><\/strong><\/a><br><strong>\u23e9<\/strong>&nbsp;<strong><em>Adem\u00e1s, tenemos nuestro&nbsp;<\/em><\/strong><a href=\"https:\/\/whatsapp.com\/channel\/0029VaDZ5zb0gcfDxuwxBM05\" target=\"_blank\" rel=\"noreferrer noopener\"><strong><em>canal de Whatsapp<\/em><\/strong><\/a><strong><em>&nbsp;con toda la informaci\u00f3n al instante<\/em><\/strong>&nbsp;\ud83c\udfc1<\/p>\n\n\n\n<figure class=\"wp-block-image size-large\"><img decoding=\"async\" src=\"https:\/\/grandepremio.com\/cdn-cgi\/image\/width=893,height=558,fit=contain,gravity=0.5x0.5,quality=75,format=webp\/es\/wp-content\/uploads\/2024\/05\/image-143-1024x576.png\" alt=\"\" class=\"wp-image-240757\"\/><figcaption class=\"wp-element-caption\">Largada de la carrera dominical de la F\u00f3rmula 3 en \u00cdmola. (Foto: F3)<\/figcaption><\/figure>\n\n\n\n<p class=\"wp-block-paragraph\"><strong><u>As\u00ed se desarroll\u00f3 la carrera principal de la F3 en \u00cdmola:<\/u><\/strong><\/p>\n\n\n\n<p class=\"wp-block-paragraph\">Tras la pol\u00e9mica bizarra del s\u00e1bado, la F\u00f3rmula 3 cerraba su tercera fecha del campeonato 2024 con la carrera dominical en \u00cdmola con el equipo Trident ocupando las tres primeras posiciones de la grilla, con la pole del mexicano Santiago Ramos.<\/p>\n\n\n\n<p class=\"wp-block-paragraph\">La largada de la carrera fue relativamente prolija y el equipo italiano mantuvo las posiciones de la salida y Ramos era el l\u00edder, con Leonardo Fornaroli en segundo y el franc\u00e9s Sami Meguetounif en tercera plaza. <strong>Arvid Lindblad<\/strong> y Oliver Goethe completaban los cinco primeros al cabo de la vuelta inicial, con otras 21 a completar.<\/p>\n\n\n\n<p class=\"wp-block-paragraph\">Fornaroli se puso l\u00edder en la chicana de Tamburello en la segunda vuelta y Goethe avanzaba de quinto a tercero en un giro, con lo que se romp\u00eda el dominio de posiciones del equipo Trident. Otro que avanzaba era Dino Beganovic, quien super\u00f3 a <strong>Luke Browning<\/strong> por la sexta posici\u00f3n.<\/p>\n\n\n\n<figure class=\"wp-block-image size-large\"><img decoding=\"async\" src=\"https:\/\/grandepremio.com\/cdn-cgi\/image\/width=893,height=558,fit=contain,gravity=0.5x0.5,quality=75,format=webp\/es\/wp-content\/uploads\/2024\/05\/image-144-1024x576.png\" alt=\"\" class=\"wp-image-240759\"\/><figcaption class=\"wp-element-caption\">Oliver Goethe, al comando de la carrera. (Foto: F3)<\/figcaption><\/figure>\n\n\n\n<p class=\"wp-block-paragraph\">En la quinta vuelta, Goethe asumi\u00f3 la punta de la carrera mientras que Fornaroli cay\u00f3 hasta el quinto puesto. El piloto alem\u00e1n lo hab\u00eda superado a Ramos un giro antes y comenzaba a escaparse. Tras haber perdido varias posiciones, el de Trident super\u00f3 a Lindblad por el cuarto puesto, mientras que Browning super\u00f3 a Beganovic por el sexto puesto.<\/p>\n\n\n\n<p class=\"wp-block-paragraph\">Browning super\u00f3 a Lindblad por dentro en la vuelta diez para colocarse quinto, mientras que Goethe comandaba las acciones con dos segundos de ventaja sobre Ramos y Meguetounif. Por su parte, luego de una mala largada, <strong>Gabriele Min\u00ed<\/strong> ya era octavo.<\/p>\n\n\n\n<p class=\"wp-block-paragraph\"><strong>Noel Leon<\/strong> estaba teniendo una carrera aceptable en el d\u00e9cimo puesto, pero fue penalizado con diez segundos de recargo por tirar afuera de la pista al alem\u00e1n <strong>Tim Tramnitz<\/strong>. El mexicano vio la bandera a cuadros en primer puesto en la prueba sabatina, pero qued\u00f3 relegado al tercer puesto.<\/p>\n\n\n\n<p class=\"wp-block-paragraph\">Con Goethe escapado, Meguetounif super\u00f3 a Ramos por el segundo puesto, y lo mismo hizo Beganovic sobre su compa\u00f1ero de Prema para subir al sexto lugar. Un giro despu\u00e9s hizo lo propio Min\u00ed sobre el brit\u00e1nico, que ced\u00eda terreno. Las superaciones continuaban y Fornaroli ya era tercer en la vuelta 13 al superar a su compa\u00f1ero Ramos, que era presionado por Browning.<\/p>\n\n\n\n<figure class=\"wp-block-image size-full\"><img decoding=\"async\" src=\"https:\/\/grandepremio.com\/es\/wp-content\/uploads\/2024\/05\/image-145.png\" alt=\"\" class=\"wp-image-240760\"\/><figcaption class=\"wp-element-caption\">Sami Meguetounif recibiendo la bandera a cuadros en \u00cdmola. (Foto: F3)<\/figcaption><\/figure>\n\n\n\n<p class=\"wp-block-paragraph\">Ya en el giro 15, Meguetounif achicaba a un segundo la ventaja de Goethe, mientras que Browning y Beganovic dejaron detr\u00e1s a Santiago Ramos, autor de la pole, en el sexto puesto. Dos vueltas despu\u00e9s, el franc\u00e9s de Trident adelant\u00f3 al de Campos para tomar el liderazgo de la competencia. Fornaroli estaba recortando las diferencias tras su problema mec\u00e1nico y pretend\u00eda luchar por algo m\u00e1s que el podio.<\/p>\n\n\n\n<p class=\"wp-block-paragraph\">Si bien lo intent\u00f3 hasta el final, Fornaroli no pudo con Goethe y se conform\u00f3 con el tercer lugar. De ese modo, y con una brillante gesti\u00f3n de los neum\u00e1ticos, Sami Meguetounif gan\u00f3 por primera vez en la F\u00f3rmula 3. El alem\u00e1n y el italiano subieron al podio detr\u00e1s del franc\u00e9s.<\/p>\n\n\n\n<p class=\"wp-block-paragraph\">\ud83d\udfe5&nbsp;<strong><em>\u00a1Todas las novedades te esperan en el canal de&nbsp;<\/em><\/strong><a href=\"https:\/\/www.youtube.com\/@GrandePremioES\" target=\"_blank\" rel=\"noreferrer noopener\"><strong><em>YouTube<\/em><\/strong><\/a><strong><em>&nbsp;de Grande Pr\u00eamio en Espa\u00f1ol!<\/em><\/strong>&nbsp;\ud83d\udfe8<\/p>\n\n\n\n<p class=\"wp-block-paragraph\">Luke Browning acab\u00f3 cuarto, delante de los Prema de Beganovic, Mini y Lindblad. Ramos, que larg\u00f3 primero, apenas pudo finalizar octavo, y otros dos <strong>Campos Racing <\/strong>completaron la zona de puntos con <strong>Mari Boya <\/strong>y <strong>Sebasti\u00e1n Montoya<\/strong>, respectivamente, tras una sanci\u00f3n de diez segundos de recargo a Martinius Stenshorne.<\/p>\n\n\n\n<p class=\"wp-block-paragraph\"><strong>RESULTADOS:<\/strong><\/p>\n\n\n\n<figure class=\"wp-block-table\"><table><tbody><tr><td>1<\/td><td>S MEGUETOUNIF<\/td><td>Trident<\/td><td>22 V<\/td><td>&nbsp;<\/td><td>&nbsp;<\/td><\/tr><tr><td>2<\/td><td>O GOETHE<\/td><td>Campos<\/td><td>+2.791<\/td><td>&nbsp;<\/td><td>&nbsp;<\/td><\/tr><tr><td>3<\/td><td>L FORNAROLI<\/td><td>Trident<\/td><td>+3.368<\/td><td>&nbsp;<\/td><td>&nbsp;<\/td><\/tr><tr><td>4<\/td><td>L BROWNING<\/td><td>Hitech<\/td><td>+3.686<\/td><td>&nbsp;<\/td><td>&nbsp;<\/td><\/tr><tr><td>5<\/td><td>D BEGANOVIC<\/td><td>Prema<\/td><td>+5.724<\/td><td>&nbsp;<\/td><td>&nbsp;<\/td><\/tr><tr><td>6<\/td><td>G MIN\u00cc<\/td><td>Prema<\/td><td>+6.972<\/td><td>&nbsp;<\/td><td>&nbsp;<\/td><\/tr><tr><td>7<\/td><td>A LINDBLAD<\/td><td>Prema<\/td><td>+11.575<\/td><td>&nbsp;<\/td><td>&nbsp;<\/td><\/tr><tr><td>8<\/td><td>S RAMOS<\/td><td>Trident<\/td><td>+12.736<\/td><td>&nbsp;<\/td><td>&nbsp;<\/td><\/tr><tr><td>9<\/td><td>M BOYA<\/td><td>Campos<\/td><td>+13.098<\/td><td>&nbsp;<\/td><td>&nbsp;<\/td><\/tr><tr><td>10<\/td><td>S MONTOYA<\/td><td>Campos<\/td><td>+14.769<\/td><td>&nbsp;<\/td><td>&nbsp;<\/td><\/tr><tr><td>11<\/td><td>T TRAMNITZ<\/td><td>MP<\/td><td>+18.634<\/td><td>&nbsp;<\/td><td>&nbsp;<\/td><\/tr><tr><td>12<\/td><td>S FL\u00d6RSCH<\/td><td>Van Amersfoort<\/td><td>+21.658<\/td><td>&nbsp;<\/td><td>&nbsp;<\/td><\/tr><tr><td>13<\/td><td>L VAN HOEPEN<\/td><td>ART<\/td><td>+22.654<\/td><td>&nbsp;<\/td><td>&nbsp;<\/td><\/tr><tr><td>14<\/td><td>M STENSHORNE<\/td><td>Hitech<\/td><td>+23.516<\/td><td>&nbsp;<\/td><td>&nbsp;<\/td><\/tr><tr><td>15<\/td><td>K SZTUKA<\/td><td>MP<\/td><td>+23.554<\/td><td>&nbsp;<\/td><td>&nbsp;<\/td><\/tr><tr><td>16<\/td><td>A DUNNE<\/td><td>MP<\/td><td>+24.295<\/td><td>&nbsp;<\/td><td>&nbsp;<\/td><\/tr><tr><td>17<\/td><td>M ZAGAZETA<\/td><td>Jenzer<\/td><td>+25.720<\/td><td>&nbsp;<\/td><td>&nbsp;<\/td><\/tr><tr><td>18<\/td><td>C SHIELDS<\/td><td>Hitech<\/td><td>+29.529<\/td><td>&nbsp;<\/td><td>&nbsp;<\/td><\/tr><tr><td>19<\/td><td>N LE\u00d3N<\/td><td>Van Amersfoort<\/td><td>+30.045<\/td><td>&nbsp;<\/td><td>&nbsp;<\/td><\/tr><tr><td>20<\/td><td>C MANSELL<\/td><td>ART<\/td><td>+31.500<\/td><td>&nbsp;<\/td><td>&nbsp;<\/td><\/tr><tr><td>21<\/td><td>M ESTERSON<\/td><td>Jenzer<\/td><td>+32.271<\/td><td>&nbsp;<\/td><td>&nbsp;<\/td><\/tr><tr><td>22<\/td><td>J DUFEK<\/td><td>PHM<\/td><td>+35.023<\/td><td>&nbsp;<\/td><td>&nbsp;<\/td><\/tr><tr><td>23<\/td><td>P WISNICKI<\/td><td>Rodin<\/td><td>37.573<\/td><td>&nbsp;<\/td><td>&nbsp;<\/td><\/tr><tr><td>24<\/td><td>C WURZ<\/td><td>Jenzer<\/td><td>+40.316<\/td><td>&nbsp;<\/td><td>&nbsp;<\/td><\/tr><tr><td>25<\/td><td>J LOAKE<\/td><td>Rodin<\/td><td>+40.585<\/td><td>&nbsp;<\/td><td>&nbsp;<\/td><\/tr><tr><td>26<\/td><td>N TSOLOV<\/td><td>ART<\/td><td>+42.360<\/td><td>&nbsp;<\/td><td>&nbsp;<\/td><\/tr><tr><td>27<\/td><td>T INTHRAPHUVASAK<\/td><td>PHM<\/td><td>+51.428<\/td><td>&nbsp;<\/td><td>&nbsp;<\/td><\/tr><tr><td>28<\/td><td>T SMITH<\/td><td>Van Amersfoort<\/td><td>+59.188<\/td><td>&nbsp;<\/td><td>&nbsp;<\/td><\/tr><tr><td>29<\/td><td>C VOISIN<\/td><td>Rodin<\/td><td>+1:16.623<\/td><td>&nbsp;<\/td><td>&nbsp;<\/td><\/tr><tr><td>30<\/td><td>N BEDRIN<\/td><td>PHM<\/td><td>+1 V<\/td><\/tr><\/tbody><\/table><\/figure>\n","protected":false},"excerpt":{"rendered":"<p>Sami Meguetounif le dio la victoria como local al equipo Trident, luego de batir en la carrera de manera brillante a Oliver Goethe y a su compa\u00f1ero, Leonardo Fornaroli. <\/p>\n","protected":false},"author":0,"featured_media":1010240755,"comment_status":"closed","ping_status":"closed","sticky":false,"template":"","format":"standard","meta":{"42wp_featured_image_caption":"","42wp_featured_image_credits":"","42wp_featured_video":"","42wp_featured_image_hidden":false,"42wp_authors_list":[],"footnotes":""},"categories":[4],"tags":[7053,5668,1128,5953,10244,7469,5915,476,9732,9969,632,9636,8124,3298,7265],"42wp_author":[14237],"class_list":["post-13775","post","type-post","status-publish","format-standard","has-post-thumbnail","hentry","category-f3","tag-arvid-lindblad","tag-dino-beganovic","tag-formula-3","tag-gabriele-mini-2","tag-gp-de-la-emilia-romana-2","tag-leonardo-fornaroli","tag-luke-browning","tag-mari-boya","tag-matias-zagazeta","tag-noel-leon-2","tag-oliver-goethe","tag-sami-meguetounif","tag-santiago-ramos","tag-sebastian-montoya","tag-tim-tramnitz","42wp_author-gabriel-garcia"],"_links":{"self":[{"href":"https:\/\/grandepremio.com\/es\/wp-json\/wp\/v2\/posts\/13775","targetHints":{"allow":["GET"]}}],"collection":[{"href":"https:\/\/grandepremio.com\/es\/wp-json\/wp\/v2\/posts"}],"about":[{"href":"https:\/\/grandepremio.com\/es\/wp-json\/wp\/v2\/types\/post"}],"replies":[{"embeddable":true,"href":"https:\/\/grandepremio.com\/es\/wp-json\/wp\/v2\/comments?post=13775"}],"version-history":[{"count":0,"href":"https:\/\/grandepremio.com\/es\/wp-json\/wp\/v2\/posts\/13775\/revisions"}],"wp:featuredmedia":[{"embeddable":true,"href":"https:\/\/grandepremio.com\/es\/wp-json\/wp\/v2\/media\/1010240755"}],"wp:attachment":[{"href":"https:\/\/grandepremio.com\/es\/wp-json\/wp\/v2\/media?parent=13775"}],"wp:term":[{"taxonomy":"category","embeddable":true,"href":"https:\/\/grandepremio.com\/es\/wp-json\/wp\/v2\/categories?post=13775"},{"taxonomy":"post_tag","embeddable":true,"href":"https:\/\/grandepremio.com\/es\/wp-json\/wp\/v2\/tags?post=13775"},{"taxonomy":"42wp_author","embeddable":true,"href":"https:\/\/grandepremio.com\/es\/wp-json\/wp\/v2\/42wp_author?post=13775"}],"curies":[{"name":"wp","href":"https:\/\/api.w.org\/{rel}","templated":true}]}}