{"id":13782,"date":"2024-05-18T17:06:59","date_gmt":"2024-05-18T20:06:59","guid":{"rendered":"https:\/\/grandepremio.com\/es\/2024\/05\/18\/carlos-sainz-ferrari-clasificacion-emilia-romana-formula-1\/"},"modified":"2024-05-18T17:10:54","modified_gmt":"2024-05-18T20:10:54","slug":"carlos-sainz-ferrari-clasificacion-emilia-romana-formula-1","status":"publish","type":"post","link":"https:\/\/grandepremio.com\/es\/f1\/carlos-sainz-ferrari-clasificacion-emilia-romana-formula-1\/","title":{"rendered":"Sainz afirma que la actualizaci\u00f3n de Ferrari para \u00cdmola &#8220;es menos de lo que piensan&#8221;"},"content":{"rendered":"\n<p class=\"wp-block-paragraph\"><strong>Carlos Sainz <\/strong>completar\u00e1 la segunda fila de la parrilla de salida del <strong>Gran Premio de Emilia Roma\u00f1a<\/strong>, pero termin\u00f3 poco entusiasmado <a href=\"https:\/\/grandepremio.com\/es\/f1\/max-verstappen-pole-emilia-romana-formula-1\/\">con su clasificaci\u00f3n del s\u00e1bado<\/a>. A pesar del cuarto puesto tras la penalizaci\u00f3n de<strong> Oscar Piastri,<\/strong> el espa\u00f1ol se quej\u00f3 de la falta de ritmo con los neum\u00e1ticos blandos y le rest\u00f3 importancia a las mejoras de <strong>Ferrari <\/strong>en \u00cdmola.<\/p>\n\n\n\n<p class=\"wp-block-paragraph\">El espa\u00f1ol manifest\u00f3 que ya se imaginaba que <strong>McLaren<\/strong> tendr\u00eda potencial en Emilia Roma\u00f1a y reconoci\u00f3 que habr\u00e1 una lucha intensa por el podio, aunque con dificultades debido a la estrechez de la pista. Sainz saldr\u00e1 por detr\u00e1s de<strong> Max Verstappen, Lando Norris y Charles Leclerc.<\/strong><\/p>\n\n\n\n<p class=\"wp-block-paragraph\">&#8220;Esper\u00e1bamos que McLaren fuera muy fuerte aqu\u00ed. Y luego he sufrido mucho con los neum\u00e1ticos blandos todo el fin de semana, soy casi m\u00e1s lento que con medios y duros&#8221;, asegur\u00f3 al diario espa\u00f1ol Marca. Espero hacerlo mejor ma\u00f1ana. La salida es muy importante, pero incluso al principio es dif\u00edcil ganar posiciones aqu\u00ed. Ma\u00f1ana vamos por el podio superando a los McLaren, eso es lo que intentaremos hacer como equipo&#8221;, continu\u00f3.<\/p>\n\n\n\n<p class=\"wp-block-paragraph\"><strong><em>\u00a1Todas las novedades te esperan en el canal de\u00a0<a href=\"https:\/\/www.youtube.com\/@GrandePremioES\" target=\"_blank\" rel=\"noreferrer noopener\">YouTube<\/a>\u00a0de Grande Pr\u00eamio en Espa\u00f1ol!<\/em><\/strong><\/p>\n\n\n\n<figure class=\"wp-block-image size-large\"><img decoding=\"async\" src=\"https:\/\/grandepremio.com\/cdn-cgi\/image\/width=893,height=558,fit=contain,gravity=0.5x0.5,quality=75,format=webp\/es\/wp-content\/uploads\/2024\/05\/Ferrari-Imola-Sainz-1-1024x683.jpg\" alt=\"\" class=\"wp-image-240698\"\/><\/figure>\n\n\n\n<p class=\"wp-block-paragraph\"><strong><em>\u00a1Seguinos en redes por\u00a0<a href=\"https:\/\/twitter.com\/grandepremioES\" target=\"_blank\" rel=\"noreferrer noopener\">Twitter\u00a0<\/a>e\u00a0<a href=\"https:\/\/www.instagram.com\/grandepremioes\/\" target=\"_blank\" rel=\"noreferrer noopener\">Instagram!<\/a><\/em><\/strong><br><strong><em>Adem\u00e1s, tenemos nuestro\u00a0<a href=\"https:\/\/whatsapp.com\/channel\/0029VaDZ5zb0gcfDxuwxBM05\" target=\"_blank\" rel=\"noreferrer noopener\">canal de Whatsapp<\/a>\u00a0con toda la informaci\u00f3n al instante<\/em><\/strong><\/p>\n\n\n\n<p class=\"wp-block-paragraph\">Sainz tambi\u00e9n trat\u00f3 de minimizar el paquete de mejoras de Ferrari, diciendo que el equipo ha tomado algo m\u00e1s peque\u00f1o de lo que mucha gente piensa.<\/p>\n\n\n\n<p class=\"wp-block-paragraph\">&#8220;Nuestras actualizaciones son menores de lo que la gente cree. Lo vengo diciendo todas las semanas. No puedo decir cu\u00e1nto hemos evolucionado, pero si lo hiciera sorprender\u00eda a todo el mundo&#8221;, a\u00f1adi\u00f3.<\/p>\n\n\n\n<p class=\"wp-block-paragraph\">Sainz es quinto en el <strong>Campeonato del Mundo de Pilotos<\/strong> con 83 puntos. Tiene la misma cantidad de unidades que Norris, que est\u00e1 cuarto por tener mejores resultados en el certamen.<\/p>\n\n\n\n<p class=\"wp-block-paragraph\"><strong>GRANDE PR\u00caMIO en Espa\u00f1ol sigue en DIRECTO y EN TIEMPO REAL toda la actividad del Gran Premio de F\u00f3rmula 1 de Emilia Roma\u00f1a.<\/strong><\/p>\n","protected":false},"excerpt":{"rendered":"<p>Carlos Sainz minimiz\u00f3 la relevancia de la nueva actualizaci\u00f3n de Ferrari, y asegur\u00f3 que intentar\u00e1 luchar por el podio con los compuestos medio y duro en el circuito de \u00cdmola.<\/p>\n","protected":false},"author":0,"featured_media":1010240697,"comment_status":"closed","ping_status":"closed","sticky":false,"template":"","format":"standard","meta":{"42wp_featured_image_caption":"","42wp_featured_image_credits":"","42wp_featured_video":"","42wp_featured_image_hidden":false,"42wp_authors_list":[],"footnotes":""},"categories":[5],"tags":[302,247,181,2249,179,2259,2527,269,643],"42wp_author":[14223],"class_list":["post-13782","post","type-post","status-publish","format-standard","has-post-thumbnail","hentry","category-f1","tag-carlos-sainz","tag-charles-leclerc","tag-f1","tag-f1-2024","tag-formula-1","tag-formula-1-2024","tag-gp-de-emilia-romana","tag-mclaren","tag-scuderia-ferrari","42wp_author-esteban-nieto"],"_links":{"self":[{"href":"https:\/\/grandepremio.com\/es\/wp-json\/wp\/v2\/posts\/13782","targetHints":{"allow":["GET"]}}],"collection":[{"href":"https:\/\/grandepremio.com\/es\/wp-json\/wp\/v2\/posts"}],"about":[{"href":"https:\/\/grandepremio.com\/es\/wp-json\/wp\/v2\/types\/post"}],"replies":[{"embeddable":true,"href":"https:\/\/grandepremio.com\/es\/wp-json\/wp\/v2\/comments?post=13782"}],"version-history":[{"count":0,"href":"https:\/\/grandepremio.com\/es\/wp-json\/wp\/v2\/posts\/13782\/revisions"}],"wp:featuredmedia":[{"embeddable":true,"href":"https:\/\/grandepremio.com\/es\/wp-json\/wp\/v2\/media\/1010240697"}],"wp:attachment":[{"href":"https:\/\/grandepremio.com\/es\/wp-json\/wp\/v2\/media?parent=13782"}],"wp:term":[{"taxonomy":"category","embeddable":true,"href":"https:\/\/grandepremio.com\/es\/wp-json\/wp\/v2\/categories?post=13782"},{"taxonomy":"post_tag","embeddable":true,"href":"https:\/\/grandepremio.com\/es\/wp-json\/wp\/v2\/tags?post=13782"},{"taxonomy":"42wp_author","embeddable":true,"href":"https:\/\/grandepremio.com\/es\/wp-json\/wp\/v2\/42wp_author?post=13782"}],"curies":[{"name":"wp","href":"https:\/\/api.w.org\/{rel}","templated":true}]}}