{"id":13785,"date":"2024-05-18T15:55:27","date_gmt":"2024-05-18T18:55:27","guid":{"rendered":"https:\/\/grandepremio.com\/es\/2024\/05\/18\/colapinto-tras-lograr-primera-victoria-en-f2\/"},"modified":"2024-05-18T15:55:34","modified_gmt":"2024-05-18T18:55:34","slug":"colapinto-tras-lograr-primera-victoria-en-f2","status":"publish","type":"post","link":"https:\/\/grandepremio.com\/es\/f2\/colapinto-tras-lograr-primera-victoria-en-f2\/","title":{"rendered":"Colapinto, tras lograr su primera victoria en la F2: &#8220;No desaprovech\u00e9 la oportunidad&#8221;"},"content":{"rendered":"\n<p class=\"wp-block-paragraph\">Un mal inicio de temporada debut en la<strong> F\u00f3rmula 2 <\/strong>para <strong>Franco Colapinto<\/strong> no era lo que se esperaba de \u00e9l ni tampoco lo que el propio piloto argentino quer\u00eda, sobre todo tras haber realizado buenas actuaciones, pero dos exclusiones lo han dejado con poqu\u00edsimos puntos despu\u00e9s de tres eventos.<\/p>\n\n\n\n<p class=\"wp-block-paragraph\">La clave para el piloto de <strong>MP Motorsport<\/strong> fue haber probado en el<strong> Circuito de Catalunya<\/strong>, en Barcelona, donde pudieron encontrar el rendimiento del nuevo auto de la categor\u00eda inferior a la F\u00f3rmula 1 y as\u00ed se lo dijo a la cadena ESPN: <strong>&#8220;Fue incre\u00edble, la primera victoria en la F\u00f3rmula 2, es una locura, fue una cosa \u00fanica. Ven\u00edamos de un a\u00f1o que lo hab\u00edamos arrancado complicado y lo comenzamos a revertir despu\u00e9s de los test en Barcelona&#8221;.<\/strong><\/p>\n\n\n\n<p class=\"wp-block-paragraph\">\ud83d\udfe5\u00a0<strong><em>\u00a1Todas las novedades te esperan en el canal de\u00a0<\/em><\/strong><a href=\"https:\/\/www.youtube.com\/@GrandePremioES\" target=\"_blank\" rel=\"noreferrer noopener\"><strong><em>YouTube<\/em><\/strong><\/a><strong><em>\u00a0de Grande Pr\u00eamio en Espa\u00f1ol!<\/em><\/strong>\u00a0\ud83d\udfe8<\/p>\n\n\n\n<p class=\"wp-block-paragraph\">Hablando sobre la carrera Sprint en <strong>\u00cdmola<\/strong>, en la que parti\u00f3 segundo, pero tuvo que recuperar esa posici\u00f3n, coment\u00f3 lo siguiente: <strong>&#8220;El auto estaba, el equipo me sigui\u00f3 apoyando y por suerte pude luchar hasta el final. Tuve una mala largada, en la que qued\u00e9 patinando, y despu\u00e9s me fui acercando de a poco hasta que tuve la oportunidad y no la desaprovech\u00e9. Estoy muy feliz y muy contento, igual que hace dos a\u00f1os en la F3&#8221;.<\/strong><\/p>\n\n\n\n<p class=\"wp-block-paragraph\">De cara a la carrera principal, Colapinto clasific\u00f3 noveno y esa ser\u00e1 su posici\u00f3n de partida para la prueba del domingo, que brindar\u00e1 la mayor cantidad de puntos. Adem\u00e1s de la gran victoria, primera de un argentino en el escal\u00f3n m\u00e1s cercano a la F\u00f3rmula 1 desde que <strong>Jos\u00e9 Mar\u00eda L\u00f3pez<\/strong> lo hiciera en la GP2 en 2005, el de Pilar se agenci\u00f3 el r\u00e9cord de vuelta y un punto m\u00e1s para el torneo.<\/p>\n\n\n\n<figure class=\"wp-block-image size-large\"><img decoding=\"async\" src=\"https:\/\/grandepremio.com\/cdn-cgi\/image\/width=893,height=558,fit=contain,gravity=0.5x0.5,quality=75,format=webp\/es\/wp-content\/uploads\/2024\/05\/image-134-1024x683.png\" alt=\"\" class=\"wp-image-240689\"\/><figcaption class=\"wp-element-caption\">Franco Colapinto, ganador en \u00cdmola, como en 2022. (Foto: Dutch Photo Agency)<\/figcaption><\/figure>\n\n\n\n<p class=\"wp-block-paragraph\">Algo que a\u00f1adir\u00e1 m\u00e1s felicidad a Franco ser\u00e1n las declaraciones del jefe de Williams, <strong>James Vowles<\/strong>, quien dialog\u00f3 tras la carrera en el <strong>Circuito Enzo y Dino Ferrari<\/strong> con <em>Motorsport.com<\/em>: <strong>&#8220;\u00a1Es fant\u00e1stico! Primero al ver el adelantamiento, que fue en un lugar en el que no deber\u00edas hacer un adelantamiento normalmente, pero se comprometi\u00f3, fue limpio, hizo lo correcto, coloc\u00f3 el coche donde deb\u00eda estar, y se pudo escuchar su emoci\u00f3n en la radio inmediatamente despu\u00e9s. Para m\u00ed, esa es una gran se\u00f1al&#8221;.<\/strong><\/p>\n\n\n\n<p class=\"wp-block-paragraph\"><strong>&#8220;Ahora, lo que necesitamos es la consistencia de hacer eso una y otra vez, pero es genial ver que hace un gran trabajo y que tiene m\u00e1s potencial por delante&#8221;,<\/strong> dijo el directivo brit\u00e1nico, quien valor\u00f3 la <em>\u201cfortaleza\u201d <\/em>de Colapinto ante las adversidades con las que comenz\u00f3 su etapa en la F2.<\/p>\n\n\n\n<p class=\"wp-block-paragraph\"><strong>&#8220;Siempre ha sido un buen piloto, por eso est\u00e1 aqu\u00ed en el programa. Necesita momentos como este, pero tambi\u00e9n tiene que rendir cada fin de semana ahora hasta el nivel m\u00e1s alto. Eso es lo realmente importante&#8221;<\/strong>, finaliz\u00f3 Vowles. El jefe le hab\u00eda puesto un ultim\u00e1tum a <strong>Logan Sargeant<\/strong> por su rendimiento en F1 y pone m\u00e1s dudas sobre el piloto estadounidense.<\/p>\n\n\n\n<p class=\"wp-block-paragraph\">\u23e9&nbsp;<strong><em>\u00a1Seguinos en redes por&nbsp;<\/em><\/strong><a href=\"https:\/\/twitter.com\/grandepremioES\" target=\"_blank\" rel=\"noreferrer noopener\"><strong><em>Twitter&nbsp;<\/em><\/strong><\/a><strong><em>e&nbsp;<\/em><\/strong><a href=\"https:\/\/www.instagram.com\/grandepremioes\/\" target=\"_blank\" rel=\"noreferrer noopener\"><strong><em>Instagram!<\/em><\/strong><\/a><br><strong>\u23e9<\/strong>&nbsp;<strong><em>Adem\u00e1s, tenemos nuestro&nbsp;<\/em><\/strong><a href=\"https:\/\/whatsapp.com\/channel\/0029VaDZ5zb0gcfDxuwxBM05\" target=\"_blank\" rel=\"noreferrer noopener\"><strong><em>canal de Whatsapp<\/em><\/strong><\/a><strong><em>&nbsp;con toda la informaci\u00f3n al instante<\/em><\/strong>&nbsp;\ud83c\udfc1<\/p>\n\n\n\n<p class=\"wp-block-paragraph\">La <strong>F\u00f3rmula 2<\/strong> completar\u00e1 su fin de semana con la carrera principal este domingo en \u00cdmola desde las 5:00, hora de Brasilia y Buenos Aires. Cobertura de GRANDE PREMIO.<\/p>\n","protected":false},"excerpt":{"rendered":"<p>Franco Colapinto habl\u00f3 tras haber ganado por primera vez en la F\u00f3rmula 2 y coment\u00f3 lo importante que fueron los ensayos durante la temporada realizados en Barcelona, que le permiti\u00f3 recuperar la confianza perdida luego de un comienzo de a\u00f1o muy complicado.<\/p>\n","protected":false},"author":0,"featured_media":1010240687,"comment_status":"closed","ping_status":"closed","sticky":false,"template":"","format":"standard","meta":{"42wp_featured_image_caption":"","42wp_featured_image_credits":"","42wp_featured_video":"","42wp_featured_image_hidden":false,"42wp_authors_list":[],"footnotes":""},"categories":[3],"tags":[10311,10209,211,814,2528,1799,1553,285,387],"42wp_author":[14237],"class_list":["post-13785","post","type-post","status-publish","format-standard","has-post-thumbnail","hentry","category-f2","tag-circuito-de-catalunya","tag-circuito-enzo-y-dino-ferrari","tag-formula-2","tag-franco-colapinto","tag-imola-2","tag-james-vowles","tag-jose-maria-lopez","tag-logan-sargeant","tag-mp-motorsport","42wp_author-gabriel-garcia"],"_links":{"self":[{"href":"https:\/\/grandepremio.com\/es\/wp-json\/wp\/v2\/posts\/13785","targetHints":{"allow":["GET"]}}],"collection":[{"href":"https:\/\/grandepremio.com\/es\/wp-json\/wp\/v2\/posts"}],"about":[{"href":"https:\/\/grandepremio.com\/es\/wp-json\/wp\/v2\/types\/post"}],"replies":[{"embeddable":true,"href":"https:\/\/grandepremio.com\/es\/wp-json\/wp\/v2\/comments?post=13785"}],"version-history":[{"count":0,"href":"https:\/\/grandepremio.com\/es\/wp-json\/wp\/v2\/posts\/13785\/revisions"}],"wp:featuredmedia":[{"embeddable":true,"href":"https:\/\/grandepremio.com\/es\/wp-json\/wp\/v2\/media\/1010240687"}],"wp:attachment":[{"href":"https:\/\/grandepremio.com\/es\/wp-json\/wp\/v2\/media?parent=13785"}],"wp:term":[{"taxonomy":"category","embeddable":true,"href":"https:\/\/grandepremio.com\/es\/wp-json\/wp\/v2\/categories?post=13785"},{"taxonomy":"post_tag","embeddable":true,"href":"https:\/\/grandepremio.com\/es\/wp-json\/wp\/v2\/tags?post=13785"},{"taxonomy":"42wp_author","embeddable":true,"href":"https:\/\/grandepremio.com\/es\/wp-json\/wp\/v2\/42wp_author?post=13785"}],"curies":[{"name":"wp","href":"https:\/\/api.w.org\/{rel}","templated":true}]}}