{"id":13810,"date":"2024-05-17T11:59:22","date_gmt":"2024-05-17T14:59:22","guid":{"rendered":"https:\/\/grandepremio.com\/es\/2024\/05\/17\/bortoleto-pole-f2-imola-duerksen-colapinto\/"},"modified":"2024-05-17T19:24:34","modified_gmt":"2024-05-17T22:24:34","slug":"bortoleto-pole-f2-imola-duerksen-colapinto","status":"publish","type":"post","link":"https:\/\/grandepremio.com\/es\/f2\/bortoleto-pole-f2-imola-duerksen-colapinto\/","title":{"rendered":"Bortoleto hace pole de F2 en \u00cdmola, Duerksen es 5\u00b0 y Colapinto larga 2\u00b0 en la sprint"},"content":{"rendered":"\n<p class=\"wp-block-paragraph\"><strong>Gabriel Bortoleto <\/strong>se mostr\u00f3 muy r\u00e1pido a lo largo del viernes en la <strong>F\u00f3rmula 2 <\/strong>en <strong>\u00cdmola <\/strong>y se qued\u00f3 con el mejor tiempo en la clasificaci\u00f3n y parte como principal candidato a ganar el fin de semana. Sin embargo, detr\u00e1s de \u00e9l ocurrieron muchas quitas de tiempos al final de la tanda por parte de los comisarios de la <strong>Federaci\u00f3n Internacional del Autom\u00f3vil (FIA)<\/strong>, lo que hizo cambiar el clasificador. <\/p>\n\n\n\n<p class=\"wp-block-paragraph\">Por esto, los autos de<strong> Prema <\/strong>fueron al fondo de la tabla de registros, lo que promovi\u00f3 a <strong>Isack Hadjar<\/strong>, con Campos, al segundo lugar, y <strong>Joshua Duerksen <\/strong>complet\u00f3 su mejor actuacion del a\u00f1o con el quinto tiempo, y el tercer puesto en el clasificador. <strong>Zane Maloney<\/strong> fue cuarto y quinto se ubic\u00f3 el checo Roman Stanek.<\/p>\n\n\n\n<p class=\"wp-block-paragraph\">Entre los grandes ganadores quedaron Enzo Fittipaldi, en sexto, y Dennis Hauger, en s\u00e9ptimo. <strong>Franco Colapinto<\/strong> termin\u00f3 d\u00e9cimo, haci\u00e9ndose con la pole de la carrera corta de la cuarta fecha, aunque le quitaron la mejor vuelta cronometrada, que lo hubiera dejado en la s\u00e9ptima colocaci\u00f3n. <\/p>\n\n\n\n<p class=\"wp-block-paragraph\"><strong>ACTUALIZACI\u00d3N: Tras una nueva revisi\u00f3n de la clasificaci\u00f3n por parte de los comisarios deportivos, el nuevo top-10 qued\u00f3 determinado por Bortoleto, Bearman, Hadjar, Antonelli, Duerksen, Maloney, Stanek, Aron, Colapinto y Cordeel. De esta manera, para la carrera sprint, el belga partir\u00e1 de la posici\u00f3n de honor, mientras que el argentino completar\u00e1 la primera fila. <\/strong><\/p>\n\n\n\n<p class=\"wp-block-paragraph\">La F\u00f3rmula 2 continuar\u00e1 el s\u00e1bado con la carrera sprint, desde las 9:15, hora de Brasilia y Buenos Aires. GRANDE PR\u00caMIO seguir\u00e1 todas las actividades de la temporada 2024.<\/p>\n\n\n\n<p class=\"wp-block-paragraph\">\u23e9&nbsp;<strong><em>\u00a1Seguinos en redes por&nbsp;<\/em><\/strong><a href=\"https:\/\/twitter.com\/grandepremioES\" target=\"_blank\" rel=\"noreferrer noopener\"><strong><em>Twitter&nbsp;<\/em><\/strong><\/a><strong><em>e&nbsp;<\/em><\/strong><a href=\"https:\/\/www.instagram.com\/grandepremioes\/\" target=\"_blank\" rel=\"noreferrer noopener\"><strong><em>Instagram!<\/em><\/strong><\/a><br><strong>\u23e9<\/strong>&nbsp;<strong><em>Adem\u00e1s, tenemos nuestro&nbsp;<\/em><\/strong><a href=\"https:\/\/whatsapp.com\/channel\/0029VaDZ5zb0gcfDxuwxBM05\" target=\"_blank\" rel=\"noreferrer noopener\"><strong><em>canal de Whatsapp<\/em><\/strong><\/a><strong><em>&nbsp;con toda la informaci\u00f3n al instante<\/em><\/strong>&nbsp;\ud83c\udfc1<\/p>\n\n\n\n<figure class=\"wp-block-image size-large\"><img decoding=\"async\" src=\"https:\/\/grandepremio.com\/cdn-cgi\/image\/width=893,height=558,fit=contain,gravity=0.5x0.5,quality=75,format=webp\/es\/wp-content\/uploads\/2024\/05\/image-113-1024x576.png\" alt=\"\" class=\"wp-image-240438\"\/><figcaption class=\"wp-element-caption\">Franco Colapinto se fue de pista en la clasificaci\u00f3n de \u00cdmola. (Foto: Reproducci\u00f3n\/F2)<\/figcaption><\/figure>\n\n\n\n<p class=\"wp-block-paragraph\"><strong><u>As\u00ed se desarroll\u00f3 la clasificaci\u00f3n de la F\u00f3rmula 2 en \u00cdmola:<\/u><\/strong><\/p>\n\n\n\n<p class=\"wp-block-paragraph\">Tras la disputa de la clasificaci\u00f3n de la F3, la siguiente actividad en el <strong>Circuito Enzo y Dino Ferrari<\/strong> de \u00cdmola fue la tanda cronometrada de la F\u00f3rmula 2, con un cielo con algunas nubes y una temperatura alta.<\/p>\n\n\n\n<p class=\"wp-block-paragraph\"><strong>Pepe Mart\u00ed <\/strong>tuvo un fuerte despiste en la chicana de Tamburello con el auto del Campos Racing y el espa\u00f1ol debi\u00f3 irse por la leca para evitar golpearse contra las contenciones. Afortunadamente, no tuvo graves da\u00f1os en el coche, pero no pudo marcar un tiempo en el primer intento. &nbsp;<\/p>\n\n\n\n<p class=\"wp-block-paragraph\">Gabriel Bortoleto s\u00ed que pudo establecer un mejor tiempo, el de 1:28.044, escoltado por Isack Hadjar, a 0.026s y Joshua Duerksen sorprend\u00eda a todos en tercera plaza, a 0.057s, incluso por delante de <strong>Paul Aron <\/strong>y Oliver Bearman, dos nombres importantes de la categor\u00eda.<\/p>\n\n\n\n<p class=\"wp-block-paragraph\"><strong>Zane Maloney<\/strong> baj\u00f3 el tiempo a 1:28.010 y Taylor Barnard colocaba al otro <strong>AIX Racing <\/strong>en el top cinco, demostrando un gran nivel hasta ese momento bien temprano en la clasificaci\u00f3n. Sin embargo, Bortoleto le baj\u00f3 al de Barbados casi tres d\u00e9cimas el registro a 1:27.739.<\/p>\n\n\n\n<figure class=\"wp-block-image size-large\"><img decoding=\"async\" src=\"https:\/\/grandepremio.com\/cdn-cgi\/image\/width=893,height=558,fit=contain,gravity=0.5x0.5,quality=75,format=webp\/es\/wp-content\/uploads\/2024\/05\/image-114-1024x576.png\" alt=\"\" class=\"wp-image-240439\"\/><figcaption class=\"wp-element-caption\">Los autos sal\u00edan a pista al comienzo de la clasificaci\u00f3n. (Foto: Reproducci\u00f3n\/F2)<\/figcaption><\/figure>\n\n\n\n<p class=\"wp-block-paragraph\"><strong>Franco Colapinto<\/strong> tuvo una fuerte salida de pista mientras buscaba su mejor tiempo, se fue muy afuera por la leca y pudo frenar antes de chocarse contra las contenciones. Lamentablemente, estaba sin tiempos al fondo del clasificador luego de 13 minutos transcurridos de la sesi\u00f3n.<\/p>\n\n\n\n<p class=\"wp-block-paragraph\">Tras unos minutos de calma, en los que se realizaban reparaciones y cambios de puesta a punto en los autos, los pilotos sal\u00edan de nuevo a la pista para lograr el mejor registro posible. Notablemente, los tiempos ca\u00edan constantemente y <strong>Oliver Bearman<\/strong>, con Prema, marcaba lo mejor en 1:27.111, seguido por Isack Hadjar a 0.161 y por <strong>Andrea Kimi Antonelli<\/strong> a 0.209s.<\/p>\n\n\n\n<p class=\"wp-block-paragraph\">Joshua Duerksen se met\u00eda quinto en otro gran salto de rendimiento, a 0.273s de Bearman, mientras que Colapinto poco pod\u00eda hacer y se ubicaba d\u00e9cimo, bien lejos del brit\u00e1nico, a 0.843s, pero con la pole provisional de la carrera m\u00e1s corta del fin de semana en \u00cdmola.<\/p>\n\n\n\n<figure class=\"wp-block-image size-large\"><img decoding=\"async\" src=\"https:\/\/grandepremio.com\/cdn-cgi\/image\/width=893,height=558,fit=contain,gravity=0.5x0.5,quality=75,format=webp\/es\/wp-content\/uploads\/2024\/05\/image-115-1024x576.png\" alt=\"\" class=\"wp-image-240440\"\/><figcaption class=\"wp-element-caption\">&#8220;Pepe&#8221; Mart\u00ed se despist\u00f3, pero qued\u00f3 clasificado en el top diez. (Foto: Reproducci\u00f3n\/F2)<\/figcaption><\/figure>\n\n\n\n<p class=\"wp-block-paragraph\">Con menos de dos minutos para el final, Bortoleto marcaba el mejor tiempo en 1:27.056, bajando lo de Bearman en 55 mil\u00e9simas. Hadjar, Antonelli y Duerksen completaban los cinco mejores, y Colapinto mejoraba su registro para subir al noveno puesto.<\/p>\n\n\n\n<p class=\"wp-block-paragraph\">Ya con la sesi\u00f3n terminada, los comisarios deportivos de la FIA quitaron muchas vueltas por exceso de los l\u00edmites de la pista. Por lo tanto, los Prema de Bearman y Antonelli cayeron al fondo de la tabla, lo mismo para<strong> Amaury Cordeel <\/strong>y Franco Colapinto se vio perjudicado, aunque fue reclasificado d\u00e9cimo tras la quita de su mejor vuelta, que lo hubiera dejado s\u00e9ptimo por las sanciones a los otros pilotos.<\/p>\n\n\n\n<p class=\"wp-block-paragraph\">De esta manera, Bortoleto logr\u00f3 la pole position, eso no cambi\u00f3, el escolta fue Isack Hadjar y el Paraguayo Joshua Duerksen subi\u00f3 del quinto puesto al tercero, en una grand\u00edsima actuaci\u00f3n clasificatoria. Tras ellos, quedaron recolocados el l\u00edder del campeonato, Zane Maloney, en cuarta posici\u00f3n, y quinto <strong>Roman Stanek<\/strong> con el <strong>Trident.<\/strong><\/p>\n\n\n\n<p class=\"wp-block-paragraph\">\ud83d\udfe5&nbsp;<strong><em>\u00a1Todas las novedades te esperan en el canal de&nbsp;<\/em><\/strong><a href=\"https:\/\/www.youtube.com\/@GrandePremioES\" target=\"_blank\" rel=\"noreferrer noopener\"><strong><em>YouTube<\/em><\/strong><\/a><strong><em>&nbsp;de Grande Pr\u00eamio en Espa\u00f1ol!<\/em><\/strong>&nbsp;\ud83d\udfe8<\/p>\n\n\n\n<p class=\"wp-block-paragraph\"><strong>Enzo Fittipaldi <\/strong>fue de los m\u00e1s beneficiados con las sanciones, ya que trep\u00f3 al sexto puesto, lo mismo que <strong>Dennis Hauger <\/strong>en s\u00e9ptima colocaci\u00f3n. El compa\u00f1ero de Colapinto apenas hab\u00eda sido 13\u00b0. \u201cPepe\u201d Mart\u00ed fue colocado octavo, despu\u00e9s de su fuerte despiste, y <strong>Richard Verschoor <\/strong>se meti\u00f3 en primera fila de la grilla invertida en noveno puesto. Como se dijo, Colapinto qued\u00f3 d\u00e9cimo y largar\u00e1 primero en la carrera del s\u00e1bado.<\/p>\n\n\n\n<p class=\"wp-block-paragraph\"><strong>RESULTADOS:<\/strong><\/p>\n\n\n\n<figure class=\"wp-block-table\"><table><tbody><tr><td>1<\/td><td>G BORTOLETO<\/td><td>Invicta<\/td><td>1:27.056<\/td><td>&nbsp;<\/td><\/tr><tr><td>2<\/td><td>I HADJAR<\/td><td>Campos<\/td><td>1:27.272<\/td><td>+0.216<\/td><\/tr><tr><td>3<\/td><td>J D\u00dcRKSEN<\/td><td>AIX<\/td><td>1:27.384<\/td><td>+0.328<\/td><\/tr><tr><td>4<\/td><td>Z MALONEY<\/td><td>Rodin<\/td><td>1:27.428<\/td><td>+0.372<\/td><\/tr><tr><td>5<\/td><td>R STANEK<\/td><td>Trident<\/td><td>1:27.467<\/td><td>+0.411<\/td><\/tr><tr><td>6<\/td><td>E FITTIPALDI<\/td><td>Van Amersfoort<\/td><td>1:27.739<\/td><td>+0.683<\/td><\/tr><tr><td>7<\/td><td>D HAUGER<\/td><td>MP<\/td><td>1:27.795<\/td><td>+0.739<\/td><\/tr><tr><td>8<\/td><td>J M MART\u00cd<\/td><td>Campos<\/td><td>1:27.802<\/td><td>+0.746<\/td><\/tr><tr><td>9<\/td><td>R VERSCHOOR<\/td><td>Trident<\/td><td>1:27.886<\/td><td>+0.830<\/td><\/tr><tr><td>10<\/td><td>F COLAPINTO<\/td><td>MP<\/td><td>1:27.954<\/td><td>+0.898<\/td><\/tr><tr><td>11<\/td><td>P ARON<\/td><td>Hitech<\/td><td>1:28.011<\/td><td>+0.955<\/td><\/tr><tr><td>12<\/td><td>R MIYATA<\/td><td>Rodin<\/td><td>1:28.050<\/td><td>+0.994<\/td><\/tr><tr><td>13<\/td><td>K MAINI<\/td><td>Invicta<\/td><td>1:28.061<\/td><td>+1.005<\/td><\/tr><tr><td>14<\/td><td>Z O\u2019SULLIVAN<\/td><td>ART<\/td><td>1:28.128<\/td><td>+1.072<\/td><\/tr><tr><td>15<\/td><td>T BARNARD<\/td><td>AIX<\/td><td>1:28.169<\/td><td>+1.113<\/td><\/tr><tr><td>16<\/td><td>O BEARMAN<\/td><td>Prema<\/td><td>1:28.218<\/td><td>+1.162<\/td><\/tr><tr><td>17<\/td><td>A CORDEEL<\/td><td>Hitech<\/td><td>1:28.407<\/td><td>+1.351<\/td><\/tr><tr><td>18<\/td><td>A K ANTONELLI<\/td><td>Prema<\/td><td>1:28.542<\/td><td>+1.486<\/td><\/tr><tr><td>19<\/td><td>V MARTINS<\/td><td>ART<\/td><td>1:28.569<\/td><td>+1.513<\/td><\/tr><tr><td>20<\/td><td>R VILLAG\u00d3MEZ<\/td><td>Van Amersfoort<\/td><td>1:28.960<\/td><td>+1.904<\/td><\/tr><tr><td>21<\/td><td>J M CORREA<\/td><td>DAMS<\/td><td>1:31.631<\/td><td>+4.575<\/td><\/tr><tr><td>22<\/td><td>J CRAWFORD<\/td><td>DAMS<\/td><td>1:41.099<\/td><td>+14.043<\/td><\/tr><\/tbody><\/table><\/figure>\n","protected":false},"excerpt":{"rendered":"<p>La clasificaci\u00f3n de la F\u00f3rmula 2 en el circuito Enzo y Dino Ferrari de \u00cdmola para la cuarta ronda del campeonato, que tuvo la pole de Gabriel Bortoleto con Invicta, pero se ha destacado el paraguayo Joshua Duerksen en tercer puesto y Franco Colapinto termin\u00f3 d\u00e9cimo.<\/p>\n","protected":false},"author":0,"featured_media":1010240426,"comment_status":"closed","ping_status":"closed","sticky":false,"template":"","format":"standard","meta":{"42wp_featured_image_caption":"","42wp_featured_image_credits":"","42wp_featured_video":"","42wp_featured_image_hidden":false,"42wp_authors_list":[],"footnotes":""},"categories":[3],"tags":[6800,10209,2051,3027,263,6940,814,4071,7223,2300,9543,3129,1088,2931,282,383,10008,2286],"42wp_author":[14237],"class_list":["post-13810","post","type-post","status-publish","format-standard","has-post-thumbnail","hentry","category-f2","tag-andrea-kimi-antonelli","tag-circuito-enzo-y-dino-ferrari","tag-dennis-hauger","tag-enzo-fittipaldi","tag-fia","tag-formula-2-2","tag-franco-colapinto","tag-gabriel-bortoleto","tag-imola-3","tag-isack-hadjar","tag-joshua-duerksen","tag-oliver-bearman","tag-paul-aron","tag-pepe-marti","tag-prema","tag-richard-verschoor","tag-roman-stanek-2","tag-zane-maloney","42wp_author-gabriel-garcia"],"_links":{"self":[{"href":"https:\/\/grandepremio.com\/es\/wp-json\/wp\/v2\/posts\/13810","targetHints":{"allow":["GET"]}}],"collection":[{"href":"https:\/\/grandepremio.com\/es\/wp-json\/wp\/v2\/posts"}],"about":[{"href":"https:\/\/grandepremio.com\/es\/wp-json\/wp\/v2\/types\/post"}],"replies":[{"embeddable":true,"href":"https:\/\/grandepremio.com\/es\/wp-json\/wp\/v2\/comments?post=13810"}],"version-history":[{"count":0,"href":"https:\/\/grandepremio.com\/es\/wp-json\/wp\/v2\/posts\/13810\/revisions"}],"wp:featuredmedia":[{"embeddable":true,"href":"https:\/\/grandepremio.com\/es\/wp-json\/wp\/v2\/media\/1010240426"}],"wp:attachment":[{"href":"https:\/\/grandepremio.com\/es\/wp-json\/wp\/v2\/media?parent=13810"}],"wp:term":[{"taxonomy":"category","embeddable":true,"href":"https:\/\/grandepremio.com\/es\/wp-json\/wp\/v2\/categories?post=13810"},{"taxonomy":"post_tag","embeddable":true,"href":"https:\/\/grandepremio.com\/es\/wp-json\/wp\/v2\/tags?post=13810"},{"taxonomy":"42wp_author","embeddable":true,"href":"https:\/\/grandepremio.com\/es\/wp-json\/wp\/v2\/42wp_author?post=13810"}],"curies":[{"name":"wp","href":"https:\/\/api.w.org\/{rel}","templated":true}]}}