{"id":13844,"date":"2024-05-15T13:08:07","date_gmt":"2024-05-15T16:08:07","guid":{"rendered":"https:\/\/grandepremio.com\/es\/2024\/05\/15\/audi-proyecto-f1-sainz-zhou-bottas-2026-video-gp-espanol\/"},"modified":"2024-05-15T13:08:14","modified_gmt":"2024-05-15T16:08:14","slug":"audi-proyecto-f1-sainz-zhou-bottas-2026-video-gp-espanol","status":"publish","type":"post","link":"https:\/\/grandepremio.com\/es\/f1\/audi-proyecto-f1-sainz-zhou-bottas-2026-video-gp-espanol\/","title":{"rendered":"#VideoGP: Audi cierra fichaje de H\u00fclkenberg y eval\u00faa opciones para segundo asiento en F1"},"content":{"rendered":"\n<p class=\"wp-block-paragraph\">La llegada de <strong>Audi <\/strong>genera una expectativa inusual en la <strong>F1<\/strong>. El desembarco del fabricante alem\u00e1n, con un exitoso paso por otras disciplinas del deporte motor, llega con un ambicioso proyecto y la premisa de no solo entrar con un equipo propio, sino tambi\u00e9n de ingresar como proveedor de motores al campeonato, aprovechando el cambio reglamentario que entrar\u00e1 en vigencia en 2026, a\u00f1o en el que la marca de Ingolstadt tendr\u00e1 su debut en la categor\u00eda ocupando el lugar de <strong>Sauber<\/strong>.<\/p>\n\n\n\n<p class=\"wp-block-paragraph\">\ud83d\udfe5&nbsp;<strong><em>\u00a1Todas las novedades te esperan en el canal de&nbsp;<\/em><\/strong><a href=\"https:\/\/www.youtube.com\/@GrandePremioES\" target=\"_blank\" rel=\"noreferrer noopener\"><strong><em>YouTube<\/em><\/strong><\/a><strong><em>&nbsp;de Grande Pr\u00eamio en Espa\u00f1ol!<\/em><\/strong>&nbsp;\ud83d\udfe8<\/p>\n\n\n\n<p class=\"wp-block-paragraph\">Con <strong>Andreas Seidl,<\/strong> considerado como el responsable de liderar el resurgimiento de <strong>McLaren<\/strong> en F1, en el puesto de jefe de equipo, <strong>Audi <\/strong>trabaja en el desarrollo de su motor y, tras adquirir la totalidad del paquete accionario de <strong>Sauber<\/strong>, concreta el desarrollo de su proyecto fichando a su primer piloto. <strong>Nico H\u00fclkenberg,<\/strong> piloto que compite en F1 desde 2010, llega con un contrato de tres temporadas que comienza en 2025 y promete recortar el proceso de adaptaci\u00f3n para el nuevo equipo, aportando su experiencia. <\/p>\n\n\n\n<p class=\"wp-block-paragraph\">Sin embargo, el segundo asiento de Audi sigue siendo una inc\u00f3gnita e implica, a d\u00eda de hoy, una vacante tentadora para los pilotos que aspiran a continuar en F1. El equipo alem\u00e1n, con su proyecto a largo plazo, inversi\u00f3n y apuesta por el nuevo reglamento, promete un equipo competitivo desde su misma llegada, y tres son los pilotos que actualmente se contemplan como candidatos para esa butaca. Los actuales pilotos de <strong>Sauber, Guanyu Zhou<\/strong> y <strong>Valtteri Bottas<\/strong>, son los principales que contempla la marca alemana. <\/p>\n\n\n\n<p class=\"wp-block-paragraph\">\u23e9\u00a0<strong><em>\u00a1Seguinos en redes por\u00a0<\/em><\/strong><a href=\"https:\/\/twitter.com\/grandepremioES\" target=\"_blank\" rel=\"noreferrer noopener\"><strong><em>Twitter\u00a0<\/em><\/strong><\/a><strong><em>e\u00a0<\/em><\/strong><a href=\"https:\/\/www.instagram.com\/grandepremioes\/\" target=\"_blank\" rel=\"noreferrer noopener\"><strong><em>Instagram!<\/em><\/strong><\/a><br><strong>\u23e9<\/strong>\u00a0<strong><em>Adem\u00e1s, tenemos nuestro\u00a0<\/em><\/strong><a href=\"https:\/\/whatsapp.com\/channel\/0029VaDZ5zb0gcfDxuwxBM05\" target=\"_blank\" rel=\"noreferrer noopener\"><strong><em>canal de Whatsapp<\/em><\/strong><\/a><strong><em>\u00a0con toda la informaci\u00f3n al instante<\/em><\/strong>\u00a0\ud83c\udfc1<\/p>\n\n\n\n<figure class=\"wp-block-image size-large\"><img decoding=\"async\" src=\"https:\/\/grandepremio.com\/es\/wp-content\/uploads\/2024\/05\/A234333_web_1440-1024x512.jpg\" alt=\"\" class=\"wp-image-240192\"\/><figcaption class=\"wp-element-caption\">Audi llegar\u00e1 a la F1 en 2026, tomando el lugar que actualmente ocupa Sauber (Foto: Reproducci\u00f3n)<\/figcaption><\/figure>\n\n\n\n<p class=\"wp-block-paragraph\">Tanto Bottas como Zhou apuestan en seguir en F1 al no tener propuestas para 2025, y Sauber es su opci\u00f3n prioritaria. Sin embargo, ni el equipo suizo o la marca se han pronunciado al respecto y su continuidad parece estar en duda. Sin embargo, quien s\u00ed es de inter\u00e9s para Audi es <strong>Carlos Sainz<\/strong>. El piloto espa\u00f1ol, que abandonar\u00e1 <strong>Ferrari <\/strong>en 2024, es la opci\u00f3n que prioriza la marca alemana, ya que contempla su requerimiento de &#8221;piloto top&#8221; y ser\u00eda el indicado para liderar en pista al proyecto. Sin embargo, a\u00fan no han hecho ofertas formales para fichar al piloto espa\u00f1ol.<\/p>\n\n\n\n<p class=\"wp-block-paragraph\">En este nuevo video de <strong>GRANDE PR\u00caMIO en ESPA\u00d1OL, <\/strong>Juan Pablo Otrosky analiza los avances del proyecto de Audi en F1 y eval\u00faa a los pilotos que contempla la marca como candidatos para el segundo asiento, analizando su situaci\u00f3n actual y las probabilidades de fichar.<\/p>\n\n\n\n<p class=\"wp-block-paragraph\"><strong>La\u00a0<a href=\"https:\/\/es.grandepremio.com\/f1\/\" target=\"_blank\" rel=\"noreferrer noopener\"><\/a><a href=\"https:\/\/es.grandepremio.com\/f1\/\" target=\"_blank\" rel=\"noreferrer noopener\">F\u00f3rmula 1<\/a>\u00a0regresa este fin de semana, del 17 al 19 de mayo, en Imola, con motivo del Gran Premio de Emilia-Roma\u00f1a. GRANDE PR\u00caMIO en Espa\u00f1ol cubrir\u00e1 todas las actividades EN DIRECTO y EN TIEMPO REAL.<\/strong><\/p>\n\n\n\n<figure class=\"wp-block-embed is-type-video is-provider-youtube wp-block-embed-youtube wp-embed-aspect-16-9 wp-has-aspect-ratio\"><div class=\"wp-block-embed__wrapper\">\n<iframe loading=\"lazy\" title=\"AUDI ULTIMA DETALLES Y ANUNCIA PILOTOS PARA SU EQUIPO DE F1\" width=\"500\" height=\"281\" src=\"https:\/\/www.youtube.com\/embed\/Dak73fkEO2U?feature=oembed\" frameborder=\"0\" allow=\"accelerometer; autoplay; clipboard-write; encrypted-media; gyroscope; picture-in-picture; web-share\" referrerpolicy=\"strict-origin-when-cross-origin\" allowfullscreen><\/iframe>\n<\/div><\/figure>\n","protected":false},"excerpt":{"rendered":"<p>Audi ultima detalles para ingresar en F1 a partir de la temporada 2026 y anuncia la llegada de Nico H\u00fclkenberg como su primer piloto, mientras se debate por tres pilotos para ocupar el lugar restante <\/p>\n","protected":false},"author":0,"featured_media":1010240189,"comment_status":"closed","ping_status":"closed","sticky":false,"template":"","format":"standard","meta":{"42wp_featured_image_caption":"","42wp_featured_image_credits":"","42wp_featured_video":"","42wp_featured_image_hidden":false,"42wp_authors_list":[],"footnotes":""},"categories":[5],"tags":[612,181,2249,179,2259,1488,254,8588,497,4540,252],"42wp_author":[14239],"class_list":["post-13844","post","type-post","status-publish","format-standard","has-post-thumbnail","hentry","category-f1","tag-audi","tag-f1","tag-f1-2024","tag-formula-1","tag-formula-1-2024","tag-grande-premio","tag-guanyu-zhou","tag-nico-hlkenberg","tag-sauber","tag-temporada-2024-f1","tag-valtteri-bottas","42wp_author-jp-otrosky"],"_links":{"self":[{"href":"https:\/\/grandepremio.com\/es\/wp-json\/wp\/v2\/posts\/13844","targetHints":{"allow":["GET"]}}],"collection":[{"href":"https:\/\/grandepremio.com\/es\/wp-json\/wp\/v2\/posts"}],"about":[{"href":"https:\/\/grandepremio.com\/es\/wp-json\/wp\/v2\/types\/post"}],"replies":[{"embeddable":true,"href":"https:\/\/grandepremio.com\/es\/wp-json\/wp\/v2\/comments?post=13844"}],"version-history":[{"count":0,"href":"https:\/\/grandepremio.com\/es\/wp-json\/wp\/v2\/posts\/13844\/revisions"}],"wp:featuredmedia":[{"embeddable":true,"href":"https:\/\/grandepremio.com\/es\/wp-json\/wp\/v2\/media\/1010240189"}],"wp:attachment":[{"href":"https:\/\/grandepremio.com\/es\/wp-json\/wp\/v2\/media?parent=13844"}],"wp:term":[{"taxonomy":"category","embeddable":true,"href":"https:\/\/grandepremio.com\/es\/wp-json\/wp\/v2\/categories?post=13844"},{"taxonomy":"post_tag","embeddable":true,"href":"https:\/\/grandepremio.com\/es\/wp-json\/wp\/v2\/tags?post=13844"},{"taxonomy":"42wp_author","embeddable":true,"href":"https:\/\/grandepremio.com\/es\/wp-json\/wp\/v2\/42wp_author?post=13844"}],"curies":[{"name":"wp","href":"https:\/\/api.w.org\/{rel}","templated":true}]}}