{"id":13875,"date":"2024-05-13T11:28:12","date_gmt":"2024-05-13T14:28:12","guid":{"rendered":"https:\/\/grandepremio.com\/es\/2024\/05\/13\/keselowski-quiebra-racha-sin-victorias-darlington\/"},"modified":"2024-05-13T11:28:19","modified_gmt":"2024-05-13T14:28:19","slug":"keselowski-quiebra-racha-sin-victorias-darlington","status":"publish","type":"post","link":"https:\/\/grandepremio.com\/es\/nascar\/keselowski-quiebra-racha-sin-victorias-darlington\/","title":{"rendered":"Keselowski quiebra racha sin victorias y gana en Darlington con dise\u00f1o especial"},"content":{"rendered":"\n<p class=\"wp-block-paragraph\">La fecha especial de la Cup Series de <strong>Nascar<\/strong> en <strong>Darlington<\/strong>, en Carolina del Sur, se llev\u00f3 a cabo el domingo con dise\u00f1os retro en muchos de los autos, incluido el de <strong>Brad Keselowski<\/strong>, aunque, en su caso, decidi\u00f3 utilizar en su <strong>Ford<\/strong> del equipo RFK un homenaje al Toyota del <strong>Tom\u2019s Racing<\/strong> m\u00edtico con la publicidad de Castrol.<\/p>\n\n\n\n<p class=\"wp-block-paragraph\">\ud83d\udfe5&nbsp;<strong><em>\u00a1Todas las novedades te esperan en el canal de&nbsp;<\/em><\/strong><a href=\"https:\/\/www.youtube.com\/@GrandePremioES\" target=\"_blank\" rel=\"noreferrer noopener\"><strong><em>YouTube<\/em><\/strong><\/a><strong><em>&nbsp;de Grande Pr\u00eamio en Espa\u00f1ol!<\/em><\/strong>&nbsp;\ud83d\udfe8<\/p>\n\n\n\n<p class=\"wp-block-paragraph\">Se podr\u00eda decir que la decoraci\u00f3n homenaje le trajo suerte al campe\u00f3n 2012 de <strong>Cup<\/strong>, porque volvi\u00f3 a ganar tras 110 carreras sin hacerlo y, adem\u00e1s, le dio la primera victoria al <strong>Ford Mustang<\/strong> en el presente curso de la categor\u00eda norteamericana.<\/p>\n\n\n\n<p class=\"wp-block-paragraph\">Por segunda semana consecutiva, <strong>Chris Buescher<\/strong> se qued\u00f3 a las puertas de la victoria, pero un toque con <strong>Tyler Reddick <\/strong>en la vuelta 264 de la carrera acab\u00f3 con sus posibilidades de un triunfo que se le viene negando en 2024. Hay que recordar que la semana pasada, el compa\u00f1ero de Keselowski perdi\u00f3 la prueba de Kansas de manera ag\u00f3nica a manos de <strong>Kyle Larson<\/strong>.<\/p>\n\n\n\n<figure class=\"wp-block-image size-full is-resized\"><img decoding=\"async\" src=\"https:\/\/grandepremio.com\/es\/wp-content\/uploads\/2024\/05\/image-79.png\" alt=\"\" class=\"wp-image-239979\" style=\"aspect-ratio:1.5;width:834px;height:auto\"\/><figcaption class=\"wp-element-caption\">Keselowski celebr\u00f3 su primera victoria tras 110 carreras (Foto: Nascar)<\/figcaption><\/figure>\n\n\n\n<p class=\"wp-block-paragraph\">Fue tal el enojo del piloto de <strong>RFK<\/strong>, que fue a buscar explicaciones a Reddick al cabo de la carrera y hubo empujones y manotazos, hasta que Tyler se disculp\u00f3 y asumi\u00f3 la responsabilidad por el roce que los mand\u00f3 contra el muro en la <em>\u201cdama de negro\u201d<\/em>.<\/p>\n\n\n\n<p class=\"wp-block-paragraph\"><strong>&#8220;Vaya d\u00eda&#8221;,<\/strong> dijo Keselowski. <strong>&#8220;Es Darlington, as\u00ed que ya sea tu primera victoria o la \u00faltima, es una pista muy especial. Forma parte de la historia de la NASCAR y es tan duro como podr\u00eda serlo. Esa batalla al final contra mi compa\u00f1ero de equipo [Chris Buescher] y Tyler Reddick fue incre\u00edble, nos entregamos hasta el final&#8221;<\/strong>, concluy\u00f3.<\/p>\n\n\n\n<p class=\"wp-block-paragraph\"><strong>Ty Gibbs <\/strong>se hizo con la segunda plaza, mientras que Josh Berry complet\u00f3 el top-3. <strong>Denny Hamlin<\/strong>, <strong>Chase Briscoe<\/strong>, William Byron, <strong>Bubba Wallace<\/strong>, Alex Bowman, Justin Haley y Michael McDowell completaron los diez primeros. Tras el incidente, Buescher cay\u00f3 hasta la 30\u00aa plaza, y Reddick s\u00f3lo fue 32\u00ba.<\/p>\n\n\n\n<p class=\"wp-block-paragraph\">\u23e9&nbsp;<strong><em>\u00a1Seguinos en redes por&nbsp;<\/em><\/strong><a href=\"https:\/\/twitter.com\/grandepremioES\" target=\"_blank\" rel=\"noreferrer noopener\"><strong><em>Twitter&nbsp;<\/em><\/strong><\/a><strong><em>e&nbsp;<\/em><\/strong><a href=\"https:\/\/www.instagram.com\/grandepremioes\/\" target=\"_blank\" rel=\"noreferrer noopener\"><strong><em>Instagram!<\/em><\/strong><\/a><br><strong>\u23e9<\/strong>&nbsp;<strong><em>Adem\u00e1s, tenemos nuestro&nbsp;<\/em><\/strong><a href=\"https:\/\/whatsapp.com\/channel\/0029VaDZ5zb0gcfDxuwxBM05\" target=\"_blank\" rel=\"noreferrer noopener\"><strong><em>canal de Whatsapp<\/em><\/strong><\/a><strong><em>&nbsp;con toda la informaci\u00f3n al instante<\/em><\/strong>&nbsp;\ud83c\udfc1<\/p>\n\n\n\n<p class=\"wp-block-paragraph\">El pr\u00f3ximo fin de semana, la <strong>NASCAR<\/strong> se prepara para la All-Star Race en <strong>North Wilkesboro<\/strong>, que no es puntuable para el campeonato. La 14\u00aa prueba de la temporada 2024 tendr\u00e1 lugar el domingo 26 de este mes con la prueba de 600 millas en<strong> Charlotte.<\/strong><\/p>\n","protected":false},"excerpt":{"rendered":"<p>Debieron pasar 110 carreras para que Brad Keselowski volviera a ganar en Nascar y lo hizo en el \u00f3valo de Darlington, luego de aprovechar un toque entre Tyler Reddick y Chris Buescher, en una carrera en la que llev\u00f3 un dise\u00f1o homenaje al Tom\u2019s Racing. <\/p>\n","protected":false},"author":0,"featured_media":1010239976,"comment_status":"closed","ping_status":"closed","sticky":false,"template":"","format":"standard","meta":{"42wp_featured_image_caption":"","42wp_featured_image_credits":"","42wp_featured_video":"","42wp_featured_image_hidden":false,"42wp_authors_list":[],"footnotes":""},"categories":[24],"tags":[6187,3332,6880,3369,3308,3333,2111,3228,926,3370,10295,6190,2991],"42wp_author":[14237],"class_list":["post-13875","post","type-post","status-publish","format-standard","has-post-thumbnail","hentry","category-nascar","tag-brad-keselowski","tag-bubba-wallace","tag-chase-briscoe","tag-chris-buescher","tag-darlington","tag-denny-hamlin","tag-ford","tag-kyle-larson","tag-nascar","tag-rfk-racing","tag-toms-racing","tag-ty-gibbs","tag-tyler-reddick","42wp_author-gabriel-garcia"],"_links":{"self":[{"href":"https:\/\/grandepremio.com\/es\/wp-json\/wp\/v2\/posts\/13875","targetHints":{"allow":["GET"]}}],"collection":[{"href":"https:\/\/grandepremio.com\/es\/wp-json\/wp\/v2\/posts"}],"about":[{"href":"https:\/\/grandepremio.com\/es\/wp-json\/wp\/v2\/types\/post"}],"replies":[{"embeddable":true,"href":"https:\/\/grandepremio.com\/es\/wp-json\/wp\/v2\/comments?post=13875"}],"version-history":[{"count":0,"href":"https:\/\/grandepremio.com\/es\/wp-json\/wp\/v2\/posts\/13875\/revisions"}],"wp:featuredmedia":[{"embeddable":true,"href":"https:\/\/grandepremio.com\/es\/wp-json\/wp\/v2\/media\/1010239976"}],"wp:attachment":[{"href":"https:\/\/grandepremio.com\/es\/wp-json\/wp\/v2\/media?parent=13875"}],"wp:term":[{"taxonomy":"category","embeddable":true,"href":"https:\/\/grandepremio.com\/es\/wp-json\/wp\/v2\/categories?post=13875"},{"taxonomy":"post_tag","embeddable":true,"href":"https:\/\/grandepremio.com\/es\/wp-json\/wp\/v2\/tags?post=13875"},{"taxonomy":"42wp_author","embeddable":true,"href":"https:\/\/grandepremio.com\/es\/wp-json\/wp\/v2\/42wp_author?post=13875"}],"curies":[{"name":"wp","href":"https:\/\/api.w.org\/{rel}","templated":true}]}}