{"id":13938,"date":"2024-05-07T13:54:35","date_gmt":"2024-05-07T16:54:35","guid":{"rendered":"https:\/\/grandepremio.com\/es\/2024\/05\/07\/wolff-dice-miedo-problemas-w15-newey-no-solucionarlos\/"},"modified":"2024-05-07T13:54:46","modified_gmt":"2024-05-07T16:54:46","slug":"wolff-dice-miedo-problemas-w15-newey-no-solucionarlos","status":"publish","type":"post","link":"https:\/\/grandepremio.com\/es\/f1\/wolff-dice-miedo-problemas-w15-newey-no-solucionarlos\/","title":{"rendered":"Wolff dice que le &#8220;da miedo&#8221; los problemas del W15 y que Newey no podr\u00eda solucionarlos"},"content":{"rendered":"\n<p class=\"wp-block-paragraph\"><strong>Toto Wolff<\/strong> es un hombre vencido. Es que ha declarado a la versi\u00f3n alemana de Sky Sports que la situaci\u00f3n de <strong>Mercedes <\/strong>es tan <em>\u00abaterradora\u00bb<\/em> que ni siquiera <strong>Adrian Newey <\/strong>ser\u00eda capaz de resolverla y que no aparecen las soluciones por parte de su equipo t\u00e9cnico.<\/p>\n\n\n\n<p class=\"wp-block-paragraph\">\ud83d\udfe5\u00a0<strong><em>\u00a1Todas las novedades te esperan en el canal de\u00a0<\/em><\/strong><a href=\"https:\/\/www.youtube.com\/@GrandePremioES\" target=\"_blank\" rel=\"noreferrer noopener\"><strong><em>YouTube<\/em><\/strong><\/a><strong><em>\u00a0de Grande Pr\u00eamio en Espa\u00f1ol!<\/em><\/strong>\u00a0\ud83d\udfe8<\/p>\n\n\n\n<p class=\"wp-block-paragraph\">Aunque llevaron al <strong>GP de Miami <\/strong>un importante paquete de actualizaciones, sobre todo centradas en la parte delantera del <strong>W15<\/strong>, el aler\u00f3n, la suspensi\u00f3n y el suelo, el rendimiento del coche no ha sido nada bueno en la sexta cita de la F\u00f3rmula 1. Siguen acusando problemas de neum\u00e1ticos y de velocidad punta, como se ha quejado todo el fin de semana por la radio<strong> Lewis Hamilton<\/strong>.<\/p>\n\n\n\n<p class=\"wp-block-paragraph\">Sobre Newey, que ser\u00e1 agente libre desde el a\u00f1o que viene, Wolff dijo que si lo fichar\u00eda tendr\u00eda mucho que hacer con el auto:<strong> &#8220;Adrian es un ingeniero incre\u00edble, pero incluso al mayor mago le costar\u00eda resolver nuestros problemas, eso seguro&#8221;.<\/strong><\/p>\n\n\n\n<figure class=\"wp-block-image size-full\"><img decoding=\"async\" src=\"https:\/\/grandepremio.com\/es\/wp-content\/uploads\/2024\/05\/image-41.png\" alt=\"\" class=\"wp-image-239581\"\/><\/figure>\n\n\n\n<p class=\"wp-block-paragraph\">Lewis Hamilton en Miami: nada le sale bien a Mercedes (Foto: AFP)<\/p>\n\n\n\n<p class=\"wp-block-paragraph\"><strong>&#8220;La situaci\u00f3n es aterradora&#8221;<\/strong>, reconoci\u00f3 Wolff. Luego, agreg\u00f3: <strong>&#8220;Tenemos que admitir que es muy molesto tener los mismos problemas una y otra vez. No hay explicaciones ni excusas. Si Lewis hace una vuelta a 0s1 del l\u00edder, somos terceros, pero luego nada funciona. Eso es lo que no entendemos ahora con los neum\u00e1ticos, no podemos ponerlos en la ventana correcta&#8221;.<\/strong><\/p>\n\n\n\n<p class=\"wp-block-paragraph\"><strong>&#8220;No es excusa, porque todo el mundo lo entiende mejor. Seguimos trabajando y esperamos crecer como lo hizo McLaren el a\u00f1o pasado&#8221;<\/strong>, concluy\u00f3 el directivo acerca de la realidad de Mercedes, que se ha quedado muy por detr\u00e1s este a\u00f1o de Ferrari, <strong>McLaren<\/strong> y de <strong>Red Bull<\/strong>.<\/p>\n\n\n\n<p class=\"wp-block-paragraph\">\u23e9&nbsp;<strong><em>\u00a1Seguinos en redes por&nbsp;<\/em><\/strong><a href=\"https:\/\/twitter.com\/grandepremioES\" target=\"_blank\" rel=\"noreferrer noopener\"><strong><em>Twitter&nbsp;<\/em><\/strong><\/a><strong><em>e&nbsp;<\/em><\/strong><a href=\"https:\/\/www.instagram.com\/grandepremioes\/\" target=\"_blank\" rel=\"noreferrer noopener\"><strong><em>Instagram!<\/em><\/strong><\/a><br><strong>\u23e9<\/strong>&nbsp;<strong><em>Adem\u00e1s, tenemos nuestro&nbsp;<\/em><\/strong><a href=\"https:\/\/whatsapp.com\/channel\/0029VaDZ5zb0gcfDxuwxBM05\" target=\"_blank\" rel=\"noreferrer noopener\"><strong><em>canal de Whatsapp<\/em><\/strong><\/a><strong><em>&nbsp;con toda la informaci\u00f3n al instante<\/em><\/strong>&nbsp;\ud83c\udfc1<\/p>\n\n\n\n<p class=\"wp-block-paragraph\">La <strong>F\u00f3rmula 1<\/strong> regresa del 17 al 19 de mayo con el Gran Premio de Emilia-Roma\u00f1a en el circuito de \u00cdmola, para la s\u00e9ptima cita del calendario y primera en suelo europeo del a\u00f1o.<\/p>\n\n\n\n<figure class=\"wp-block-embed is-type-video is-provider-youtube wp-block-embed-youtube wp-embed-aspect-16-9 wp-has-aspect-ratio\"><div class=\"wp-block-embed__wrapper\">\n<iframe loading=\"lazy\" title=\"GP DE MIAMI - EL RESUMEN\" width=\"500\" height=\"281\" src=\"https:\/\/www.youtube.com\/embed\/oOGcSQ3hsTU?start=3&amp;feature=oembed\" frameborder=\"0\" allow=\"accelerometer; autoplay; clipboard-write; encrypted-media; gyroscope; picture-in-picture; web-share\" referrerpolicy=\"strict-origin-when-cross-origin\" allowfullscreen><\/iframe>\n<\/div><\/figure>\n","protected":false},"excerpt":{"rendered":"<p>El jefe de Mercedes, Toto Wolff, reconoci\u00f3 la genialidad de Adrian Newey, pero que los problemas del monoplaza van m\u00e1s all\u00e1 de la l\u00f3gica, como la dificultad a la que se enfrent\u00f3 el equipo con los neum\u00e1ticos en el Gran Premio de Miami.<\/p>\n","protected":false},"author":0,"featured_media":1010239579,"comment_status":"closed","ping_status":"closed","sticky":false,"template":"","format":"standard","meta":{"42wp_featured_image_caption":"","42wp_featured_image_credits":"","42wp_featured_video":"","42wp_featured_image_hidden":false,"42wp_authors_list":[],"footnotes":""},"categories":[5],"tags":[742,181,2249,179,1534,199,269,197,206,569,9580],"42wp_author":[14237],"class_list":["post-13938","post","type-post","status-publish","format-standard","has-post-thumbnail","hentry","category-f1","tag-adrian-newey","tag-f1","tag-f1-2024","tag-formula-1","tag-gp-de-miami","tag-lewis-hamilton","tag-mclaren","tag-mercedes","tag-red-bull","tag-toto-wolff","tag-w15","42wp_author-gabriel-garcia"],"_links":{"self":[{"href":"https:\/\/grandepremio.com\/es\/wp-json\/wp\/v2\/posts\/13938","targetHints":{"allow":["GET"]}}],"collection":[{"href":"https:\/\/grandepremio.com\/es\/wp-json\/wp\/v2\/posts"}],"about":[{"href":"https:\/\/grandepremio.com\/es\/wp-json\/wp\/v2\/types\/post"}],"replies":[{"embeddable":true,"href":"https:\/\/grandepremio.com\/es\/wp-json\/wp\/v2\/comments?post=13938"}],"version-history":[{"count":0,"href":"https:\/\/grandepremio.com\/es\/wp-json\/wp\/v2\/posts\/13938\/revisions"}],"wp:featuredmedia":[{"embeddable":true,"href":"https:\/\/grandepremio.com\/es\/wp-json\/wp\/v2\/media\/1010239579"}],"wp:attachment":[{"href":"https:\/\/grandepremio.com\/es\/wp-json\/wp\/v2\/media?parent=13938"}],"wp:term":[{"taxonomy":"category","embeddable":true,"href":"https:\/\/grandepremio.com\/es\/wp-json\/wp\/v2\/categories?post=13938"},{"taxonomy":"post_tag","embeddable":true,"href":"https:\/\/grandepremio.com\/es\/wp-json\/wp\/v2\/tags?post=13938"},{"taxonomy":"42wp_author","embeddable":true,"href":"https:\/\/grandepremio.com\/es\/wp-json\/wp\/v2\/42wp_author?post=13938"}],"curies":[{"name":"wp","href":"https:\/\/api.w.org\/{rel}","templated":true}]}}