{"id":14084,"date":"2024-04-27T13:01:08","date_gmt":"2024-04-27T16:01:08","guid":{"rendered":"https:\/\/grandepremio.com\/es\/2024\/04\/27\/marc-marquez-domina-lluvia-y-logra-la-primera-pole-de-ducati-en-motogp-en-espana\/"},"modified":"2024-04-27T13:01:49","modified_gmt":"2024-04-27T16:01:49","slug":"marc-marquez-domina-lluvia-y-logra-la-primera-pole-de-ducati-en-motogp-en-espana","status":"publish","type":"post","link":"https:\/\/grandepremio.com\/es\/motogp\/marc-marquez-domina-lluvia-y-logra-la-primera-pole-de-ducati-en-motogp-en-espana\/","title":{"rendered":"Marc M\u00e1rquez domina en lluvia y logra primera pole con Ducati en MotoGP en Jerez"},"content":{"rendered":"\n<p class=\"wp-block-paragraph\">La lluvia que cay\u00f3 por la ma\u00f1ana en <strong>Jerez de la Frontera <\/strong>alter\u00f3 la grilla del <strong>MotoGP<\/strong>. Con la pista a\u00fan h\u00fameda pero comenzando a secarse, los pilotos tuvieron que adaptarse a las condiciones durante la clasificaci\u00f3n. Al final, <strong>Marc M\u00e1rquez <\/strong>marc\u00f3 la pole con un tiempo de 1min46s773, la primera del #93 con una moto <strong>Ducati <\/strong>y con el equipo <strong>Gresini<\/strong>.<\/p>\n\n\n\n<p class=\"wp-block-paragraph\"><strong>Marc M\u00e1rquez <\/strong>ya hab\u00eda liderado en la ma\u00f1ana del s\u00e1bado la segunda pr\u00e1ctica en el circuito espa\u00f1ol. All\u00ed le siguieron Fabio Di Giannantonio, Francesco Bagnaia, Ra\u00fal Fern\u00e1ndez, Maverick Vi\u00f1ales, Miguel Oliveira, Acosta, Morbidelli, \u00c1lex M\u00e1rquez y Aleix Espargar\u00f3.<\/p>\n\n\n\n<p class=\"wp-block-paragraph\">\u23e9&nbsp;<strong><em>\u00a1Seguinos en redes por&nbsp;<a href=\"https:\/\/twitter.com\/grandepremioES\" target=\"_blank\" rel=\"noreferrer noopener\">Twitter&nbsp;<\/a>e&nbsp;<a href=\"https:\/\/www.instagram.com\/grandepremioes\/\" target=\"_blank\" rel=\"noreferrer noopener\">Instagram!<\/a><\/em><\/strong><br><strong>\u23e9<\/strong>&nbsp;<strong><em>Adem\u00e1s, tenemos nuestro&nbsp;<a href=\"https:\/\/whatsapp.com\/channel\/0029VaDZ5zb0gcfDxuwxBM05\" target=\"_blank\" rel=\"noreferrer noopener\">canal de Whatsapp<\/a>&nbsp;con toda la informaci\u00f3n al instante<\/em><\/strong>&nbsp;\ud83c\udfc1<\/p>\n\n\n\n<p class=\"wp-block-paragraph\"><strong>Marco Bezzecchi <\/strong>volvi\u00f3 a mostrar un gran rendimiento y se recuper\u00f3 de un inicio de temporada discreto, quedando en la segunda posici\u00f3n. La primera fila de la parrilla del <strong>Gran Premio de Espa\u00f1a <\/strong>tambi\u00e9n cuenta con <strong>Jorge Mart\u00edn<\/strong>, actual l\u00edder del campeonato.<\/p>\n\n\n\n<p class=\"wp-block-paragraph\">Despu\u00e9s de pasar por la Q1 y liderar gran parte de la Q2, <strong>Brad Binder <\/strong>coloc\u00f3 a <strong>KTM <\/strong>en la cuarta posici\u00f3n, junto a <strong>Fabio Di Giannantonio <\/strong>y <strong>\u00c1lex M\u00e1rquez<\/strong>. En la primera parte de la clasificaci\u00f3n Oliveira tambi\u00e9n se luci\u00f3 por lo que lider\u00f3 gran parte de la Q1. <\/p>\n\n\n\n<p class=\"wp-block-paragraph\"><strong>Francesco Bagnaia <\/strong>fue discreto en suelo mojado y asegur\u00f3 solo la s\u00e9ptima posici\u00f3n en la parrilla, con <strong>Franco Morbidelli<\/strong>, <strong>Enea Bastianini <\/strong>y <strong>Pedro Acosta <\/strong>completando el top-10. La Q2 tambi\u00e9n cont\u00f3 con <strong>Maverick Vi\u00f1ales <\/strong>y <strong>Aleix Espargar\u00f3 <\/strong>en los lugares 11\u00ba y 12\u00ba, respectivamente.<\/p>\n\n\n\n<p class=\"wp-block-paragraph\">Al principio de la fase final de la clasificaci\u00f3n, hubo una peque\u00f1a diferencia en la elecci\u00f3n de neum\u00e1ticos. Todos usaron el medio de lluvia en la delantera, pero Vi\u00f1ales, Binder y Aleix Espargar\u00f3 colocaron la goma media tambi\u00e9n en la trasera, mientras que los dem\u00e1s optaron por los blandos.<\/p>\n\n\n\n<figure class=\"wp-block-image size-large\"><img decoding=\"async\" src=\"https:\/\/grandepremio.com\/cdn-cgi\/image\/width=893,height=558,fit=contain,gravity=0.5x0.5,quality=75,format=webp\/es\/wp-content\/uploads\/2024\/04\/image-201-1024x683.png\" alt=\"\" class=\"wp-image-238554\"\/><figcaption class=\"wp-element-caption\">Marc M\u00e1rquez (Foto: Red Bull Content Pool)<\/figcaption><\/figure>\n\n\n\n<p class=\"wp-block-paragraph\">Cuando se complet\u00f3 la primera ronda de vueltas r\u00e1pidas, fue <strong>Marc M\u00e1rquez<\/strong> quien apareci\u00f3 en la cima, con 1min48s016, 0s512 mejor que <strong>Pedro Acosta<\/strong>, segundo clasificado. <strong>Di Giannantonio <\/strong>era tercero.<\/p>\n\n\n\n<p class=\"wp-block-paragraph\">En la siguiente vuelta, <strong>Binder<\/strong> marc\u00f3 1min47s807 y tom\u00f3 la pole provisional de Marc por 0s209. Mart\u00edn era ahora tercero, con <strong>Acosta<\/strong> justo detr\u00e1s.<\/p>\n\n\n\n<p class=\"wp-block-paragraph\">El #93 luego abri\u00f3 una buena vuelta para intentar responder, pero se asust\u00f3 en la salida de la curva 10, necesit\u00f3 salvar la ca\u00edda y perdi\u00f3 tiempo, yendo inmediatamente a los boxes de Gresini.<\/p>\n\n\n\n<p class=\"wp-block-paragraph\">Despu\u00e9s de una ronda de paradas en boxes, <strong>Acosta vino volando y salt\u00f3 a la punta<\/strong>, pero perdi\u00f3 la delantera de la <strong>GasGas Tech3 <\/strong>en la salida de la curva 13 y se cay\u00f3.<\/p>\n\n\n\n<p class=\"wp-block-paragraph\">\ud83d\udfe5&nbsp;<strong><em>\u00a1Todas las novedades te esperan en el canal de&nbsp;<a href=\"https:\/\/www.youtube.com\/@GrandePremioES\" target=\"_blank\" rel=\"noreferrer noopener\">YouTube<\/a>&nbsp;de Grande Pr\u00eamio en Espa\u00f1ol!<\/em><\/strong>&nbsp;\ud83d\udfe8<\/p>\n\n\n\n<p class=\"wp-block-paragraph\">Mientras tanto, <strong>Bezzecchi<\/strong> marc\u00f3 1min47s044 y salt\u00f3 a la pole, con Mart\u00edn avanzando al segundo lugar, 0s337 m\u00e1s lento. <strong>Di Giannantonio<\/strong> se uni\u00f3 a la primera fila.<\/p>\n\n\n\n<p class=\"wp-block-paragraph\">Marc M\u00e1rquez, luego, marc\u00f3 1min46s773 y avanz\u00f3 a la cima de la tabla, abriendo una ventaja de 0s271 sobre Bezzecchi. Luego, el espa\u00f1ol salv\u00f3 otra ca\u00edda, esta vez en la curva 1.<\/p>\n\n\n\n<p class=\"wp-block-paragraph\">M\u00e1s atr\u00e1s, Binder subi\u00f3 una posici\u00f3n y se instal\u00f3 en cuarto lugar, 0s957 m\u00e1s lento que el tiempo de la pole.<\/p>\n\n\n\n<p class=\"wp-block-paragraph\">La actividad del <strong>MotoGP <\/strong>del s\u00e1bado continu\u00f3 con la carrera sprint, adjudicada a <strong>Jorge Mart\u00edn<\/strong>. Ma\u00f1ana la carrera tendr\u00e1 lugar a las 9AM (GMT-3). <\/p>\n\n\n\n<figure class=\"wp-block-embed is-type-video is-provider-youtube wp-block-embed-youtube wp-embed-aspect-16-9 wp-has-aspect-ratio\"><div class=\"wp-block-embed__wrapper\">\n<iframe loading=\"lazy\" title=\"NORRIS Y LA PRESI\u00d3N POR NO GANAR EN LA F\u00d3RMULA 1\" width=\"500\" height=\"281\" src=\"https:\/\/www.youtube.com\/embed\/583CF2TYVno?feature=oembed\" frameborder=\"0\" allow=\"accelerometer; autoplay; clipboard-write; encrypted-media; gyroscope; picture-in-picture; web-share\" referrerpolicy=\"strict-origin-when-cross-origin\" allowfullscreen><\/iframe>\n<\/div><\/figure>\n","protected":false},"excerpt":{"rendered":"<p>Marc M\u00e1rquez vol\u00f3 en la clasificaci\u00f3n para el Gran Premio de Espa\u00f1a en Jerez y aprovech\u00f3 la pista mojada para lograr su primera pole con Ducati.<\/p>\n","protected":false},"author":0,"featured_media":1000806313,"comment_status":"closed","ping_status":"closed","sticky":false,"template":"","format":"standard","meta":{"42wp_featured_image_caption":"","42wp_featured_image_credits":"","42wp_featured_video":"","42wp_featured_image_hidden":false,"42wp_authors_list":[],"footnotes":""},"categories":[8],"tags":[1340,588,2057,1305,1392,1293],"42wp_author":[14235],"class_list":["post-14084","post","type-post","status-publish","format-standard","has-post-thumbnail","hentry","category-motogp","tag-ducati","tag-gp-de-espana","tag-gresini-ducati","tag-jerez-de-la-frontera","tag-marc-marquez-2","tag-motogp","42wp_author-barbara-mincioni"],"_links":{"self":[{"href":"https:\/\/grandepremio.com\/es\/wp-json\/wp\/v2\/posts\/14084","targetHints":{"allow":["GET"]}}],"collection":[{"href":"https:\/\/grandepremio.com\/es\/wp-json\/wp\/v2\/posts"}],"about":[{"href":"https:\/\/grandepremio.com\/es\/wp-json\/wp\/v2\/types\/post"}],"replies":[{"embeddable":true,"href":"https:\/\/grandepremio.com\/es\/wp-json\/wp\/v2\/comments?post=14084"}],"version-history":[{"count":0,"href":"https:\/\/grandepremio.com\/es\/wp-json\/wp\/v2\/posts\/14084\/revisions"}],"wp:featuredmedia":[{"embeddable":true,"href":"https:\/\/grandepremio.com\/es\/wp-json\/wp\/v2\/media\/1000806313"}],"wp:attachment":[{"href":"https:\/\/grandepremio.com\/es\/wp-json\/wp\/v2\/media?parent=14084"}],"wp:term":[{"taxonomy":"category","embeddable":true,"href":"https:\/\/grandepremio.com\/es\/wp-json\/wp\/v2\/categories?post=14084"},{"taxonomy":"post_tag","embeddable":true,"href":"https:\/\/grandepremio.com\/es\/wp-json\/wp\/v2\/tags?post=14084"},{"taxonomy":"42wp_author","embeddable":true,"href":"https:\/\/grandepremio.com\/es\/wp-json\/wp\/v2\/42wp_author?post=14084"}],"curies":[{"name":"wp","href":"https:\/\/api.w.org\/{rel}","templated":true}]}}