{"id":14111,"date":"2024-04-24T12:42:29","date_gmt":"2024-04-24T15:42:29","guid":{"rendered":"https:\/\/grandepremio.com\/es\/2024\/04\/24\/dani-pedrosa-pedro-acosta-gasgas-tech3-motogp-2024\/"},"modified":"2024-04-24T12:42:36","modified_gmt":"2024-04-24T15:42:36","slug":"dani-pedrosa-pedro-acosta-gasgas-tech3-motogp-2024","status":"publish","type":"post","link":"https:\/\/grandepremio.com\/es\/motogp\/dani-pedrosa-pedro-acosta-gasgas-tech3-motogp-2024\/","title":{"rendered":"Pedrosa ve a Acosta superando expectativas y bromea: &#8220;Espero que me de lugar en Espa\u00f1a&#8221;"},"content":{"rendered":"\n<p class=\"wp-block-paragraph\"><strong>Dani Pedrosa<\/strong> ha juzgado que<strong> Pedro Acosta<\/strong> est\u00e1 superando las altas expectativas que se han creado a su alrededor. El veterano piloto probador de <strong>KTM <\/strong>se ha mostrado impresionado por la velocidad del \u00fanico debutante en la temporada 2024 de <strong>MotoGP<\/strong>.<\/p>\n\n\n\n<p class=\"wp-block-paragraph\">Piloto titular del <strong>GasGas Tech3,<\/strong> Acosta es cuarto en el Campeonato Mundial de Pilotos, a 26 puntos de <strong>Jorge Mart\u00edn<\/strong>, el l\u00edder despu\u00e9s de tres rondas.<\/p>\n\n\n\n<p class=\"wp-block-paragraph\">\ud83d\udfe5&nbsp;<strong><em>\u00a1Todas las novedades te esperan en el canal de&nbsp;<a href=\"https:\/\/www.youtube.com\/@GrandePremioES\" target=\"_blank\" rel=\"noreferrer noopener\">YouTube<\/a>&nbsp;de Grande Pr\u00eamio en Espa\u00f1ol!<\/em><\/strong>&nbsp;\ud83d\udfe8<\/p>\n\n\n\n<p class=\"wp-block-paragraph\">&#8220;Me gustar\u00eda se\u00f1alar que ten\u00eda muchas expectativas puestas en Pedro. Lo bien que lo pod\u00eda hacer, lo fuerte que vendr\u00eda de <strong>Moto2<\/strong>. Pero est\u00e1 superando incluso esas expectativas&#8221;, dijo Pedrosa en una entrevista con el servicio espa\u00f1ol de streaming DAZN.<\/p>\n\n\n\n<p class=\"wp-block-paragraph\">Confirmado como wild-card para el GP de Espa\u00f1a de este fin de semana, Pedrosa no dej\u00f3 de bromear sobre la fuerza del debutante: &#8220;Espero que me haga un lugar&#8221;.<\/p>\n\n\n\n<p class=\"wp-block-paragraph\">\u23e9\u00a0<strong><em>\u00a1Seguinos en redes por\u00a0<a href=\"https:\/\/twitter.com\/grandepremioES\" target=\"_blank\" rel=\"noreferrer noopener\">Twitter\u00a0<\/a>e\u00a0<a href=\"https:\/\/www.instagram.com\/grandepremioes\/\" target=\"_blank\" rel=\"noreferrer noopener\">Instagram!<\/a><\/em><\/strong><br><strong>\u23e9<\/strong>\u00a0<strong><em>Adem\u00e1s, tenemos nuestro\u00a0<a href=\"https:\/\/whatsapp.com\/channel\/0029VaDZ5zb0gcfDxuwxBM05\" target=\"_blank\" rel=\"noreferrer noopener\">canal de Whatsapp<\/a>\u00a0con toda la informaci\u00f3n al instante<\/em><\/strong>\u00a0\ud83c\udfc1<\/p>\n\n\n\n<figure class=\"wp-block-image size-large\"><img decoding=\"async\" src=\"https:\/\/grandepremio.com\/es\/wp-content\/uploads\/2024\/03\/75441_Pedro-Acosta_Red-Bull-GASGAS-Tech3_Autodromo-Internacional-do-Algarve-_POR_24-03-2024-5-1024x682.jpg\" alt=\"\" class=\"wp-image-235511\"\/><figcaption class=\"wp-element-caption\">Pedro Acosta logr\u00f3 dos podios en sus primeras participaciones como piloto titular de MotoGP (Foto: Rob Gray \/ Polarity Photo)<\/figcaption><\/figure>\n\n\n\n<p class=\"wp-block-paragraph\">&#8220;Deber\u00eda ser al rev\u00e9s. Est\u00e1s aprendiendo, pero con la velocidad que has demostrado, ser\u00e9 yo quien te siga&#8221;, advirti\u00f3.<\/p>\n\n\n\n<p class=\"wp-block-paragraph\"><strong>MotoGP<\/strong>\u00a0vuelve a acelerar entre el 26 y el 28 de abril, con el <strong>GP de Espa\u00f1a<\/strong>, en Jerez, para la cuarta etapa del campeonato 2024.\u00a0<strong>GRANDE PREMIO<\/strong>\u00a0ofrece una cobertura completa de la prueba.<\/p>\n\n\n\n<figure class=\"wp-block-embed is-type-video is-provider-youtube wp-block-embed-youtube wp-embed-aspect-16-9 wp-has-aspect-ratio\"><div class=\"wp-block-embed__wrapper\">\n<iframe loading=\"lazy\" title=\"GP DE CHINA - EL RESUMEN\" width=\"500\" height=\"281\" src=\"https:\/\/www.youtube.com\/embed\/YJr8c7VAyP0?feature=oembed\" frameborder=\"0\" allow=\"accelerometer; autoplay; clipboard-write; encrypted-media; gyroscope; picture-in-picture; web-share\" referrerpolicy=\"strict-origin-when-cross-origin\" allowfullscreen><\/iframe>\n<\/div><\/figure>\n","protected":false},"excerpt":{"rendered":"<p>Dani Pedrosa, piloto probador de KTM y uno de los pilotos m\u00e1s laureados de MotoGP, ha juzgado que Pedro Acosta ha superado las ya de por s\u00ed altas expectativas con las que ascendi\u00f3 a la \u00e9lite del motociclismo.<\/p>\n","protected":false},"author":0,"featured_media":1010238381,"comment_status":"closed","ping_status":"closed","sticky":false,"template":"","format":"standard","meta":{"42wp_featured_image_caption":"","42wp_featured_image_credits":"","42wp_featured_video":"","42wp_featured_image_hidden":false,"42wp_authors_list":[],"footnotes":""},"categories":[8],"tags":[1531,2035,5984,1488,1293,2254,1693,9685],"42wp_author":[14239],"class_list":["post-14111","post","type-post","status-publish","format-standard","has-post-thumbnail","hentry","category-motogp","tag-dani-pedrosa","tag-gasgas","tag-gasgas-tech3","tag-grande-premio","tag-motogp","tag-motogp-2024","tag-pedro-acosta","tag-temporada-2024-motogp","42wp_author-jp-otrosky"],"_links":{"self":[{"href":"https:\/\/grandepremio.com\/es\/wp-json\/wp\/v2\/posts\/14111","targetHints":{"allow":["GET"]}}],"collection":[{"href":"https:\/\/grandepremio.com\/es\/wp-json\/wp\/v2\/posts"}],"about":[{"href":"https:\/\/grandepremio.com\/es\/wp-json\/wp\/v2\/types\/post"}],"replies":[{"embeddable":true,"href":"https:\/\/grandepremio.com\/es\/wp-json\/wp\/v2\/comments?post=14111"}],"version-history":[{"count":0,"href":"https:\/\/grandepremio.com\/es\/wp-json\/wp\/v2\/posts\/14111\/revisions"}],"wp:featuredmedia":[{"embeddable":true,"href":"https:\/\/grandepremio.com\/es\/wp-json\/wp\/v2\/media\/1010238381"}],"wp:attachment":[{"href":"https:\/\/grandepremio.com\/es\/wp-json\/wp\/v2\/media?parent=14111"}],"wp:term":[{"taxonomy":"category","embeddable":true,"href":"https:\/\/grandepremio.com\/es\/wp-json\/wp\/v2\/categories?post=14111"},{"taxonomy":"post_tag","embeddable":true,"href":"https:\/\/grandepremio.com\/es\/wp-json\/wp\/v2\/tags?post=14111"},{"taxonomy":"42wp_author","embeddable":true,"href":"https:\/\/grandepremio.com\/es\/wp-json\/wp\/v2\/42wp_author?post=14111"}],"curies":[{"name":"wp","href":"https:\/\/api.w.org\/{rel}","templated":true}]}}