{"id":14119,"date":"2024-04-24T09:30:32","date_gmt":"2024-04-24T12:30:32","guid":{"rendered":"https:\/\/grandepremio.com\/es\/2024\/04\/24\/aleix-espargaro-duda-futuro-evalua-nuevo-rol-aprilia\/"},"modified":"2024-04-24T09:30:45","modified_gmt":"2024-04-24T12:30:45","slug":"aleix-espargaro-duda-futuro-evalua-nuevo-rol-aprilia","status":"publish","type":"post","link":"https:\/\/grandepremio.com\/es\/motogp\/aleix-espargaro-duda-futuro-evalua-nuevo-rol-aprilia\/","title":{"rendered":"Aleix Espargar\u00f3 pone en duda el futuro en MotoGP y eval\u00faa &#8220;nuevo rol&#8221; en Aprilia"},"content":{"rendered":"\n<p class=\"wp-block-paragraph\">Se viene hablando mucho en las \u00faltimas semanas del posible retiro a tiempo completo de <strong>Aleix Espargar\u00f3<\/strong>, que corre en <strong>MotoGP<\/strong> desde 2012, y en el equipo <strong>Aprilia<\/strong> desde 2017. Poco a poco, el desarrollo del piloto espa\u00f1ol puso a la moto italiana en contenci\u00f3n por podios y victorias.<\/p>\n\n\n\n<p class=\"wp-block-paragraph\">\ud83d\udfe5\u00a0<strong><em>\u00a1Todas las novedades te esperan en el canal de\u00a0<\/em><\/strong><a href=\"https:\/\/www.youtube.com\/@GrandePremioES\" target=\"_blank\" rel=\"noreferrer noopener\"><strong><em>YouTube<\/em><\/strong><\/a><strong><em>\u00a0de Grande Pr\u00eamio en Espa\u00f1ol!<\/em><\/strong>\u00a0\ud83d\udfe8<\/p>\n\n\n\n<p class=\"wp-block-paragraph\">A pesar de esto, el fabricante de <strong>Noale <\/strong>ya tante\u00f3 a <strong>Fabio Quartararo<\/strong> para el a\u00f1o que viene y, as\u00ed, volver a reunirse como compa\u00f1ero de <strong>Maverick Vi\u00f1ales<\/strong>, pero el franc\u00e9s declin\u00f3 la oferta por el sueldo que le ofreci\u00f3 <strong>Yamaha<\/strong>, del que se dice que fue tres veces m\u00e1s que el de los italianos.<\/p>\n\n\n\n<p class=\"wp-block-paragraph\">Mientras que se define su situaci\u00f3n a futuro, Espargar\u00f3 es el m\u00e1s veterano de la actual grilla de pilotos y ya desliz\u00f3 que podr\u00eda retirarse, aunque aun no se ha decidido: <strong>&#8220;Es una buena pregunta. No s\u00e9 [sobre el futuro]. Con suerte, Aprilia me presentar\u00e1 un nuevo trabajo, pero eso no es importante. Lo importante es entender si quiero seguir o no, eso todav\u00eda no lo he decidido&#8221;.<\/strong><\/p>\n\n\n\n<p class=\"wp-block-paragraph\"><strong>&#8220;Quiero esperar un poco, al menos hasta Mugello, para ver c\u00f3mo estoy y luego decidir. Me estoy divirtiendo este a\u00f1o, pero quiero luchar por los cinco primeros en cada carrera. Si no lo logro, ser\u00e1 el \u00faltimo [contrato]<\/strong>&#8220;, a\u00f1adi\u00f3 el piloto de 34 a\u00f1os.<\/p>\n\n\n\n<figure class=\"wp-block-image size-full\"><img decoding=\"async\" src=\"https:\/\/grandepremio.com\/es\/wp-content\/uploads\/2024\/04\/image-183.png\" alt=\"\" class=\"wp-image-238314\"\/><figcaption class=\"wp-element-caption\">Aleix Espargar\u00f3 est\u00e1 en Aprilia desde 2017 (Foto: Aprilia)<\/figcaption><\/figure>\n\n\n\n<p class=\"wp-block-paragraph\"><strong>&#8220;Estoy tratando de entender cu\u00e1l es el mejor futuro para m\u00ed. No creo que mi futuro pase por competir en ning\u00fan otro lugar que no sea Aprilia. Eso es si contin\u00fao a tiempo completo. Puedes optar por detenerte y hacer algunas pruebas como piloto invitado o incluso dejarlo por completo. Necesito definirlo, pero a\u00fan no lo he hecho. Quiero rendir, esa es mi obsesi\u00f3n ahora, quiero terminar en el podio en cada carrera para definirlo&#8221;<\/strong>, dijo Espargar\u00f3.<\/p>\n\n\n\n<p class=\"wp-block-paragraph\">Por \u00faltimo, Aleix destac\u00f3 que el rol de piloto de pruebas en el <strong>Mundial de Motociclismo <\/strong>ha cambiado en los \u00faltimos a\u00f1os y que eso lo motivar\u00eda a seguir en una moto: <strong>&#8220;Es un trabajo nuevo, un rol nuevo, algo que no exist\u00eda hace cinco a\u00f1os. Ahora entendemos que es importante. Ducati y Pirro cambiaron el juego, ahora tenemos a Dani Pedrosa y Pol [Espargar\u00f3] en KTM. Yamaha y Honda, que necesitan mejorar su equipo de pruebas, no est\u00e1n al nivel de los italianos ni de KTM&#8221;.<\/strong><\/p>\n\n\n\n<p class=\"wp-block-paragraph\">\u23e9&nbsp;<strong><em>\u00a1Seguinos en redes por&nbsp;<\/em><\/strong><a href=\"https:\/\/twitter.com\/grandepremioES\" target=\"_blank\" rel=\"noreferrer noopener\"><strong><em>Twitter&nbsp;<\/em><\/strong><\/a><strong><em>e&nbsp;<\/em><\/strong><a href=\"https:\/\/www.instagram.com\/grandepremioes\/\" target=\"_blank\" rel=\"noreferrer noopener\"><strong><em>Instagram!<\/em><\/strong><\/a><br><strong>\u23e9<\/strong>&nbsp;<strong><em>Adem\u00e1s, tenemos nuestro&nbsp;<\/em><\/strong><a href=\"https:\/\/whatsapp.com\/channel\/0029VaDZ5zb0gcfDxuwxBM05\" target=\"_blank\" rel=\"noreferrer noopener\"><strong><em>canal de Whatsapp<\/em><\/strong><\/a><strong><em>&nbsp;con toda la informaci\u00f3n al instante<\/em><\/strong>&nbsp;\ud83c\udfc1<\/p>\n\n\n\n<p class=\"wp-block-paragraph\"><strong>MotoGP<\/strong> vuelve a acelerar entre el 26 y el 28 de abril, con el GP de Espa\u00f1a, en Jerez, para la cuarta etapa del campeonato 2024. <strong>GRANDE PREMIO<\/strong> ofrece una cobertura completa de la prueba.<\/p>\n","protected":false},"excerpt":{"rendered":"<p>Aleix Espargar\u00f3 tiene contrato con Aprilia hasta final de la temporada 2024, pero a\u00fan no ha negociado una renovaci\u00f3n con el fabricante italiano y ya coquetea con la posibilidad de ser piloto probador el a\u00f1o que viene.<\/p>\n","protected":false},"author":0,"featured_media":1010238312,"comment_status":"closed","ping_status":"closed","sticky":false,"template":"","format":"standard","meta":{"42wp_featured_image_caption":"","42wp_featured_image_credits":"","42wp_featured_video":"","42wp_featured_image_hidden":false,"42wp_authors_list":[],"footnotes":""},"categories":[8],"tags":[1377,1394,1306,1488,1391,2254,1764,10152,10095],"42wp_author":[14237],"class_list":["post-14119","post","type-post","status-publish","format-standard","has-post-thumbnail","hentry","category-motogp","tag-aleix-espargaro","tag-aprilia","tag-fabio-quartararo","tag-grande-premio","tag-maverick-vinales","tag-motogp-2024","tag-mundial-de-motociclismo","tag-noale","tag-yamaha-2024","42wp_author-gabriel-garcia"],"_links":{"self":[{"href":"https:\/\/grandepremio.com\/es\/wp-json\/wp\/v2\/posts\/14119","targetHints":{"allow":["GET"]}}],"collection":[{"href":"https:\/\/grandepremio.com\/es\/wp-json\/wp\/v2\/posts"}],"about":[{"href":"https:\/\/grandepremio.com\/es\/wp-json\/wp\/v2\/types\/post"}],"replies":[{"embeddable":true,"href":"https:\/\/grandepremio.com\/es\/wp-json\/wp\/v2\/comments?post=14119"}],"version-history":[{"count":0,"href":"https:\/\/grandepremio.com\/es\/wp-json\/wp\/v2\/posts\/14119\/revisions"}],"wp:featuredmedia":[{"embeddable":true,"href":"https:\/\/grandepremio.com\/es\/wp-json\/wp\/v2\/media\/1010238312"}],"wp:attachment":[{"href":"https:\/\/grandepremio.com\/es\/wp-json\/wp\/v2\/media?parent=14119"}],"wp:term":[{"taxonomy":"category","embeddable":true,"href":"https:\/\/grandepremio.com\/es\/wp-json\/wp\/v2\/categories?post=14119"},{"taxonomy":"post_tag","embeddable":true,"href":"https:\/\/grandepremio.com\/es\/wp-json\/wp\/v2\/tags?post=14119"},{"taxonomy":"42wp_author","embeddable":true,"href":"https:\/\/grandepremio.com\/es\/wp-json\/wp\/v2\/42wp_author?post=14119"}],"curies":[{"name":"wp","href":"https:\/\/api.w.org\/{rel}","templated":true}]}}