{"id":14150,"date":"2024-04-22T12:59:13","date_gmt":"2024-04-22T15:59:13","guid":{"rendered":"https:\/\/grandepremio.com\/es\/2024\/04\/22\/ocon-se-frustra-tras-quedar-a-2s5-de-los-puntos-en-china-maximizamos-todo\/"},"modified":"2024-04-22T12:59:22","modified_gmt":"2024-04-22T15:59:22","slug":"ocon-se-frustra-tras-quedar-a-2s5-de-los-puntos-en-china-maximizamos-todo","status":"publish","type":"post","link":"https:\/\/grandepremio.com\/es\/f1\/ocon-se-frustra-tras-quedar-a-2s5-de-los-puntos-en-china-maximizamos-todo\/","title":{"rendered":"Ocon se frustra tras quedar &#8220;a 2s5 de los puntos&#8221; en China: &#8220;Maximizamos todo&#8221;"},"content":{"rendered":"\n<figure class=\"wp-block-embed is-type-video is-provider-youtube wp-block-embed-youtube wp-embed-aspect-16-9 wp-has-aspect-ratio\"><div class=\"wp-block-embed__wrapper\">\n<iframe loading=\"lazy\" title=\"GP DE CHINA - EL RESUMEN\" width=\"500\" height=\"281\" src=\"https:\/\/www.youtube.com\/embed\/YJr8c7VAyP0?feature=oembed\" frameborder=\"0\" allow=\"accelerometer; autoplay; clipboard-write; encrypted-media; gyroscope; picture-in-picture; web-share\" referrerpolicy=\"strict-origin-when-cross-origin\" allowfullscreen><\/iframe>\n<\/div><\/figure>\n\n\n\n<p class=\"wp-block-paragraph\"><strong>Esteban Ocon <\/strong>roz\u00f3 la zona de puntos despu\u00e9s de terminar el <strong>GP de China<\/strong>, disputado el domingo en el puesto 11. Por un lado, el franc\u00e9s se mostr\u00f3 feliz por haber alcanzado el mejor resultado de <strong>Alpine<\/strong> en la temporada, pero lament\u00f3 la falta de lo que llam\u00f3 &#8220;recompensa&#8221; por todo el esfuerzo.<\/p>\n\n\n\n<p class=\"wp-block-paragraph\">\u23e9&nbsp;<strong><em>\u00a1Seguinos en redes por&nbsp;<a href=\"https:\/\/twitter.com\/grandepremioES\" target=\"_blank\" rel=\"noreferrer noopener\">Twitter&nbsp;<\/a>e&nbsp;<a href=\"https:\/\/www.instagram.com\/grandepremioes\/\" target=\"_blank\" rel=\"noreferrer noopener\">Instagram!<\/a><\/em><\/strong><br><strong>\u23e9<\/strong>&nbsp;<strong><em>Adem\u00e1s, tenemos nuestro&nbsp;<a href=\"https:\/\/whatsapp.com\/channel\/0029VaDZ5zb0gcfDxuwxBM05\" target=\"_blank\" rel=\"noreferrer noopener\">canal de Whatsapp<\/a>&nbsp;con toda la informaci\u00f3n al instante<\/em><\/strong>&nbsp;\ud83c\udfc1<\/p>\n\n\n\n<p class=\"wp-block-paragraph\">El equipo de <strong>Enstone<\/strong> realiz\u00f3 actualizaciones en el <strong>A524<\/strong> del coche #31, que compiti\u00f3 en <strong>Shangh\u00e1i<\/strong> con un suelo modificado. El cambio ayud\u00f3 a <strong>Ocon<\/strong> a avanzar a la Q2 de la clasificaci\u00f3n, al igual que <strong>Pierre Gasly<\/strong>, aunque sin novedades.<\/p>\n\n\n\n<p class=\"wp-block-paragraph\">En la carrera, Esteban se benefici\u00f3 de las confusiones que ocurrieron en la reanudaci\u00f3n, pero <strong>no ocult\u00f3 la frustraci\u00f3n por haber perdido la oportunidad de sacar finalmente a Alpine del cero en la temporada<\/strong>.<\/p>\n\n\n\n<p class=\"wp-block-paragraph\">&#8220;<strong>Estoy contento por un lado, no tanto por otro, porque realmente maximizamos todo lo que pudimos hoy, <\/strong>creo, de nuestro lado, pero no fuimos recompensados como quer\u00edamos&#8221;, comenz\u00f3 el piloto justo despu\u00e9s de la carrera, al sitio oficial de la F1.<\/p>\n\n\n\n<figure class=\"wp-block-image size-full is-resized\"><img decoding=\"async\" src=\"https:\/\/grandepremio.com\/es\/wp-content\/uploads\/2024\/04\/image-168.png\" alt=\"\" class=\"wp-image-238098\" style=\"aspect-ratio:1.5;width:840px;height:auto\"\/><figcaption class=\"wp-element-caption\">Esteban Ocon espera avance de Alpine en Miami (Foto: AFP)<\/figcaption><\/figure>\n\n\n\n<p class=\"wp-block-paragraph\">&#8220;<strong>Es nuestra mejor posici\u00f3n de carrera en el a\u00f1o, pero a 2s5 de distancia del top 10\u2026 <\/strong>hubiera sido un d\u00eda incre\u00edble si lo hubi\u00e9ramos logrado&#8221;, a\u00f1adi\u00f3.<\/p>\n\n\n\n<p class=\"wp-block-paragraph\">El pr\u00f3ximo desaf\u00edo es dentro de dos semanas, en <strong>Miami<\/strong>. &#8220;<strong>Tenemos que seguir avanzando en la pr\u00f3xima etapa, espero conseguir puntos,<\/strong> pero es un peque\u00f1o paso en la direcci\u00f3n correcta&#8221;, complet\u00f3 Ocon.<\/p>\n\n\n\n<p class=\"wp-block-paragraph\">Finalmente, al ser consultado si sent\u00eda que la temporada finalmente estaba comenzando en <strong>China<\/strong>, prefiri\u00f3 contener las expectativas. &#8220;Veremos, veremos en algunas semanas si es el caso. Tambi\u00e9n sucedi\u00f3 mucho en esta carrera, as\u00ed que no saquemos conclusiones demasiado apresuradamente&#8221;, concluy\u00f3.<\/p>\n\n\n\n<p class=\"wp-block-paragraph\">\ud83d\udfe5&nbsp;<strong><em>\u00a1Todas las novedades te esperan en el canal de&nbsp;<a href=\"https:\/\/www.youtube.com\/@GrandePremioES\" target=\"_blank\" rel=\"noreferrer noopener\">YouTube<\/a>&nbsp;de Grande Pr\u00eamio en Espa\u00f1ol!<\/em><\/strong>&nbsp;\ud83d\udfe8<\/p>\n\n\n\n<p class=\"wp-block-paragraph\">De las diez equipos de la parrilla, <strong>Alpine<\/strong>, <strong>Williams<\/strong> y <strong>Sauber<\/strong> a\u00fan no han sumado puntos. <strong>Red Bull es l\u00edder en el Mundial de Constructores, seguida de Ferrari, McLaren, Mercedes y Aston Martin.<\/strong><\/p>\n\n\n\n<p class=\"wp-block-paragraph\">La&nbsp;<strong><a href=\"https:\/\/es.grandepremio.com\/f1\/\" target=\"_blank\" rel=\"noreferrer noopener\">F\u00f3rmula 1<\/a>&nbsp;<\/strong>regresa del 3 al 5 de mayo para la disputa del&nbsp;<strong>Gran Premio de Miami<\/strong>, el primero de tres que se celebran en los Estados Unidos en la temporada 2024.<\/p>\n","protected":false},"excerpt":{"rendered":"<p>Esteban Ocon se content\u00f3 por haber logrado en China el mejor resultado de Alpine en el a\u00f1o, pero afirm\u00f3 que el objetivo era puntuar en Shangh\u00e1i.<\/p>\n","protected":false},"author":0,"featured_media":1000802845,"comment_status":"closed","ping_status":"closed","sticky":false,"template":"","format":"standard","meta":{"42wp_featured_image_caption":"","42wp_featured_image_credits":"","42wp_featured_video":"","42wp_featured_image_hidden":false,"42wp_authors_list":[],"footnotes":""},"categories":[5],"tags":[678,9888,362,181,179,1488],"42wp_author":[14235],"class_list":["post-14150","post","type-post","status-publish","format-standard","has-post-thumbnail","hentry","category-f1","tag-alpine","tag-alpine-2024","tag-esteban-ocon","tag-f1","tag-formula-1","tag-grande-premio","42wp_author-barbara-mincioni"],"_links":{"self":[{"href":"https:\/\/grandepremio.com\/es\/wp-json\/wp\/v2\/posts\/14150","targetHints":{"allow":["GET"]}}],"collection":[{"href":"https:\/\/grandepremio.com\/es\/wp-json\/wp\/v2\/posts"}],"about":[{"href":"https:\/\/grandepremio.com\/es\/wp-json\/wp\/v2\/types\/post"}],"replies":[{"embeddable":true,"href":"https:\/\/grandepremio.com\/es\/wp-json\/wp\/v2\/comments?post=14150"}],"version-history":[{"count":0,"href":"https:\/\/grandepremio.com\/es\/wp-json\/wp\/v2\/posts\/14150\/revisions"}],"wp:featuredmedia":[{"embeddable":true,"href":"https:\/\/grandepremio.com\/es\/wp-json\/wp\/v2\/media\/1000802845"}],"wp:attachment":[{"href":"https:\/\/grandepremio.com\/es\/wp-json\/wp\/v2\/media?parent=14150"}],"wp:term":[{"taxonomy":"category","embeddable":true,"href":"https:\/\/grandepremio.com\/es\/wp-json\/wp\/v2\/categories?post=14150"},{"taxonomy":"post_tag","embeddable":true,"href":"https:\/\/grandepremio.com\/es\/wp-json\/wp\/v2\/tags?post=14150"},{"taxonomy":"42wp_author","embeddable":true,"href":"https:\/\/grandepremio.com\/es\/wp-json\/wp\/v2\/42wp_author?post=14150"}],"curies":[{"name":"wp","href":"https:\/\/api.w.org\/{rel}","templated":true}]}}