{"id":14228,"date":"2024-04-19T04:07:32","date_gmt":"2024-04-19T07:07:32","guid":{"rendered":"https:\/\/grandepremio.com\/es\/2024\/04\/19\/alpine-explica-descontento-gasly-fp1-china\/"},"modified":"2024-04-19T04:07:39","modified_gmt":"2024-04-19T07:07:39","slug":"alpine-explica-descontento-gasly-fp1-china","status":"publish","type":"post","link":"https:\/\/grandepremio.com\/es\/f1\/alpine-explica-descontento-gasly-fp1-china\/","title":{"rendered":"Alpine explica el descontento de Gasly tras la FP1 en China: &#8220;Problema con el ERS&#8221;"},"content":{"rendered":"\n<p class=\"wp-block-paragraph\">A la mala actualidad del equipo <strong>Alpine<\/strong>, se le sum\u00f3 un enojo muy notable de <strong>Pierre Gasly <\/strong>en la FP1 del<strong> GP de China<\/strong>, luego de que el piloto franc\u00e9s quedara a tres segundos del mejor tiempo de la sesi\u00f3n, marcado por el <strong>Aston Martin<\/strong> de <strong>Lance Stroll<\/strong>.<\/p>\n\n\n\n<p class=\"wp-block-paragraph\">Para esta carrera en el circuito de Shanghai, la escuder\u00eda solo actualiz\u00f3 el coche de <strong>Esteban Ocon<\/strong>, que fue capaz de colocarse dentro de los diez primeros de la sesi\u00f3n, que fue con una pista con escaso grip y un cielo nublado. Sin las mejoras, Gasly tuvo muchos problemas de adaptaci\u00f3n a las condiciones del trazado.<\/p>\n\n\n\n<p class=\"wp-block-paragraph\">Tras haber finalizado 20\u00b0 y \u00faltimo, el #10 estall\u00f3 de enojo contra el equipo y dijo que la situaci\u00f3n era <strong>&#8220;inaceptable&#8221;<\/strong> y que no hab\u00eda podido aprender <strong>&#8220;nada en absoluto&#8221;<\/strong> durante la actividad en pista. El ingeniero intent\u00f3 calmarlo y le coment\u00f3 que buscar\u00edan la raz\u00f3n de los inconvenientes en el coche.<\/p>\n\n\n\n<figure class=\"wp-block-video\"><video class=\"video-js vjs-big-play-centered\" data-gp-vjs=\"1\" controls src=\"https:\/\/grandepremio.com\/es\/wp-content\/uploads\/2024\/04\/Pierre-Gasly-radio-China.mp4\"><\/video><figcaption class=\"wp-element-caption\">Pierre Gasly fue \u00faltimo en los libres y despotric\u00f3 contra Alpine por radio (V\u00eddeo: reproducci\u00f3n\/F1 TV)<\/figcaption><\/figure>\n\n\n\n<p class=\"wp-block-paragraph\">Poco despu\u00e9s del final de los entrenamientos libres, Alpine dijo que el coche de Gasly ten\u00eda un problema con el ERS, el sistema que captura la energ\u00eda liberada durante la frenada y la convierte en potencia extra durante la vuelta: <strong>&#8220;La FP1 de Pierre [Gasly] se vio comprometida por un problema de aislamiento con el ERS del coche #10&#8221;.<\/strong><\/p>\n\n\n\n<p class=\"wp-block-paragraph\">Ocon, por su parte, tuvo un comienzo mucho mejor que Gasly en China y fue s\u00e9ptimo en los entrenamientos, a 0s911 del 1min36s302 de <strong>Lance Stroll<\/strong>. M\u00e1s all\u00e1 de esto, los dos <strong>A524<\/strong> siguen lidiando con un escaso ritmo en clasificaci\u00f3n y carreras, aunque intentar\u00e1n aprovechar las particulares condiciones en China para sumar puntos. <\/p>\n\n\n\n<p class=\"wp-block-paragraph\">\u23e9&nbsp;<strong><em>\u00a1Seguinos en redes por&nbsp;<\/em><\/strong><a href=\"https:\/\/twitter.com\/grandepremioES\" target=\"_blank\" rel=\"noreferrer noopener\"><strong><em>Twitter&nbsp;<\/em><\/strong><\/a><strong><em>e&nbsp;<\/em><\/strong><a href=\"https:\/\/www.instagram.com\/grandepremioes\/\" target=\"_blank\" rel=\"noreferrer noopener\"><strong><em>Instagram!<\/em><\/strong><\/a><br><strong>\u23e9<\/strong>&nbsp;<strong><em>Adem\u00e1s, tenemos nuestro&nbsp;<\/em><\/strong><a href=\"https:\/\/whatsapp.com\/channel\/0029VaDZ5zb0gcfDxuwxBM05\" target=\"_blank\" rel=\"noreferrer noopener\"><strong><em>canal de Whatsapp<\/em><\/strong><\/a><strong><em>&nbsp;con toda la informaci\u00f3n al instante<\/em><\/strong>&nbsp;\ud83c\udfc1<\/p>\n\n\n\n<p class=\"wp-block-paragraph\">La&nbsp;<strong><a href=\"https:\/\/es.grandepremio.com\/f1\/\" target=\"_blank\" rel=\"noreferrer noopener\">F\u00f3rmula 1<\/a><\/strong>&nbsp;seguir\u00e1 con la clasificaci\u00f3n del GP de China, a las 4:30 de Brasilia y Buenos Aires y GRANDE PREMIO ofrece una completa cobertura del evento.<\/p>\n","protected":false},"excerpt":{"rendered":"<p>Alpine ha confirmado que Pierre Gasly tuvo problemas con el sistema de recuperaci\u00f3n de energ\u00eda y que por ello no pudo realizar una buena actuaci\u00f3n en los entrenamientos libres disputados en Shanghai.<\/p>\n","protected":false},"author":0,"featured_media":1010237488,"comment_status":"closed","ping_status":"closed","sticky":false,"template":"","format":"standard","meta":{"42wp_featured_image_caption":"","42wp_featured_image_credits":"","42wp_featured_video":"","42wp_featured_image_hidden":false,"42wp_authors_list":[],"footnotes":""},"categories":[5],"tags":[9890,678,209,362,181,2249,179,1728,359,427],"42wp_author":[14237],"class_list":["post-14228","post","type-post","status-publish","format-standard","has-post-thumbnail","hentry","category-f1","tag-a524","tag-alpine","tag-aston-martin","tag-esteban-ocon","tag-f1","tag-f1-2024","tag-formula-1","tag-gp-de-china","tag-lance-stroll","tag-pierre-gasly","42wp_author-gabriel-garcia"],"_links":{"self":[{"href":"https:\/\/grandepremio.com\/es\/wp-json\/wp\/v2\/posts\/14228","targetHints":{"allow":["GET"]}}],"collection":[{"href":"https:\/\/grandepremio.com\/es\/wp-json\/wp\/v2\/posts"}],"about":[{"href":"https:\/\/grandepremio.com\/es\/wp-json\/wp\/v2\/types\/post"}],"replies":[{"embeddable":true,"href":"https:\/\/grandepremio.com\/es\/wp-json\/wp\/v2\/comments?post=14228"}],"version-history":[{"count":0,"href":"https:\/\/grandepremio.com\/es\/wp-json\/wp\/v2\/posts\/14228\/revisions"}],"wp:featuredmedia":[{"embeddable":true,"href":"https:\/\/grandepremio.com\/es\/wp-json\/wp\/v2\/media\/1010237488"}],"wp:attachment":[{"href":"https:\/\/grandepremio.com\/es\/wp-json\/wp\/v2\/media?parent=14228"}],"wp:term":[{"taxonomy":"category","embeddable":true,"href":"https:\/\/grandepremio.com\/es\/wp-json\/wp\/v2\/categories?post=14228"},{"taxonomy":"post_tag","embeddable":true,"href":"https:\/\/grandepremio.com\/es\/wp-json\/wp\/v2\/tags?post=14228"},{"taxonomy":"42wp_author","embeddable":true,"href":"https:\/\/grandepremio.com\/es\/wp-json\/wp\/v2\/42wp_author?post=14228"}],"curies":[{"name":"wp","href":"https:\/\/api.w.org\/{rel}","templated":true}]}}