{"id":14341,"date":"2024-04-10T13:55:49","date_gmt":"2024-04-10T16:55:49","guid":{"rendered":"https:\/\/grandepremio.com\/es\/2024\/04\/10\/peter-bayer-visa-cashapp-rb-yuki-tsunoda-mentalidad-f1-2024\/"},"modified":"2024-04-10T13:55:58","modified_gmt":"2024-04-10T16:55:58","slug":"peter-bayer-visa-cashapp-rb-yuki-tsunoda-mentalidad-f1-2024","status":"publish","type":"post","link":"https:\/\/grandepremio.com\/es\/f1\/peter-bayer-visa-cashapp-rb-yuki-tsunoda-mentalidad-f1-2024\/","title":{"rendered":"RB destaca &#8220;mentalidad&#8221; y dice que Tsunoda pas\u00f3 de &#8220;adolescente a adulto&#8221; en 2024"},"content":{"rendered":"\n<p class=\"wp-block-paragraph\">El inicio de temporada de <strong>Yuki Tsunoda<\/strong> en<strong> Visa CashApp RB<\/strong>, o simplemente <strong>RB<\/strong>, ha sido muy elogiado por el director general del equipo, <strong>Peter Bayer<\/strong>. Tsunoda sum\u00f3 puntos al terminar s\u00e9ptimo en el <strong>Gran Premio de Australia<\/strong> y d\u00e9cimo en el de Jap\u00f3n el pasado fin de semana. El rendimiento del piloto japon\u00e9s es muy superior al de su compa\u00f1ero de equipo, <strong>Daniel Ricciardo<\/strong>, que de momento no ha puntuado y abandon\u00f3 en Suzuka tras verse involucrado en un accidente en la primera vuelta con el tailand\u00e9s <strong>Alex Albon<\/strong>.<\/p>\n\n\n\n<p class=\"wp-block-paragraph\">Para Bayer, el piloto japon\u00e9s evolucion\u00f3 considerablemente en 2024 y pas\u00f3 &#8220;de adolescente a adulto&#8221;. En los \u00faltimos a\u00f1os, Tsunoda ha mostrado momentos de irritaci\u00f3n al comunicarse con el equipo durante algunas carreras.<\/p>\n\n\n\n<p class=\"wp-block-paragraph\">\ud83d\udfe5&nbsp;<strong><em>\u00a1Todas las novedades te esperan en el canal de&nbsp;<a href=\"https:\/\/www.youtube.com\/@GrandePremioES\" target=\"_blank\" rel=\"noreferrer noopener\">YouTube<\/a>&nbsp;de Grande Pr\u00eamio en Espa\u00f1ol!<\/em><\/strong>&nbsp;\ud83d\udfe8<\/p>\n\n\n\n<p class=\"wp-block-paragraph\">&#8220;En t\u00e9rminos de ritmo y mentalmente, Yuki ha dado un paso adelante. Ha pasado de adolescente a adulto y est\u00e1 mostrando grandes resultados&#8221;, elogi\u00f3. &#8220;Ha mejorado en los \u00faltimos seis meses, est\u00e1 centrado y concentrado. Est\u00e1 progresando y se le ve fuerte&#8221;, a\u00f1adi\u00f3 el jefe de RB a Motorsport Week.<\/p>\n\n\n\n<p class=\"wp-block-paragraph\">Seg\u00fan Bayer, los resultados en <strong>Melbourne <\/strong>y <strong>Suzuka <\/strong>fueron motivo de celebraci\u00f3n, especialmente en Jap\u00f3n, cuando RB consigui\u00f3 acertar con la estrategia en boxes para asegurar el d\u00e9cimo puesto de Tsunoda, siendo tambi\u00e9n la primera vez que puntuaba en su pa\u00eds natal.<\/p>\n\n\n\n<p class=\"wp-block-paragraph\">\u23e9\u00a0<strong><em>\u00a1Seguinos en redes por\u00a0<a href=\"https:\/\/twitter.com\/grandepremioES\" target=\"_blank\" rel=\"noreferrer noopener\">Twitter\u00a0<\/a>e\u00a0<a href=\"https:\/\/www.instagram.com\/grandepremioes\/\" target=\"_blank\" rel=\"noreferrer noopener\">Instagram!<\/a><\/em><\/strong><br><strong>\u23e9<\/strong>\u00a0<strong><em>Adem\u00e1s, tenemos nuestro\u00a0<a href=\"https:\/\/whatsapp.com\/channel\/0029VaDZ5zb0gcfDxuwxBM05\" target=\"_blank\" rel=\"noreferrer noopener\">canal de Whatsapp<\/a>\u00a0con toda la informaci\u00f3n al instante<\/em><\/strong>\u00a0\ud83c\udfc1<\/p>\n\n\n\n<figure class=\"wp-block-image size-full\"><img decoding=\"async\" src=\"https:\/\/grandepremio.com\/es\/wp-content\/uploads\/2024\/04\/japao-2024-f1-corrida-rb-yuki-tsunoda-06-1024x683-1.jpg\" alt=\"\" class=\"wp-image-236794\"\/><figcaption class=\"wp-element-caption\">El presente de Yuki Tsunoda fue elogiado por Peter Bayer, CEO de RB (Foto: Red Bull Content Pool)<\/figcaption><\/figure>\n\n\n\n<p class=\"wp-block-paragraph\">&#8220;Ha sido un gran \u00e9xito para el equipo. Hemos ganado esos puntos y el equipo lo est\u00e1 celebrando como si hubi\u00e9ramos ganado&#8221;, concluy\u00f3.<\/p>\n\n\n\n<p class=\"wp-block-paragraph\">Tsunoda es und\u00e9cimo en el campeonato de pilotos, con siete puntos. En el Mundial de Constructores, <strong>RB <\/strong>es sexto, por delante de <strong>Haas, Williams, Sauber<\/strong> y <strong>Alpine<\/strong>.<\/p>\n\n\n\n<p class=\"wp-block-paragraph\">La\u00a0<strong><a href=\"https:\/\/es.grandepremio.com\/f1\/\" target=\"_blank\" rel=\"noreferrer noopener\">F\u00f3rmula 1<\/a>\u00a0<\/strong>regresa en dos semanas, entre el 19 y el 21 de abril, para el\u00a0<strong>Gran Premio de China<\/strong>, el regreso de la etapa al calendario posterior a la pandemia, con cobertura completa de\u00a0<strong>GRANDE PR\u00caMIO<\/strong>.<\/p>\n\n\n\n<figure class=\"wp-block-embed is-type-video is-provider-youtube wp-block-embed-youtube wp-embed-aspect-16-9 wp-has-aspect-ratio\"><div class=\"wp-block-embed__wrapper\">\n<iframe loading=\"lazy\" title=\"\u00bfCU\u00c1LES SON LAS OPCIONES DE SAINZ PARA LA F1 2025?\" width=\"500\" height=\"281\" src=\"https:\/\/www.youtube.com\/embed\/tJBgdUVOB1U?feature=oembed\" frameborder=\"0\" allow=\"accelerometer; autoplay; clipboard-write; encrypted-media; gyroscope; picture-in-picture; web-share\" referrerpolicy=\"strict-origin-when-cross-origin\" allowfullscreen><\/iframe>\n<\/div><\/figure>\n","protected":false},"excerpt":{"rendered":"<p>Yuki Tsunoda ha sorprendido al sumar 7 puntos en las dos \u00faltimas carreras, en Australia y Jap\u00f3n. Para Peter Bayer, CEO de RB, el piloto ha evolucionado mucho mentalmente y ha mejorado su ritmo en la pista<\/p>\n","protected":false},"author":0,"featured_media":1010236795,"comment_status":"closed","ping_status":"closed","sticky":false,"template":"","format":"standard","meta":{"42wp_featured_image_caption":"","42wp_featured_image_credits":"","42wp_featured_video":"","42wp_featured_image_hidden":false,"42wp_authors_list":[],"footnotes":""},"categories":[5],"tags":[181,2249,179,2259,1488,2153,9881,4540,9810,368],"42wp_author":[14239],"class_list":["post-14341","post","type-post","status-publish","format-standard","has-post-thumbnail","hentry","category-f1","tag-f1","tag-f1-2024","tag-formula-1","tag-formula-1-2024","tag-grande-premio","tag-peter-bayer","tag-rb","tag-temporada-2024-f1","tag-visa-cashapp-rb","tag-yuki-tsunoda","42wp_author-jp-otrosky"],"_links":{"self":[{"href":"https:\/\/grandepremio.com\/es\/wp-json\/wp\/v2\/posts\/14341","targetHints":{"allow":["GET"]}}],"collection":[{"href":"https:\/\/grandepremio.com\/es\/wp-json\/wp\/v2\/posts"}],"about":[{"href":"https:\/\/grandepremio.com\/es\/wp-json\/wp\/v2\/types\/post"}],"replies":[{"embeddable":true,"href":"https:\/\/grandepremio.com\/es\/wp-json\/wp\/v2\/comments?post=14341"}],"version-history":[{"count":0,"href":"https:\/\/grandepremio.com\/es\/wp-json\/wp\/v2\/posts\/14341\/revisions"}],"wp:featuredmedia":[{"embeddable":true,"href":"https:\/\/grandepremio.com\/es\/wp-json\/wp\/v2\/media\/1010236795"}],"wp:attachment":[{"href":"https:\/\/grandepremio.com\/es\/wp-json\/wp\/v2\/media?parent=14341"}],"wp:term":[{"taxonomy":"category","embeddable":true,"href":"https:\/\/grandepremio.com\/es\/wp-json\/wp\/v2\/categories?post=14341"},{"taxonomy":"post_tag","embeddable":true,"href":"https:\/\/grandepremio.com\/es\/wp-json\/wp\/v2\/tags?post=14341"},{"taxonomy":"42wp_author","embeddable":true,"href":"https:\/\/grandepremio.com\/es\/wp-json\/wp\/v2\/42wp_author?post=14341"}],"curies":[{"name":"wp","href":"https:\/\/api.w.org\/{rel}","templated":true}]}}