{"id":14501,"date":"2024-04-02T09:12:07","date_gmt":"2024-04-02T12:12:07","guid":{"rendered":"https:\/\/grandepremio.com\/es\/2024\/04\/02\/alpine-prepara-actualizaciones-gp-japon\/"},"modified":"2024-04-02T09:12:13","modified_gmt":"2024-04-02T12:12:13","slug":"alpine-prepara-actualizaciones-gp-japon","status":"publish","type":"post","link":"https:\/\/grandepremio.com\/es\/f1\/alpine-prepara-actualizaciones-gp-japon\/","title":{"rendered":"Alpine prepara importantes actualizaciones para el Gran Premio de Jap\u00f3n"},"content":{"rendered":"\n<p class=\"wp-block-paragraph\">El equipo <strong>Alpine<\/strong> ha comenzado la temporada 2024 de la F\u00f3rmula 1 al fondo de la grilla de equipos y presentaron al coche de este a\u00f1o, el<strong> A524<\/strong>, sin un dise\u00f1o terminado, debido al peso del auto, por lo cual debieron dejar la fibra de carbono del chasis como los <em>\u201ccolores\u201d <\/em>del veh\u00edculo.<\/p>\n\n\n\n<p class=\"wp-block-paragraph\">De cara a intentar mejorar el rendimiento del coche, <strong>Bruno Famin<\/strong>, el jefe de equipo, confirmo que habr\u00e1 un paquete de actualizaciones para el <strong>GP de Jap\u00f3n<\/strong>, que pretende aliviar el peso del auto y mejorar las prestaciones del aler\u00f3n delantero, que es muy importante en la actual generaci\u00f3n de monoplazas de la F1.<\/p>\n\n\n\n<p class=\"wp-block-paragraph\"><strong>&#8220;Hemos fijado una fecha para entregar las primeras actualizaciones del A524. Aunque no sea importante, es importante que podamos a\u00f1adir estos elementos tan pronto como podamos para entender el potencial y seguir mejorando la comprensi\u00f3n de nuestro paquete&#8221;<\/strong>, dijo el franc\u00e9s.<\/p>\n\n\n\n<figure class=\"wp-block-image size-full\"><img decoding=\"async\" src=\"https:\/\/grandepremio.com\/es\/wp-content\/uploads\/2024\/04\/image-9.png\" alt=\"\" class=\"wp-image-235730\"\/><figcaption class=\"wp-element-caption\">Esteban Ocon y Pierre Gasly han sufrido con Alpine (Foto: AFP)<\/figcaption><\/figure>\n\n\n\n<p class=\"wp-block-paragraph\"><strong>&#8220;Estas actualizaciones ser\u00e1n, como mayor preocupaci\u00f3n, un nuevo aler\u00f3n delantero y el primer paso en la reducci\u00f3n de peso&#8221;<\/strong>, explic\u00f3 el jefe de Alpine, que ha pasado a la Q2 con <strong>Esteban Ocon<\/strong> en el <strong>GP de Australia<\/strong>, pero acab\u00f3 las tres carreras del a\u00f1o sin puntos.<\/p>\n\n\n\n<p class=\"wp-block-paragraph\"><strong>&#8220;Pudimos luchar m\u00e1s cerca de los puntos que en rondas anteriores. Dicho esto, probablemente se debi\u00f3 a las circunstancias y a problemas espec\u00edficos de la pista m\u00e1s que a una mejora en el rendimiento. Y a\u00fan estamos lejos de nuestro objetivo. Tenemos que luchar con u\u00f1as y dientes para mejorar nuestro rendimiento en todas las \u00e1reas&#8221;<\/strong>, concluy\u00f3.<\/p>\n\n\n\n<p class=\"wp-block-paragraph\"><strong><em>\u00a1Seguinos en redes por&nbsp;<\/em><\/strong><a href=\"https:\/\/twitter.com\/grandepremioES\" target=\"_blank\" rel=\"noreferrer noopener\"><strong><em>Twitter&nbsp;<\/em><\/strong><\/a><strong><em>e&nbsp;<\/em><\/strong><a href=\"https:\/\/www.instagram.com\/grandepremioes\/\" target=\"_blank\" rel=\"noreferrer noopener\"><strong><em>Instagram!<\/em><\/strong><\/a><br><strong><em>Adem\u00e1s, tenemos nuestro&nbsp;<\/em><\/strong><a href=\"https:\/\/whatsapp.com\/channel\/0029VaDZ5zb0gcfDxuwxBM05\" target=\"_blank\" rel=\"noreferrer noopener\"><strong><em>canal de Whatsapp<\/em><\/strong><\/a><strong><em>&nbsp;con toda la informaci\u00f3n al instante<\/em><\/strong>&nbsp;<\/p>\n\n\n\n<p class=\"wp-block-paragraph\"><strong><em>\u00a1Todas las novedades te esperan en el canal de&nbsp;<\/em><\/strong><a href=\"https:\/\/www.youtube.com\/@GrandePremioES\" target=\"_blank\" rel=\"noreferrer noopener\"><strong><em>YouTube<\/em><\/strong><\/a><strong><em>&nbsp;de Grande Pr\u00eamio en Espa\u00f1ol!<\/em><\/strong>&nbsp;<\/p>\n\n\n\n<p class=\"wp-block-paragraph\">La F\u00f3rmula 1 regresa con la temporada 2024 este fin de semana, entre el 5 y el 7 de abril, con el Gran Premio de Jap\u00f3n en Suzuka. Adem\u00e1s de Alpine, los otros equipos que est\u00e1n sin puntos en 2024 son <strong>Williams<\/strong> y <strong>Sauber<\/strong>. <\/p>\n","protected":false},"excerpt":{"rendered":"<p>Bruno Famin, jefe de equipo de Alpine, anunci\u00f3 las primeras medidas de la temporada para que el equipo se recupere: la reducci\u00f3n del peso del monoplaza y un nuevo aler\u00f3n para la carrera de Suzuka. <\/p>\n","protected":false},"author":0,"featured_media":1010235727,"comment_status":"closed","ping_status":"closed","sticky":false,"template":"","format":"standard","meta":{"42wp_featured_image_caption":"","42wp_featured_image_credits":"","42wp_featured_video":"","42wp_featured_image_hidden":false,"42wp_authors_list":[],"footnotes":""},"categories":[5],"tags":[9890,678,2233,362,181,2249,179,1475,1422,497],"42wp_author":[14237],"class_list":["post-14501","post","type-post","status-publish","format-standard","has-post-thumbnail","hentry","category-f1","tag-a524","tag-alpine","tag-bruno-famin","tag-esteban-ocon","tag-f1","tag-f1-2024","tag-formula-1","tag-gp-de-australia","tag-gp-de-japon","tag-sauber","42wp_author-gabriel-garcia"],"_links":{"self":[{"href":"https:\/\/grandepremio.com\/es\/wp-json\/wp\/v2\/posts\/14501","targetHints":{"allow":["GET"]}}],"collection":[{"href":"https:\/\/grandepremio.com\/es\/wp-json\/wp\/v2\/posts"}],"about":[{"href":"https:\/\/grandepremio.com\/es\/wp-json\/wp\/v2\/types\/post"}],"replies":[{"embeddable":true,"href":"https:\/\/grandepremio.com\/es\/wp-json\/wp\/v2\/comments?post=14501"}],"version-history":[{"count":0,"href":"https:\/\/grandepremio.com\/es\/wp-json\/wp\/v2\/posts\/14501\/revisions"}],"wp:featuredmedia":[{"embeddable":true,"href":"https:\/\/grandepremio.com\/es\/wp-json\/wp\/v2\/media\/1010235727"}],"wp:attachment":[{"href":"https:\/\/grandepremio.com\/es\/wp-json\/wp\/v2\/media?parent=14501"}],"wp:term":[{"taxonomy":"category","embeddable":true,"href":"https:\/\/grandepremio.com\/es\/wp-json\/wp\/v2\/categories?post=14501"},{"taxonomy":"post_tag","embeddable":true,"href":"https:\/\/grandepremio.com\/es\/wp-json\/wp\/v2\/tags?post=14501"},{"taxonomy":"42wp_author","embeddable":true,"href":"https:\/\/grandepremio.com\/es\/wp-json\/wp\/v2\/42wp_author?post=14501"}],"curies":[{"name":"wp","href":"https:\/\/api.w.org\/{rel}","templated":true}]}}