{"id":14509,"date":"2024-04-01T12:35:55","date_gmt":"2024-04-01T15:35:55","guid":{"rendered":"https:\/\/grandepremio.com\/es\/2024\/04\/01\/presidente-fim-permanencia-ezpeleta-clave-venta-motogp\/"},"modified":"2024-04-01T12:36:03","modified_gmt":"2024-04-01T15:36:03","slug":"presidente-fim-permanencia-ezpeleta-clave-venta-motogp","status":"publish","type":"post","link":"https:\/\/grandepremio.com\/es\/motogp\/presidente-fim-permanencia-ezpeleta-clave-venta-motogp\/","title":{"rendered":"Presidente de FIM dice que permanencia de Ezpeleta fue clave en venta de MotoGP"},"content":{"rendered":"\n<p class=\"wp-block-paragraph\">El presidente de la <strong>FIM<\/strong> (Federaci\u00f3n Internacional de Motociclismo), <strong>Jorge Viegas<\/strong>, ha asegurado que <strong>Carmelo Ezpeleta<\/strong> fue una pieza clave en las negociaciones que culminaron con la compra de<strong> MotoGP<\/strong> por parte de <strong>Liberty Media<\/strong>. En una entrevista exclusiva concedida a<strong> GRANDE PR\u00caMIO<\/strong>, afirm\u00f3 que el compromiso del CEO de <strong>Dorna <\/strong>para seguir liderando la categor\u00eda fue vital.<\/p>\n\n\n\n<p class=\"wp-block-paragraph\">Se hizo oficial en la jornada de este lunes que la empresa due\u00f1a de los derechos comerciales de la <strong>F\u00f3rmula 1<\/strong> lleg\u00f3 a un acuerdo para comprar el 86% de las acciones de MotoGP a la empresa Dorna, que era la propietaria del campeonato del mundo y, tambi\u00e9n, del Mundial de Superbikes.<\/p>\n\n\n\n<p class=\"wp-block-paragraph\">A pesar de la operaci\u00f3n, Dorna seguir\u00e1 funcionando como empresa independiente, con sede en Madrid, y Ezpeleta al frente del campeonato. Adem\u00e1s, la familia del actual jefe del <strong>Mundial de Motociclismo <\/strong>retuvo un 14% de las acciones del campeonato.<\/p>\n\n\n\n<p class=\"wp-block-paragraph\"><strong>&#8220;\u00bfSaben qu\u00e9? Liberty Media s\u00f3lo compr\u00f3 MotoGP porque Carmelo Ezpeleta se comprometi\u00f3 a seguir gestionando este campeonato<\/strong>&#8220;, dijo Viegas a Grande Premio. <strong>&#8220;Para nosotros, la FIM, tambi\u00e9n es una se\u00f1al de gran tranquilidad porque, para nosotros, nada cambia. Seguiremos tratando con todo el equipo Dorna, tanto en MotoGP como en Superbike&#8221;<\/strong>, a\u00f1adi\u00f3.<\/p>\n\n\n\n<figure class=\"wp-block-image size-full\"><img decoding=\"async\" src=\"https:\/\/grandepremio.com\/es\/wp-content\/uploads\/2024\/04\/image-5.png\" alt=\"\" class=\"wp-image-235680\"\/><figcaption class=\"wp-element-caption\">Jorge Viegas afirma que la F\u00f3rmula 1 tambi\u00e9n podr\u00eda beneficiarse de la experiencia de MotoGP (Foto: FIM)<\/figcaption><\/figure>\n\n\n\n<p class=\"wp-block-paragraph\">El acuerdo, sin embargo, a\u00fan depende de la aprobaci\u00f3n de los organismos reguladores de la <strong>Uni\u00f3n Europea.<\/strong> En el pasado, las dos categor\u00edas no han podido estar bajo el mismo paraguas debido a las normas de competencia del mercado.<\/p>\n\n\n\n<p class=\"wp-block-paragraph\">Por otro lado, Viegas le dijo a este medio que la llegada de los due\u00f1os de la F1 puede ser muy bueno para el mundillo de las dos ruedas: <strong>&#8220;La llegada de Liberty Media a MotoGP puede tener un efecto muy positivo en el sentido de que habr\u00e1 sinergias en t\u00e9rminos de retransmisi\u00f3n televisiva, redes sociales, promoci\u00f3n y, sobre todo, Liberty puede aportar algunas ideas sobre c\u00f3mo impulsar MotoGP. \u00a1Mira lo que ha conseguido Liberty con la F\u00f3rmula 1!&#8221;.<\/strong><\/p>\n\n\n\n<p class=\"wp-block-paragraph\">A su vez, el portugu\u00e9s reconoci\u00f3 que Liberty puede ayudar en marketing y difusi\u00f3n a un campeonato que lo necesita:<strong> &#8220;Creo que s\u00ed que se podr\u00eda aportar algo de experiencia de la F\u00f3rmula 1 a MotoGP. Por otro lado, creo que MotoGP tambi\u00e9n puede aportar algunas ideas nuevas a la F\u00f3rmula 1, porque el producto de MotoGP es mucho m\u00e1s competitivo, es m\u00e1s interesante que las carreras de F\u00f3rmula 1 en este momento&#8221;.<\/strong><\/p>\n\n\n\n<p class=\"wp-block-paragraph\"><strong><em>\u00a1Seguinos en redes por&nbsp;<\/em><\/strong><a href=\"https:\/\/twitter.com\/grandepremioES\" target=\"_blank\" rel=\"noreferrer noopener\"><strong><em>Twitter&nbsp;<\/em><\/strong><\/a><strong><em>e&nbsp;<\/em><\/strong><a href=\"https:\/\/www.instagram.com\/grandepremioes\/\" target=\"_blank\" rel=\"noreferrer noopener\"><strong><em>Instagram!<\/em><\/strong><\/a><br><strong><em>Adem\u00e1s, tenemos nuestro&nbsp;<\/em><\/strong><a href=\"https:\/\/whatsapp.com\/channel\/0029VaDZ5zb0gcfDxuwxBM05\" target=\"_blank\" rel=\"noreferrer noopener\"><strong><em>canal de Whatsapp<\/em><\/strong><\/a><strong><em>&nbsp;con toda la informaci\u00f3n al instante<\/em><\/strong>&nbsp;<\/p>\n\n\n\n<p class=\"wp-block-paragraph\"><strong><em>\u00a1Todas las novedades te esperan en el canal de&nbsp;<\/em><\/strong><a href=\"https:\/\/www.youtube.com\/@GrandePremioES\" target=\"_blank\" rel=\"noreferrer noopener\"><strong><em>YouTube<\/em><\/strong><\/a><strong><em>&nbsp;de Grande Pr\u00eamio en Espa\u00f1ol!<\/em><\/strong>&nbsp;<\/p>\n\n\n\n<p class=\"wp-block-paragraph\"><strong>MotoGP <\/strong>vuelve a la pista entre el 12 y el 14 de abril para el GP de las Am\u00e9ricas en Austin, tercera prueba del campeonato de 2024. GRANDE PR\u00caMIO tiene la cobertura completa del evento<\/p>\n","protected":false},"excerpt":{"rendered":"<p>En una entrevista exclusiva con GRANDE PR\u00caMIO, Jorge Viegas, ha afirmado que Liberty Media s\u00f3lo sigui\u00f3 adelante con la compra de MotoGP tras el compromiso de Carmelo Ezpeleta de permanecer al frente del campeonato y tiene muchas expectativas con la nueva etapa.<\/p>\n","protected":false},"author":0,"featured_media":1010235674,"comment_status":"closed","ping_status":"closed","sticky":false,"template":"","format":"standard","meta":{"42wp_featured_image_caption":"","42wp_featured_image_credits":"","42wp_featured_video":"","42wp_featured_image_hidden":false,"42wp_authors_list":[],"footnotes":""},"categories":[8],"tags":[2425,7927,1448,179,1488,4272,624,1764],"42wp_author":[14237],"class_list":["post-14509","post","type-post","status-publish","format-standard","has-post-thumbnail","hentry","category-motogp","tag-carmelo-ezpeleta","tag-dorna-sports","tag-fim","tag-formula-1","tag-grande-premio","tag-jorge-viegas","tag-liberty-media","tag-mundial-de-motociclismo","42wp_author-gabriel-garcia"],"_links":{"self":[{"href":"https:\/\/grandepremio.com\/es\/wp-json\/wp\/v2\/posts\/14509","targetHints":{"allow":["GET"]}}],"collection":[{"href":"https:\/\/grandepremio.com\/es\/wp-json\/wp\/v2\/posts"}],"about":[{"href":"https:\/\/grandepremio.com\/es\/wp-json\/wp\/v2\/types\/post"}],"replies":[{"embeddable":true,"href":"https:\/\/grandepremio.com\/es\/wp-json\/wp\/v2\/comments?post=14509"}],"version-history":[{"count":0,"href":"https:\/\/grandepremio.com\/es\/wp-json\/wp\/v2\/posts\/14509\/revisions"}],"wp:featuredmedia":[{"embeddable":true,"href":"https:\/\/grandepremio.com\/es\/wp-json\/wp\/v2\/media\/1010235674"}],"wp:attachment":[{"href":"https:\/\/grandepremio.com\/es\/wp-json\/wp\/v2\/media?parent=14509"}],"wp:term":[{"taxonomy":"category","embeddable":true,"href":"https:\/\/grandepremio.com\/es\/wp-json\/wp\/v2\/categories?post=14509"},{"taxonomy":"post_tag","embeddable":true,"href":"https:\/\/grandepremio.com\/es\/wp-json\/wp\/v2\/tags?post=14509"},{"taxonomy":"42wp_author","embeddable":true,"href":"https:\/\/grandepremio.com\/es\/wp-json\/wp\/v2\/42wp_author?post=14509"}],"curies":[{"name":"wp","href":"https:\/\/api.w.org\/{rel}","templated":true}]}}