{"id":14571,"date":"2024-03-28T13:36:57","date_gmt":"2024-03-28T16:36:57","guid":{"rendered":"https:\/\/grandepremio.com\/es\/2024\/03\/28\/mclaren-reflexiona-sobre-uso-de-neumaticos-blandos-en-australia-red-bull-sin-ventajas\/"},"modified":"2024-03-28T13:37:08","modified_gmt":"2024-03-28T16:37:08","slug":"mclaren-reflexiona-sobre-uso-de-neumaticos-blandos-en-australia-red-bull-sin-ventajas","status":"publish","type":"post","link":"https:\/\/grandepremio.com\/es\/f1\/mclaren-reflexiona-sobre-uso-de-neumaticos-blandos-en-australia-red-bull-sin-ventajas\/","title":{"rendered":"McLaren reflexiona sobre uso de neum\u00e1ticos blandos en Australia: &#8220;Red Bull sin ventajas&#8221;"},"content":{"rendered":"\n<p class=\"wp-block-paragraph\">Aunque el abandono temprano de <strong>Max Verstappen<\/strong> en el <strong>Gran Premio de Australia <\/strong>del fin de semana pasado elimin\u00f3 las posibilidades del neerland\u00e9s de lograr su tercera victoria en la <strong>temporada 2024<\/strong>, parece que incluso si hubiera permanecido en la contienda, la vida del tricampe\u00f3n no habr\u00eda sido tan f\u00e1cil. Seg\u00fan el jefe de <strong>McLaren, Andrea Stella<\/strong>, <strong>Red Bull sufri\u00f3 con el desgaste de los neum\u00e1ticos<\/strong> y, por lo tanto, <strong>no ten\u00eda un ritmo de carrera tan superior en comparaci\u00f3n con sus rivales<\/strong>.<\/p>\n\n\n\n<p class=\"wp-block-paragraph\">\u23e9&nbsp;<strong><em>\u00a1Seguinos en redes por&nbsp;<a href=\"https:\/\/twitter.com\/grandepremioES\" target=\"_blank\" rel=\"noreferrer noopener\">Twitter&nbsp;<\/a>e&nbsp;<a href=\"https:\/\/www.instagram.com\/grandepremioes\/\" target=\"_blank\" rel=\"noreferrer noopener\">Instagram!<\/a><\/em><\/strong><br><strong>\u23e9<\/strong>&nbsp;<strong><em>Adem\u00e1s, tenemos nuestro&nbsp;<a href=\"https:\/\/whatsapp.com\/channel\/0029VaDZ5zb0gcfDxuwxBM05\" target=\"_blank\" rel=\"noreferrer noopener\">canal de Whatsapp<\/a>&nbsp;con toda la informaci\u00f3n al instante<\/em><\/strong>&nbsp;\ud83c\udfc1<\/p>\n\n\n\n<p class=\"wp-block-paragraph\">A bordo del segundo <strong>RB20<\/strong>, <strong>Sergio P\u00e9rez <\/strong>no pudo seguir el ritmo de los autos de punta, los <strong>McLaren <\/strong>y <strong>Ferrari<\/strong>, y cruz\u00f3 la l\u00ednea de meta en quinta posici\u00f3n, m\u00e1s de 56 segundos detr\u00e1s del ganador de la carrera, <strong>Carlos Sainz<\/strong>. La elecci\u00f3n de los neum\u00e1ticos m\u00e1s blandos de la gama por parte de Pirelli realmente trajo dificultades para los toros, que fueron mucho mejores en la conservaci\u00f3n del caucho en las etapas anteriores, realizadas en Bahr\u00e9in y Arabia Saudita.<\/p>\n\n\n\n<p class=\"wp-block-paragraph\">&#8220;En <strong>Bahrein<\/strong>, <strong>Red Bull<\/strong> fue el \u00fanico coche que us\u00f3 c\u00f3modamente los neum\u00e1ticos blandos&#8221;, dijo Stella. &#8220;Pero, en Bahrein, no hay desgaste alguno. De ninguna manera sufrir\u00e1s desgaste porque no hay suficiente adherencia para tensar los neum\u00e1ticos y estirar la goma a un punto en el que la goma genere gr\u00e1nulos&#8221;, explic\u00f3.<\/p>\n\n\n\n<p class=\"wp-block-paragraph\">&#8220;Australia es un r\u00e9gimen completamente diferente. Pero a\u00fan as\u00ed, dir\u00eda, abordando el asunto desde el punto de vista de la ingenier\u00eda: &#8216;oh, est\u00e1 muy claro lo que necesitamos hacer en el coche para estar bien en Bahr\u00e9in y estar bien aqu\u00ed&#8217; \u2013 no es tan simple&#8221;, analiz\u00f3 Andrea.<\/p>\n\n\n\n<figure class=\"wp-block-image size-full is-resized\"><img decoding=\"async\" src=\"https:\/\/grandepremio.com\/es\/wp-content\/uploads\/2024\/03\/image-175.png\" alt=\"\" class=\"wp-image-235360\" style=\"aspect-ratio:1.5;width:840px;height:auto\"\/><figcaption class=\"wp-element-caption\">Seg\u00fan Stella, el ritmo de Max Verstappen no era tan superior al de sus rivales GP (Foto: Red Bull Content Pool)<\/figcaption><\/figure>\n\n\n\n<p class=\"wp-block-paragraph\">&#8220;Incluso [en la sesi\u00f3n final], cuando Verstappen intent\u00f3 una simulaci\u00f3n de carrera, no fue una buena simulaci\u00f3n. Miramos sus neum\u00e1ticos al final del stint y se desgastaron en unas 10-15 vueltas. <strong>Red Bull no tuvo ninguna ventaja aparente en t\u00e9rminos de manejo de neum\u00e1ticos, en una pista donde los neum\u00e1ticos eran muy blandos<\/strong>&#8220;, evalu\u00f3 Stella.<\/p>\n\n\n\n<p class=\"wp-block-paragraph\">Sin embargo, el jefe de <strong>McLaren<\/strong> advirti\u00f3 que incluso en pistas con condiciones similares a las vistas en Melbourne, la situaci\u00f3n puede ser diferente, ya que el comportamiento de los neum\u00e1ticos nunca es predecible.<\/p>\n\n\n\n<p class=\"wp-block-paragraph\">\ud83d\udfe5&nbsp;<strong><em>\u00a1Todas las novedades te esperan en el canal de&nbsp;<a href=\"https:\/\/www.youtube.com\/@GrandePremioES\" target=\"_blank\" rel=\"noreferrer noopener\">YouTube<\/a>&nbsp;de Grande Pr\u00eamio en Espa\u00f1ol!<\/em><\/strong>&nbsp;\ud83d\udfe8<\/p>\n\n\n\n<p class=\"wp-block-paragraph\">&#8220;Puede ser que vayamos a una pista similar y las cosas sean un poco diferentes: es uno de los problemas que llamar\u00edamos no lineales.<strong> Cambias un poco las condiciones y la soluci\u00f3n cambia dr\u00e1sticamente. Esto suele ser lo que sucede con los neum\u00e1ticos<\/strong>&#8220;, concluy\u00f3.<\/p>\n\n\n\n<p class=\"wp-block-paragraph\">La <strong>F\u00f3rmula 1<\/strong> regresa en dos semanas, del 5 al 7 de abril, con el <strong>Gran Premio de Jap\u00f3n <\/strong>en Suzuka.<\/p>\n\n\n\n<figure class=\"wp-block-embed is-type-video is-provider-youtube wp-block-embed-youtube wp-embed-aspect-16-9 wp-has-aspect-ratio\"><div class=\"wp-block-embed__wrapper\">\n<iframe loading=\"lazy\" title=\"P\u00c9REZ PODR\u00cdA QUEDARSE SIN ASIENTO EN F1 2025\" width=\"500\" height=\"281\" src=\"https:\/\/www.youtube.com\/embed\/dqY1PAtYqGY?feature=oembed\" frameborder=\"0\" allow=\"accelerometer; autoplay; clipboard-write; encrypted-media; gyroscope; picture-in-picture; web-share\" referrerpolicy=\"strict-origin-when-cross-origin\" allowfullscreen><\/iframe>\n<\/div><\/figure>\n","protected":false},"excerpt":{"rendered":"<p>El jefe de McLaren, Andrea Stella, evalu\u00f3 el comportamiento de los neum\u00e1ticos blandos en Australia y afirm\u00f3 que Max Verstappen no tendr\u00eda una vida f\u00e1cil, ya que Red Bull sufri\u00f3 con el ritmo de carrera.<\/p>\n","protected":false},"author":0,"featured_media":1010235359,"comment_status":"closed","ping_status":"closed","sticky":false,"template":"","format":"standard","meta":{"42wp_featured_image_caption":"","42wp_featured_image_credits":"","42wp_featured_video":"","42wp_featured_image_hidden":false,"42wp_authors_list":[],"footnotes":""},"categories":[5],"tags":[4497,675,181,2249,179,1475,1488,269],"42wp_author":[14235],"class_list":["post-14571","post","type-post","status-publish","format-standard","has-post-thumbnail","hentry","category-f1","tag-andrea-stella","tag-australia","tag-f1","tag-f1-2024","tag-formula-1","tag-gp-de-australia","tag-grande-premio","tag-mclaren","42wp_author-barbara-mincioni"],"_links":{"self":[{"href":"https:\/\/grandepremio.com\/es\/wp-json\/wp\/v2\/posts\/14571","targetHints":{"allow":["GET"]}}],"collection":[{"href":"https:\/\/grandepremio.com\/es\/wp-json\/wp\/v2\/posts"}],"about":[{"href":"https:\/\/grandepremio.com\/es\/wp-json\/wp\/v2\/types\/post"}],"replies":[{"embeddable":true,"href":"https:\/\/grandepremio.com\/es\/wp-json\/wp\/v2\/comments?post=14571"}],"version-history":[{"count":0,"href":"https:\/\/grandepremio.com\/es\/wp-json\/wp\/v2\/posts\/14571\/revisions"}],"wp:featuredmedia":[{"embeddable":true,"href":"https:\/\/grandepremio.com\/es\/wp-json\/wp\/v2\/media\/1010235359"}],"wp:attachment":[{"href":"https:\/\/grandepremio.com\/es\/wp-json\/wp\/v2\/media?parent=14571"}],"wp:term":[{"taxonomy":"category","embeddable":true,"href":"https:\/\/grandepremio.com\/es\/wp-json\/wp\/v2\/categories?post=14571"},{"taxonomy":"post_tag","embeddable":true,"href":"https:\/\/grandepremio.com\/es\/wp-json\/wp\/v2\/tags?post=14571"},{"taxonomy":"42wp_author","embeddable":true,"href":"https:\/\/grandepremio.com\/es\/wp-json\/wp\/v2\/42wp_author?post=14571"}],"curies":[{"name":"wp","href":"https:\/\/api.w.org\/{rel}","templated":true}]}}