{"id":14616,"date":"2024-03-25T16:06:57","date_gmt":"2024-03-25T19:06:57","guid":{"rendered":"https:\/\/grandepremio.com\/es\/2024\/03\/25\/ayumu-iwasa-rb-fp1-japon-formula-1\/"},"modified":"2024-03-25T16:07:04","modified_gmt":"2024-03-25T19:07:04","slug":"ayumu-iwasa-rb-fp1-japon-formula-1","status":"publish","type":"post","link":"https:\/\/grandepremio.com\/es\/f1\/ayumu-iwasa-rb-fp1-japon-formula-1\/","title":{"rendered":"RB sube a Iwasa para disputar la FP1 en Suzuka y formar una dupla 100% japonesa"},"content":{"rendered":"\n<p class=\"wp-block-paragraph\">RB contar\u00e1 con una alineaci\u00f3n 100% local en el primer entrenamiento del <strong>Gran Premio de Jap\u00f3n<\/strong>, que se celebrar\u00e1 a principios de abril. A trav\u00e9s de su columna en el sitio web SpeedWeek, el asesor de <strong>Red Bull, Helmut Marko<\/strong>, confirm\u00f3 que <strong>Ayumu Iwasa<\/strong> ocupar\u00e1 el lugar de <strong>Daniel Ricciardo<\/strong> durante la primera actividad en Suzuka, junto a su compatriota <strong>Yuki Tsunoda.<\/strong><\/p>\n\n\n\n<p class=\"wp-block-paragraph\">Iwasa ser\u00e1 el primer reserva que se utilizar\u00e1 en una sesi\u00f3n de entrenamientos libres obligatorios en la F\u00f3rmula 1 de 2024. Ayumu ha competido en las dos \u00faltimas temporadas de F\u00f3rmula 2, terminando entre los cinco primeros del campeonato en ambas ocasiones. Sin lugar esta temporada en la categor\u00eda soporte, el japon\u00e9s regres\u00f3 a su pa\u00eds para competir en la Super F\u00f3rmula.<\/p>\n\n\n\n<p class=\"wp-block-paragraph\">No ser\u00e1 la primera vez de Iwasa en un coche de F\u00f3rmula 1. El piloto japon\u00e9s fue elegido por AlphaTauri para pilotar en la prueba de j\u00f3venes pilotos de Abu Dhabi, que tuvo lugar en noviembre de 2023. En aquella ocasi\u00f3n, complet\u00f3 96 vueltas y qued\u00f3 15\u00ba en la general.<\/p>\n\n\n\n<p class=\"wp-block-paragraph\"><strong><em>\u00a1Todas las novedades te esperan en el canal de\u00a0<a href=\"https:\/\/www.youtube.com\/@GrandePremioES\" target=\"_blank\" rel=\"noreferrer noopener\">YouTube<\/a>\u00a0de Grande Pr\u00eamio en Espa\u00f1ol!<\/em><\/strong><\/p>\n\n\n\n<figure class=\"wp-block-image size-large\"><img decoding=\"async\" src=\"https:\/\/grandepremio.com\/cdn-cgi\/image\/width=893,height=558,fit=contain,gravity=0.5x0.5,quality=75,format=webp\/es\/wp-content\/uploads\/2024\/03\/SI202403230199_hires_jpeg_24bit_rgb-1024x683.jpg\" alt=\"\" class=\"wp-image-235093\"\/><figcaption class=\"wp-element-caption\">Daniel Ricciardo no estar\u00e1 presente en la primera sesi\u00f3n de entrenamiento del GP de Jap\u00f3n. (Foto: Getty Images \/ Red Bull Content Pool)<\/figcaption><\/figure>\n\n\n\n<p class=\"wp-block-paragraph\"><strong><em>\u00a1Seguinos en redes por\u00a0<a href=\"https:\/\/twitter.com\/grandepremioES\" target=\"_blank\" rel=\"noreferrer noopener\">Twitter\u00a0<\/a>e\u00a0<a href=\"https:\/\/www.instagram.com\/grandepremioes\/\" target=\"_blank\" rel=\"noreferrer noopener\">Instagram!<\/a><\/em><\/strong><br><strong><em>Adem\u00e1s, tenemos nuestro\u00a0<a href=\"https:\/\/whatsapp.com\/channel\/0029VaDZ5zb0gcfDxuwxBM05\" target=\"_blank\" rel=\"noreferrer noopener\">canal de Whatsapp<\/a>\u00a0con toda la informaci\u00f3n al instante<\/em><\/strong><\/p>\n\n\n\n<p class=\"wp-block-paragraph\">La noticia de la participaci\u00f3n de Iwasa en la FP1 no llega en un buen momento para Daniel Ricciardo. El veterano piloto australiano se encuentra bajo presi\u00f3n tras su pobre rendimiento en las tres primeras carreras de la temporada. El peri\u00f3dico neozeland\u00e9s Herald inform\u00f3 este lunes que el australiano corre el riesgo de dejar el equipo y cederle la butaca a <strong>Liam Lawson<\/strong> a partir del <strong>GP de Miami<\/strong> si no mejora.<\/p>\n\n\n\n<p class=\"wp-block-paragraph\">RB ocupa actualmente la sexta posici\u00f3n en el <strong>Campeonato del Mundo de Constructores<\/strong> con seis puntos, todos ellos conseguidos por Tsunoda en el <strong>Gran Premio de Australia<\/strong> del pasado fin de semana, en el que termin\u00f3 en s\u00e9ptima posici\u00f3n.<\/p>\n","protected":false},"excerpt":{"rendered":"<p>RB tendr\u00e1 una alineaci\u00f3n 100% local durante el primer entrenamiento del GP de Jap\u00f3n. Ayumu Iwasa disputar\u00e1 la sesi\u00f3n con el auto de Daniel Ricciardo y ser\u00e1 el compa\u00f1ero de Yuki Tsunoda. <\/p>\n","protected":false},"author":0,"featured_media":1010235092,"comment_status":"closed","ping_status":"closed","sticky":false,"template":"","format":"standard","meta":{"42wp_featured_image_caption":"","42wp_featured_image_credits":"","42wp_featured_video":"","42wp_featured_image_hidden":false,"42wp_authors_list":[],"footnotes":""},"categories":[5],"tags":[3085,365,181,2249,179,9881,206],"42wp_author":[14223],"class_list":["post-14616","post","type-post","status-publish","format-standard","has-post-thumbnail","hentry","category-f1","tag-ayumu-iwasa","tag-daniel-ricciardo","tag-f1","tag-f1-2024","tag-formula-1","tag-rb","tag-red-bull","42wp_author-esteban-nieto"],"_links":{"self":[{"href":"https:\/\/grandepremio.com\/es\/wp-json\/wp\/v2\/posts\/14616","targetHints":{"allow":["GET"]}}],"collection":[{"href":"https:\/\/grandepremio.com\/es\/wp-json\/wp\/v2\/posts"}],"about":[{"href":"https:\/\/grandepremio.com\/es\/wp-json\/wp\/v2\/types\/post"}],"replies":[{"embeddable":true,"href":"https:\/\/grandepremio.com\/es\/wp-json\/wp\/v2\/comments?post=14616"}],"version-history":[{"count":0,"href":"https:\/\/grandepremio.com\/es\/wp-json\/wp\/v2\/posts\/14616\/revisions"}],"wp:featuredmedia":[{"embeddable":true,"href":"https:\/\/grandepremio.com\/es\/wp-json\/wp\/v2\/media\/1010235092"}],"wp:attachment":[{"href":"https:\/\/grandepremio.com\/es\/wp-json\/wp\/v2\/media?parent=14616"}],"wp:term":[{"taxonomy":"category","embeddable":true,"href":"https:\/\/grandepremio.com\/es\/wp-json\/wp\/v2\/categories?post=14616"},{"taxonomy":"post_tag","embeddable":true,"href":"https:\/\/grandepremio.com\/es\/wp-json\/wp\/v2\/tags?post=14616"},{"taxonomy":"42wp_author","embeddable":true,"href":"https:\/\/grandepremio.com\/es\/wp-json\/wp\/v2\/42wp_author?post=14616"}],"curies":[{"name":"wp","href":"https:\/\/api.w.org\/{rel}","templated":true}]}}