{"id":14719,"date":"2024-03-20T14:39:42","date_gmt":"2024-03-20T17:39:42","guid":{"rendered":"https:\/\/grandepremio.com\/es\/2024\/03\/20\/nueve-de-julio-autodromo-temporal-destruccion-total\/"},"modified":"2024-03-20T14:56:45","modified_gmt":"2024-03-20T17:56:45","slug":"nueve-de-julio-autodromo-temporal-destruccion-total","status":"publish","type":"post","link":"https:\/\/grandepremio.com\/es\/otras\/nueve-de-julio-autodromo-temporal-destruccion-total\/","title":{"rendered":"Temporal arrasa instalaciones del aut\u00f3dromo de 9 de Julio: &#8220;Los da\u00f1os fueron totales&#8221;"},"content":{"rendered":"\n<p class=\"wp-block-paragraph\">El aut\u00f3dromo de la ciudad de<strong> Nueve de Julio<\/strong>, considerado uno de los m\u00e1s importantes del automovilismo en <strong>Argentina<\/strong>, fue arrasado por un temporal que afect\u00f3 a la ciudad y otros puntos de la Provincia de <strong>Buenos Aires<\/strong>. El circuito y sus instalaciones sufrieron importantes da\u00f1os, catalogados como &#8221;destrucci\u00f3n total&#8221;.<\/p>\n\n\n\n<p class=\"wp-block-paragraph\">El temporal comenz\u00f3 el martes por la tarde y se extendi\u00f3 por varias horas, reportando r\u00e1fagas de viento y ca\u00edda de granizo. El paso de la tormenta caus\u00f3 la destrucci\u00f3n de los boxes del aut\u00f3dromo de Nueve de Julio y las estructuras para montar los mismos, las cuales, por el viento, atravesaron la recta principal y cayeron sobre el sector que ocupa el p\u00fablico. Adem\u00e1s, hubo da\u00f1os en vallados, sistemas de iluminaci\u00f3n e instalaciones el\u00e9ctricas del circuito. <\/p>\n\n\n\n<p class=\"wp-block-paragraph\">\ud83d\udfe5&nbsp;<strong><em>\u00a1Todas las novedades te esperan en el canal de&nbsp;<a href=\"https:\/\/www.youtube.com\/@GrandePremioES\" target=\"_blank\" rel=\"noreferrer noopener\">YouTube<\/a>&nbsp;de Grande Pr\u00eamio en Espa\u00f1ol!<\/em><\/strong>&nbsp;\ud83d\udfe8<\/p>\n\n\n\n<p class=\"wp-block-paragraph\">GRANDE PREMIO en ESPA\u00d1OL se comunic\u00f3 con <strong>H\u00e9ctor P\u00e9rez<\/strong>, constructor de autom\u00f3viles de competici\u00f3n residente en Nueve de Julio, y brind\u00f3 testimonio sobre lo ocurrido: &#8221;La tormenta arras\u00f3 con la ciudad, hubo da\u00f1os en varios comercios locales y especialmente en el aut\u00f3dromo, all\u00ed la destrucci\u00f3n es total. El viento arras\u00f3 con los boxes, las estructuras del play\u00f3n y el alambrado de seguridad. Afortunadamente, pese a la magnitud del temporal, no hubo v\u00edctimas, solo p\u00e9rdidas materiales&#8221;. <\/p>\n\n\n\n<p class=\"wp-block-paragraph\">\u23e9&nbsp;<strong><em>\u00a1Seguinos en redes por&nbsp;<a href=\"https:\/\/twitter.com\/grandepremioES\" target=\"_blank\" rel=\"noreferrer noopener\">Twitter&nbsp;<\/a>e&nbsp;<a href=\"https:\/\/www.instagram.com\/grandepremioes\/\" target=\"_blank\" rel=\"noreferrer noopener\">Instagram!<\/a><\/em><\/strong><br><strong>\u23e9<\/strong>&nbsp;<strong><em>Adem\u00e1s, tenemos nuestro&nbsp;<a href=\"https:\/\/whatsapp.com\/channel\/0029VaDZ5zb0gcfDxuwxBM05\" target=\"_blank\" rel=\"noreferrer noopener\">canal de Whatsapp<\/a>&nbsp;con toda la informaci\u00f3n al instante<\/em><\/strong>&nbsp;\ud83c\udfc1<\/p>\n\n\n\n<figure class=\"wp-block-video\"><video class=\"video-js vjs-big-play-centered\" data-gp-vjs=\"1\" controls src=\"https:\/\/grandepremio.com\/es\/wp-content\/uploads\/2024\/03\/jzCFkrrV2clwfY7F.mp4\"><\/video><figcaption class=\"wp-element-caption\">El aut\u00f3dromo de Nueve de Julio tuvo &#8221;destrucci\u00f3n total&#8221; tras el paso del temporal (Video: Javier Leunda\/ X)<\/figcaption><\/figure>\n\n\n\n<p class=\"wp-block-paragraph\">Seg\u00fan <strong>Agust\u00edn Vanina<\/strong>, presidente del Automoto Club Nueve de Julio, entidad a cargo de la gesti\u00f3n y mantenimiento del circuito, se desconoce los da\u00f1os totales que ha sufrido el aut\u00f3dromo: &#8221;Despu\u00e9s de la limpieza, tendremos que ver en qu\u00e9 situaci\u00f3n nos encontramos. La principal preocupaci\u00f3n es la instalaci\u00f3n el\u00e9ctrica y los espacios comunes, algo imprescindible para la realizaci\u00f3n de carreras. Vamos a trabajar para recuperar el circuito, pero a\u00fan no sabemos qu\u00e9 va a suceder despu\u00e9s de este fen\u00f3meno&#8221;, declar\u00f3 ante el medio Carburando.<\/p>\n\n\n\n<p class=\"wp-block-paragraph\">El Aut\u00f3dromo Parque Ciudad de Nueve de Julio es considerado uno de los aut\u00f3dromos m\u00e1s importantes de Argentina, destacado por su ubicaci\u00f3n y caracter\u00edsticas del circuito. Alberg\u00f3 competencias de las principales categor\u00edas del pa\u00eds, incluyendo al <strong>Turismo Carretera<\/strong> y <strong>TC2000<\/strong>, entre otras. Tras varios a\u00f1os desafectado y sin recibir actividad, recientemente fue refaccionado para albergar nuevamente a las categor\u00edas nacionales.  <\/p>\n","protected":false},"excerpt":{"rendered":"<p>El aut\u00f3dromo de Nueve de Julio, considerado uno de los m\u00e1s importantes de Argentina, sufri\u00f3 graves da\u00f1os tras una tormenta que afect\u00f3 a la ciudad<\/p>\n","protected":false},"author":0,"featured_media":1010234438,"comment_status":"closed","ping_status":"closed","sticky":false,"template":"","format":"standard","meta":{"42wp_featured_image_caption":"","42wp_featured_image_credits":"","42wp_featured_video":"","42wp_featured_image_hidden":false,"42wp_authors_list":[],"footnotes":""},"categories":[20],"tags":[10039,1488,2961,3211,10040,2960,9575],"42wp_author":[14239],"class_list":["post-14719","post","type-post","status-publish","format-standard","has-post-thumbnail","hentry","category-otras","tag-autodromo-de-nueve-de-julio","tag-grande-premio","tag-tc","tag-tc2000","tag-top-race","tag-turismo-carretera","tag-turismo-nacional","42wp_author-jp-otrosky"],"_links":{"self":[{"href":"https:\/\/grandepremio.com\/es\/wp-json\/wp\/v2\/posts\/14719","targetHints":{"allow":["GET"]}}],"collection":[{"href":"https:\/\/grandepremio.com\/es\/wp-json\/wp\/v2\/posts"}],"about":[{"href":"https:\/\/grandepremio.com\/es\/wp-json\/wp\/v2\/types\/post"}],"replies":[{"embeddable":true,"href":"https:\/\/grandepremio.com\/es\/wp-json\/wp\/v2\/comments?post=14719"}],"version-history":[{"count":0,"href":"https:\/\/grandepremio.com\/es\/wp-json\/wp\/v2\/posts\/14719\/revisions"}],"wp:featuredmedia":[{"embeddable":true,"href":"https:\/\/grandepremio.com\/es\/wp-json\/wp\/v2\/media\/1010234438"}],"wp:attachment":[{"href":"https:\/\/grandepremio.com\/es\/wp-json\/wp\/v2\/media?parent=14719"}],"wp:term":[{"taxonomy":"category","embeddable":true,"href":"https:\/\/grandepremio.com\/es\/wp-json\/wp\/v2\/categories?post=14719"},{"taxonomy":"post_tag","embeddable":true,"href":"https:\/\/grandepremio.com\/es\/wp-json\/wp\/v2\/tags?post=14719"},{"taxonomy":"42wp_author","embeddable":true,"href":"https:\/\/grandepremio.com\/es\/wp-json\/wp\/v2\/42wp_author?post=14719"}],"curies":[{"name":"wp","href":"https:\/\/api.w.org\/{rel}","templated":true}]}}