{"id":14762,"date":"2024-03-16T12:15:11","date_gmt":"2024-03-16T15:15:11","guid":{"rendered":"https:\/\/grandepremio.com\/es\/2024\/03\/16\/sauber-futuro-alentador-audi-como-luz-tunel\/"},"modified":"2024-03-16T12:15:18","modified_gmt":"2024-03-16T15:15:18","slug":"sauber-futuro-alentador-audi-como-luz-tunel","status":"publish","type":"post","link":"https:\/\/grandepremio.com\/es\/f1\/sauber-futuro-alentador-audi-como-luz-tunel\/","title":{"rendered":"Sauber ve &#8220;futuro alentador&#8221; y reconoce llegada de Audi como &#8220;la luz al final del t\u00fanel&#8221;"},"content":{"rendered":"\n<p class=\"wp-block-paragraph\">A pesar de todas las dudas que hay alrededor del proyecto de <strong>Audi,<\/strong> por los diferentes cambios directivos que se han dado en el fabricante alem\u00e1n, lo cierto es que han comprado la totalidad de las acciones de <strong>Sauber<\/strong>, dejando claro que su compromiso sigue en pie. Y esto es lo que ilusiona al ingeniero de pista, <strong>Xevi Pujolar<\/strong>.<\/p>\n\n\n\n<p class=\"wp-block-paragraph\">Pujolar dijo que, a pesar de que la compra de Audi es buena para el equipo, a\u00fan tienen dos a\u00f1os por delante hasta 2026:<strong> &#8220;Pero tambi\u00e9n hay que pensar en el hoy, \u00bfno?<\/strong>&#8220;, pregunt\u00f3. <strong>&#8220;Yo dir\u00eda que es importante en t\u00e9rminos de posibilidades presupuestarias y de lo que podemos construir en el pr\u00f3ximo a\u00f1o y medio o dos antes de que Audi [se haga cargo] por completo&#8221;<\/strong>, continu\u00f3 el espa\u00f1ol.<\/p>\n\n\n\n<p class=\"wp-block-paragraph\">Sin embargo, Sauber no s\u00f3lo quiere llenar espacio en la parrilla mientras espera la llegada de los alemanes. El ingeniero reforz\u00f3 el compromiso del equipo de evolucionar en los pr\u00f3ximos a\u00f1os y construir la mejor base posible para la llegada de Audi.<\/p>\n\n\n\n<figure class=\"wp-block-image size-full\"><img decoding=\"async\" src=\"https:\/\/grandepremio.com\/es\/wp-content\/uploads\/2024\/03\/image-105.png\" alt=\"\" class=\"wp-image-234117\"\/><figcaption class=\"wp-element-caption\">Audi finaliz\u00f3 la compra de Sauber el pasado fin de semana (Foto: Audi)<\/figcaption><\/figure>\n\n\n\n<p class=\"wp-block-paragraph\"><strong>&#8220;Tenemos que hacer todo lo que podamos ahora para construir este equipo de manera que est\u00e9 listo cuando sea necesario. Pero mientras tanto, seguimos queriendo ser competitivos y queremos luchar por los puntos en cada carrera&#8221;,<\/strong> asegura Xevi.<\/p>\n\n\n\n<p class=\"wp-block-paragraph\">El ingeniero admiti\u00f3 que la continuidad del proyecto de los alemanes con el equipo de Hinwil les da tranquilidad a los empleados, y que los motiva a seguir buscando mejoras en el monoplaza:\u00a0<strong> &#8220;Dir\u00e9 que, incluso con todos los problemas que tenemos, esto nos da energ\u00eda y un pensamiento positivo de que lo que est\u00e1 por venir es mejor y que hay una luz al final del t\u00fanel para garantizar que salgamos adelante. Eso es lo que queremos: tener \u00e9xito&#8221;.<\/strong><\/p>\n\n\n\n<p class=\"wp-block-paragraph\"><strong><em>\u00a1Seguinos en redes por&nbsp;<\/em><\/strong><a href=\"https:\/\/twitter.com\/grandepremioES\" target=\"_blank\" rel=\"noreferrer noopener\"><strong><em>Twitter&nbsp;<\/em><\/strong><\/a><strong><em>e&nbsp;<\/em><\/strong><a href=\"https:\/\/www.instagram.com\/grandepremioes\/\" target=\"_blank\" rel=\"noreferrer noopener\"><strong><em>Instagram!<\/em><\/strong><\/a><br><strong><em>Adem\u00e1s, tenemos nuestro&nbsp;<\/em><\/strong><a href=\"https:\/\/whatsapp.com\/channel\/0029VaDZ5zb0gcfDxuwxBM05\" target=\"_blank\" rel=\"noreferrer noopener\"><strong><em>canal de Whatsapp<\/em><\/strong><\/a><strong><em>&nbsp;con toda la informaci\u00f3n al instante<\/em><\/strong>&nbsp;<\/p>\n\n\n\n<p class=\"wp-block-paragraph\"><strong><em>\u00a1Todas las novedades te esperan en el canal de&nbsp;<\/em><\/strong><a href=\"https:\/\/www.youtube.com\/@GrandePremioES\" target=\"_blank\" rel=\"noreferrer noopener\"><strong><em>YouTube<\/em><\/strong><\/a><strong><em>&nbsp;de Grande Pr\u00eamio en Espa\u00f1ol!<\/em><\/strong>&nbsp;<\/p>\n\n\n\n<p class=\"wp-block-paragraph\">La F\u00f3rmula 1 regresa entre el 22 y el 24 de marzo con el Gran Premio de Australia, tercera prueba de la temporada 2024. GRANDE PR\u00caMIO ofrece una cobertura completa del fin de semana.<\/p>\n","protected":false},"excerpt":{"rendered":"<p>El ingeniero de pista de Sauber, Xevi Pujolar, ha destacado su concentraci\u00f3n en el presente, pero ha celebrado la adquisici\u00f3n total de la escuder\u00eda suiza por parte de Audi.<\/p>\n","protected":false},"author":0,"featured_media":1010234115,"comment_status":"closed","ping_status":"closed","sticky":false,"template":"","format":"standard","meta":{"42wp_featured_image_caption":"","42wp_featured_image_credits":"","42wp_featured_video":"","42wp_featured_image_hidden":false,"42wp_authors_list":[],"footnotes":""},"categories":[5],"tags":[612,517,181,2249,179,8317,497,1736],"42wp_author":[14237],"class_list":["post-14762","post","type-post","status-publish","format-standard","has-post-thumbnail","hentry","category-f1","tag-audi","tag-bottas","tag-f1","tag-f1-2024","tag-formula-1","tag-guanyou-zhou","tag-sauber","tag-xevi-pujolar","42wp_author-gabriel-garcia"],"_links":{"self":[{"href":"https:\/\/grandepremio.com\/es\/wp-json\/wp\/v2\/posts\/14762","targetHints":{"allow":["GET"]}}],"collection":[{"href":"https:\/\/grandepremio.com\/es\/wp-json\/wp\/v2\/posts"}],"about":[{"href":"https:\/\/grandepremio.com\/es\/wp-json\/wp\/v2\/types\/post"}],"replies":[{"embeddable":true,"href":"https:\/\/grandepremio.com\/es\/wp-json\/wp\/v2\/comments?post=14762"}],"version-history":[{"count":0,"href":"https:\/\/grandepremio.com\/es\/wp-json\/wp\/v2\/posts\/14762\/revisions"}],"wp:featuredmedia":[{"embeddable":true,"href":"https:\/\/grandepremio.com\/es\/wp-json\/wp\/v2\/media\/1010234115"}],"wp:attachment":[{"href":"https:\/\/grandepremio.com\/es\/wp-json\/wp\/v2\/media?parent=14762"}],"wp:term":[{"taxonomy":"category","embeddable":true,"href":"https:\/\/grandepremio.com\/es\/wp-json\/wp\/v2\/categories?post=14762"},{"taxonomy":"post_tag","embeddable":true,"href":"https:\/\/grandepremio.com\/es\/wp-json\/wp\/v2\/tags?post=14762"},{"taxonomy":"42wp_author","embeddable":true,"href":"https:\/\/grandepremio.com\/es\/wp-json\/wp\/v2\/42wp_author?post=14762"}],"curies":[{"name":"wp","href":"https:\/\/api.w.org\/{rel}","templated":true}]}}