{"id":14771,"date":"2024-03-15T14:00:37","date_gmt":"2024-03-15T17:00:37","guid":{"rendered":"https:\/\/grandepremio.com\/es\/2024\/03\/15\/daniel-ricciardo-visa-cashapp-rb-elogios-laurent-mekies-f1-2024\/"},"modified":"2024-03-15T14:00:46","modified_gmt":"2024-03-15T17:00:46","slug":"daniel-ricciardo-visa-cashapp-rb-elogios-laurent-mekies-f1-2024","status":"publish","type":"post","link":"https:\/\/grandepremio.com\/es\/f1\/daniel-ricciardo-visa-cashapp-rb-elogios-laurent-mekies-f1-2024\/","title":{"rendered":"Ricciardo destaca la franqueza del nuevo jefe de RB: &#8220;Muy abierto a las cr\u00edticas&#8221;"},"content":{"rendered":"\n<p class=\"wp-block-paragraph\">Tras pasar unos a\u00f1os en Ferrari como director deportivo, <strong>Laurent Mekies<\/strong> fue elegido para sustituir a Franz Tost al frente del equipo <strong>RB <\/strong>(<strong>Visa CashApp RB<\/strong>) en 2024. Aunque el franc\u00e9s todav\u00eda se est\u00e1 familiarizando con el entorno, <strong>Daniel Ricciardo<\/strong> calific\u00f3 de &#8220;muy bueno&#8221; el comienzo del nuevo m\u00e1nager y elogi\u00f3 su actitud franca.<\/p>\n\n\n\n<p class=\"wp-block-paragraph\">Los primeros meses de Tost al frente de la escuder\u00eda hermana de <strong>Red Bull<\/strong> no fueron nada f\u00e1ciles. Tras enfrentarse a fuertes cr\u00edticas de los equipos -principalmente de <strong>McLaren<\/strong>, a trav\u00e9s de <strong>Zak Brown<\/strong>&#8211; por la estrecha colaboraci\u00f3n entre la escuder\u00eda de <strong>Faenza <\/strong>y el equipo de <strong>Max Verstappen<\/strong> y <strong>Sergio P\u00e9rez<\/strong>, los resultados en pista tampoco han sido los mejores: RB no sum\u00f3 ning\u00fan punto en los dos primeros <strong>GP <\/strong>del a\u00f1o, en <strong>Bahrein <\/strong>y <strong>Arabia Saudita<\/strong>.<\/p>\n\n\n\n<p class=\"wp-block-paragraph\"><strong><em>\u00a1Todas las novedades te esperan en el canal de&nbsp;<\/em><\/strong><a href=\"https:\/\/www.youtube.com\/@GrandePremioES\" target=\"_blank\" rel=\"noreferrer noopener\"><strong><em>YouTube<\/em><\/strong><\/a><strong><em>&nbsp;de Grande Pr\u00eamio en Espa\u00f1ol!<\/em><\/strong>&nbsp;<\/p>\n\n\n\n<p class=\"wp-block-paragraph\">A pesar del comienzo poco prometedor, Ricciardo se mostr\u00f3 positivo con el trabajo de Mekies. &#8220;Siento que el comienzo de este cap\u00edtulo para Laurent ha sido muy bueno&#8221;, dijo el australiano.<\/p>\n\n\n\n<p class=\"wp-block-paragraph\">&#8220;Me gusta mucho la forma en que ha estado tratando con nosotros, con un di\u00e1logo abierto, pero tambi\u00e9n muy inclusivo con todos los miembros del equipo&#8221;, continu\u00f3 el due\u00f1o del coche #3.<\/p>\n\n\n\n<p class=\"wp-block-paragraph\"><strong><em>\u00a1Seguinos en redes por\u00a0<\/em><\/strong><a href=\"https:\/\/twitter.com\/grandepremioES\" target=\"_blank\" rel=\"noreferrer noopener\"><strong><em>Twitter\u00a0<\/em><\/strong><\/a><strong><em>e\u00a0<\/em><\/strong><a href=\"https:\/\/www.instagram.com\/grandepremioes\/\" target=\"_blank\" rel=\"noreferrer noopener\"><strong><em>Instagram!<\/em><\/strong><\/a><br><strong><em>Adem\u00e1s, tenemos nuestro\u00a0<\/em><\/strong><a href=\"https:\/\/whatsapp.com\/channel\/0029VaDZ5zb0gcfDxuwxBM05\" target=\"_blank\" rel=\"noreferrer noopener\"><strong><em>canal de Whatsapp<\/em><\/strong><\/a><strong><em>\u00a0con toda la informaci\u00f3n al instante<\/em><\/strong><\/p>\n\n\n\n<figure class=\"wp-block-image size-full\"><img decoding=\"async\" src=\"https:\/\/grandepremio.com\/es\/wp-content\/uploads\/2024\/03\/rb-dia3-f1testing2024-3-1024x682-1.jpg\" alt=\"\" class=\"wp-image-234040\"\/><figcaption class=\"wp-element-caption\">Laurent Mekies asumi\u00f3 en 2024 como jefe de equipo en RB (Foto: RB)<\/figcaption><\/figure>\n\n\n\n<p class=\"wp-block-paragraph\">Entre las cualidades que ve en Laurent, Daniel destaca que le gusta la actitud directa del entrenador y, sobre todo, que siempre est\u00e1 dispuesto a escuchar opiniones contrarias. &#8220;Est\u00e1 muy abierto a las cr\u00edticas constructivas&#8221;, revela el compa\u00f1ero de <strong>Yuki Tsunoda<\/strong>.<\/p>\n\n\n\n<p class=\"wp-block-paragraph\">&#8220;A veces me gusta charlar, y cuando me entretengo un poco, me dice: &#8216;colega, ve al grano, \u00bfqu\u00e9 quieres decirme? No tienes que ser amable, s\u00f3lo dilo'&#8221;, explic\u00f3 Ricciardo, antes de concluir: &#8220;As\u00ed que incluso con esa franqueza, me gusta&#8221;.<\/p>\n\n\n\n<p class=\"wp-block-paragraph\">La F\u00f3rmula 1 regresa entre el 22 y el 24 de marzo con el&nbsp;<strong>Gran Premio de Australia<\/strong>, tercera prueba de la temporada 2024. GRANDE PR\u00caMIO en ESPA\u00d1OL ofrece una cobertura completa del fin de semana.<\/p>\n","protected":false},"excerpt":{"rendered":"<p>A pesar del mal inicio de temporada de RB, Daniel Ricciardo calific\u00f3 de &#8220;muy bueno&#8221; el trabajo de Laurent Mekies<\/p>\n","protected":false},"author":0,"featured_media":1010232048,"comment_status":"closed","ping_status":"closed","sticky":false,"template":"","format":"standard","meta":{"42wp_featured_image_caption":"","42wp_featured_image_credits":"","42wp_featured_video":"","42wp_featured_image_hidden":false,"42wp_authors_list":[],"footnotes":""},"categories":[5],"tags":[365,181,2249,179,2259,1488,1753,9881,4540,9810],"42wp_author":[14239],"class_list":["post-14771","post","type-post","status-publish","format-standard","has-post-thumbnail","hentry","category-f1","tag-daniel-ricciardo","tag-f1","tag-f1-2024","tag-formula-1","tag-formula-1-2024","tag-grande-premio","tag-laurent-mekies","tag-rb","tag-temporada-2024-f1","tag-visa-cashapp-rb","42wp_author-jp-otrosky"],"_links":{"self":[{"href":"https:\/\/grandepremio.com\/es\/wp-json\/wp\/v2\/posts\/14771","targetHints":{"allow":["GET"]}}],"collection":[{"href":"https:\/\/grandepremio.com\/es\/wp-json\/wp\/v2\/posts"}],"about":[{"href":"https:\/\/grandepremio.com\/es\/wp-json\/wp\/v2\/types\/post"}],"replies":[{"embeddable":true,"href":"https:\/\/grandepremio.com\/es\/wp-json\/wp\/v2\/comments?post=14771"}],"version-history":[{"count":0,"href":"https:\/\/grandepremio.com\/es\/wp-json\/wp\/v2\/posts\/14771\/revisions"}],"wp:featuredmedia":[{"embeddable":true,"href":"https:\/\/grandepremio.com\/es\/wp-json\/wp\/v2\/media\/1010232048"}],"wp:attachment":[{"href":"https:\/\/grandepremio.com\/es\/wp-json\/wp\/v2\/media?parent=14771"}],"wp:term":[{"taxonomy":"category","embeddable":true,"href":"https:\/\/grandepremio.com\/es\/wp-json\/wp\/v2\/categories?post=14771"},{"taxonomy":"post_tag","embeddable":true,"href":"https:\/\/grandepremio.com\/es\/wp-json\/wp\/v2\/tags?post=14771"},{"taxonomy":"42wp_author","embeddable":true,"href":"https:\/\/grandepremio.com\/es\/wp-json\/wp\/v2\/42wp_author?post=14771"}],"curies":[{"name":"wp","href":"https:\/\/api.w.org\/{rel}","templated":true}]}}