{"id":14798,"date":"2024-03-13T12:59:09","date_gmt":"2024-03-13T15:59:09","guid":{"rendered":"https:\/\/grandepremio.com\/es\/2024\/03\/13\/ducati-gigi-dalligna-elogios-marc-marquez-motogp-2024\/"},"modified":"2024-03-13T13:01:05","modified_gmt":"2024-03-13T16:01:05","slug":"ducati-gigi-dalligna-elogios-marc-marquez-motogp-2024","status":"publish","type":"post","link":"https:\/\/grandepremio.com\/es\/motogp\/ducati-gigi-dalligna-elogios-marc-marquez-motogp-2024\/","title":{"rendered":"Ducati elogia la &#8220;inmediata&#8221; adaptaci\u00f3n de M\u00e1rquez: &#8220;Ya es un competidor temible&#8221;"},"content":{"rendered":"\n<p class=\"wp-block-paragraph\"><strong>Gigi Dall&#8217;Igna<\/strong>, responsable de <strong>Ducati Corse<\/strong>, la divisi\u00f3n de competici\u00f3n de <strong>Ducati<\/strong>, ya ha calificado a <strong>Marc M\u00e1rquez<\/strong> como un &#8220;competidor temible&#8221; en <strong>MotoGP<\/strong>. Alab\u00f3 la &#8220;inmediata capacidad de adaptaci\u00f3n&#8221; del espa\u00f1ol y se\u00f1al\u00f3 que el #93 era el mejor de los pilotos de la <strong>GP23<\/strong>, la versi\u00f3n del a\u00f1o pasado de la <strong>Desmosedici<\/strong>.<\/p>\n\n\n\n<p class=\"wp-block-paragraph\">Tras 11 a\u00f1os pilotando para <strong>Honda<\/strong>, Marc debut\u00f3 con <strong>Gresini <\/strong>en el <strong>GP de Qatar<\/strong>. El espa\u00f1ol se clasific\u00f3 sexto, fue quinto en la carrera sprint de Lusail y tom\u00f3 la bandera el domingo en cuarta posici\u00f3n.<\/p>\n\n\n\n<p class=\"wp-block-paragraph\">&#8220;Marc ya ha demostrado todo su talento y clase con su inmediata capacidad de adaptaci\u00f3n: ya es un competidor temible con una moto completamente nueva para \u00e9l y fue la primera de nuestras motos 2023 en ver la bandera&#8221;, dijo Dall&#8217;Igna en un post en la web de Ducati. &#8220;La experiencia y las ganas de un campe\u00f3n que una vez m\u00e1s quiere tener la \u00faltima palabra marcar\u00e1n la diferencia en esta nueva aventura&#8221;, a\u00f1adi\u00f3.<\/p>\n\n\n\n<p class=\"wp-block-paragraph\"><strong><em>\u00a1Todas las novedades te esperan en el canal de&nbsp;<\/em><\/strong><a href=\"https:\/\/www.youtube.com\/@GrandePremioES\" target=\"_blank\" rel=\"noreferrer noopener\"><strong><em>YouTube<\/em><\/strong><\/a><strong><em>&nbsp;de Grande Pr\u00eamio en Espa\u00f1ol!<\/em><\/strong>&nbsp;<\/p>\n\n\n\n<p class=\"wp-block-paragraph\">Gigi tambi\u00e9n destac\u00f3 la actuaci\u00f3n de <strong>Francesco Bagnaia<\/strong>, que se puso en cabeza en los primeros metros y domin\u00f3 la carrera.<\/p>\n\n\n\n<p class=\"wp-block-paragraph\">&#8220;Ha sido una victoria maravillosa en conjunto, pero una carrera perfecta, con una salida que s\u00f3lo puede calificarse de excelente. Sin exagerar, de verdad: \u00a1me quito el sombrero!&#8221;, exalt\u00f3. &#8220;Fue un logro muy importante, no s\u00f3lo porque ganar la primera carrera significa empezar de la mejor manera posible y enviar una se\u00f1al fuerte a nosotros mismos y a los dem\u00e1s, sino sobre todo porque fue el resultado de un fin de semana que no empez\u00f3 nada bien: de hecho, digamos que fue un comienzo dif\u00edcil, resuelto r\u00e1pidamente y de la mejor manera posible&#8221;, a\u00f1adi\u00f3.<\/p>\n\n\n\n<p class=\"wp-block-paragraph\"><strong><em>\u00a1Seguinos en redes por&nbsp;<\/em><\/strong><a href=\"https:\/\/twitter.com\/grandepremioES\" target=\"_blank\" rel=\"noreferrer noopener\"><strong><em>Twitter&nbsp;<\/em><\/strong><\/a><strong><em>e&nbsp;<\/em><\/strong><a href=\"https:\/\/www.instagram.com\/grandepremioes\/\" target=\"_blank\" rel=\"noreferrer noopener\"><strong><em>Instagram!<\/em><\/strong><\/a><br><strong><em>Adem\u00e1s, tenemos nuestro&nbsp;<\/em><\/strong><a href=\"https:\/\/whatsapp.com\/channel\/0029VaDZ5zb0gcfDxuwxBM05\" target=\"_blank\" rel=\"noreferrer noopener\"><strong><em>canal de Whatsapp<\/em><\/strong><\/a><strong><em>&nbsp;con toda la informaci\u00f3n al instante<\/em><\/strong>&nbsp;<\/p>\n\n\n\n<figure class=\"wp-block-image size-full\"><img decoding=\"async\" src=\"https:\/\/grandepremio.com\/es\/wp-content\/uploads\/2024\/02\/SI202402080141_hires_jpeg_24bit_rgb-1024x682-1.jpg\" alt=\"\" class=\"wp-image-231511\"\/><figcaption class=\"wp-element-caption\">Marc M\u00e1rquez recal\u00f3 en Gresini tras once a\u00f1os como piloto de Honda en MotoGP (Foto: Red Bull Content Pool)<\/figcaption><\/figure>\n\n\n\n<p class=\"wp-block-paragraph\">&#8220;Pecco domin\u00f3 la carrera con la autoridad de un campe\u00f3n, marcando enseguida un ritmo imposible de igualar para los dem\u00e1s, una demostraci\u00f3n de fuerza suprema justo cuando se necesitaba&#8221;, se\u00f1al\u00f3.<\/p>\n\n\n\n<p class=\"wp-block-paragraph\">Dall&#8217;Igna tambi\u00e9n celebr\u00f3 el quinto puesto de <strong>Enea Bastianini<\/strong>. Aunque dej\u00f3 claro que esperaba m\u00e1s del #23.<\/p>\n\n\n\n<p class=\"wp-block-paragraph\">&#8220;A Enea le faltaba esa pegada esperada, pero es reconfortante verle en quinta posici\u00f3n, sumando los puntos que necesita para estar entre los mejores, a la espera de volver a ser el protagonista que merece ser&#8221;, dijo.<\/p>\n\n\n\n<p class=\"wp-block-paragraph\">El ganador del sprint y tercero en el GP de Qatar, <strong>Jorge Mart\u00edn<\/strong>, tambi\u00e9n ha protagonizado el an\u00e1lisis post carrera del padre de la Desmosedici.<\/p>\n\n\n\n<p class=\"wp-block-paragraph\">&#8220;Jorge, combativo como siempre, lo reafirm\u00f3 desde el principio en la pole y en el sprint, pero tambi\u00e9n el domingo, demostrando toda la habilidad y velocidad que conocemos muy bien y que se mantuvo desde la temporada pasada: quien vaya a luchar por el t\u00edtulo tendr\u00e1 que contar con \u00e9l. Eso seguro&#8221;, defendi\u00f3.<\/p>\n\n\n\n<p class=\"wp-block-paragraph\"><strong>MotoGP<\/strong> vuelve a la acci\u00f3n entre el 22 y el 24 de marzo en <strong>Portim\u00e3o<\/strong>, <strong>Portugal<\/strong>, con la segunda prueba del campeonato 2024. <\/p>\n","protected":false},"excerpt":{"rendered":"<p>El responsable de Ducati Corse, Gigi Dall&#8217;Igna, afirma que Marc M\u00e1rquez se ha adaptado inmediatamente a la nueva moto y que su experiencia y ganas marcan la diferencia en lo que ha descrito como una &#8220;nueva aventura&#8221;<\/p>\n","protected":false},"author":0,"featured_media":1010231159,"comment_status":"closed","ping_status":"closed","sticky":false,"template":"","format":"standard","meta":{"42wp_featured_image_caption":"","42wp_featured_image_credits":"","42wp_featured_video":"","42wp_featured_image_hidden":false,"42wp_authors_list":[],"footnotes":""},"categories":[8],"tags":[1340,2058,1376,1488,2055,9454,1392,1293,2254,9685],"42wp_author":[14239],"class_list":["post-14798","post","type-post","status-publish","format-standard","has-post-thumbnail","hentry","category-motogp","tag-ducati","tag-enea-bastianini","tag-francesco-bagnaia","tag-grande-premio","tag-gresini","tag-jorge-martn","tag-marc-marquez-2","tag-motogp","tag-motogp-2024","tag-temporada-2024-motogp","42wp_author-jp-otrosky"],"_links":{"self":[{"href":"https:\/\/grandepremio.com\/es\/wp-json\/wp\/v2\/posts\/14798","targetHints":{"allow":["GET"]}}],"collection":[{"href":"https:\/\/grandepremio.com\/es\/wp-json\/wp\/v2\/posts"}],"about":[{"href":"https:\/\/grandepremio.com\/es\/wp-json\/wp\/v2\/types\/post"}],"replies":[{"embeddable":true,"href":"https:\/\/grandepremio.com\/es\/wp-json\/wp\/v2\/comments?post=14798"}],"version-history":[{"count":0,"href":"https:\/\/grandepremio.com\/es\/wp-json\/wp\/v2\/posts\/14798\/revisions"}],"wp:featuredmedia":[{"embeddable":true,"href":"https:\/\/grandepremio.com\/es\/wp-json\/wp\/v2\/media\/1010231159"}],"wp:attachment":[{"href":"https:\/\/grandepremio.com\/es\/wp-json\/wp\/v2\/media?parent=14798"}],"wp:term":[{"taxonomy":"category","embeddable":true,"href":"https:\/\/grandepremio.com\/es\/wp-json\/wp\/v2\/categories?post=14798"},{"taxonomy":"post_tag","embeddable":true,"href":"https:\/\/grandepremio.com\/es\/wp-json\/wp\/v2\/tags?post=14798"},{"taxonomy":"42wp_author","embeddable":true,"href":"https:\/\/grandepremio.com\/es\/wp-json\/wp\/v2\/42wp_author?post=14798"}],"curies":[{"name":"wp","href":"https:\/\/api.w.org\/{rel}","templated":true}]}}