{"id":14828,"date":"2024-03-10T16:54:21","date_gmt":"2024-03-10T19:54:21","guid":{"rendered":"https:\/\/grandepremio.com\/es\/2024\/03\/10\/empleada-de-red-bull-que-denuncio-a-horner-prepara-esclarecimiento-publico-sobre-el-caso\/"},"modified":"2024-03-10T16:54:29","modified_gmt":"2024-03-10T19:54:29","slug":"empleada-de-red-bull-que-denuncio-a-horner-prepara-esclarecimiento-publico-sobre-el-caso","status":"publish","type":"post","link":"https:\/\/grandepremio.com\/es\/f1\/empleada-de-red-bull-que-denuncio-a-horner-prepara-esclarecimiento-publico-sobre-el-caso\/","title":{"rendered":"Empleada de Red Bull que denunci\u00f3 a Horner prepara esclarecimiento p\u00fablico sobre el caso"},"content":{"rendered":"\n<p class=\"wp-block-paragraph\">La trama del <strong>Caso Horner<\/strong> pueden volverse a\u00fan m\u00e1s preocupante para el puesto de trabajo del jefe de <strong>Red Bull <\/strong>en los pr\u00f3ximos d\u00edas, despu\u00e9s de una reuni\u00f3n programada para este domingo por la compa\u00f1\u00eda en <strong>Dubai<\/strong> para discutir los pr\u00f3ximos pasos. Sin embargo, no solo la marca austriaca est\u00e1 involucrada en la historia, sino tambi\u00e9n la empleada que denunci\u00f3 el comportamiento inapropiado por parte del brit\u00e1nico, y est\u00e1 a punto de hacer p\u00fablica su versi\u00f3n del caso.<\/p>\n\n\n\n<p class=\"wp-block-paragraph\">\u23e9&nbsp;<strong><em>\u00a1Seguinos en redes por&nbsp;<a href=\"https:\/\/twitter.com\/grandepremioES\" target=\"_blank\" rel=\"noreferrer noopener\">Twitter&nbsp;<\/a>e&nbsp;<a href=\"https:\/\/www.instagram.com\/grandepremioes\/\" target=\"_blank\" rel=\"noreferrer noopener\">Instagram!<\/a><\/em><\/strong><br><strong>\u23e9<\/strong>&nbsp;<strong><em>Adem\u00e1s, tenemos nuestro&nbsp;<a href=\"https:\/\/whatsapp.com\/channel\/0029VaDZ5zb0gcfDxuwxBM05\" target=\"_blank\" rel=\"noreferrer noopener\">canal de Whatsapp<\/a>&nbsp;con toda la informaci\u00f3n al instante<\/em><\/strong>&nbsp;\ud83c\udfc1<\/p>\n\n\n\n<p class=\"wp-block-paragraph\">La informaci\u00f3n proviene del portal Motorsport-Total. Seg\u00fan el medio, <strong>las declaraciones p\u00fablicas de Christian Horner recientemente motivaron a la empleada<\/strong>, que fue asistente personal del brit\u00e1nico durante a\u00f1os, <strong>a tambi\u00e9n dar su versi\u00f3n de la historia p\u00fablicamente<\/strong>.<\/p>\n\n\n\n<figure class=\"wp-block-image size-full\"><img decoding=\"async\" src=\"https:\/\/grandepremio.com\/es\/wp-content\/uploads\/2024\/03\/image-79.png\" alt=\"\" class=\"wp-image-233691\"\/><figcaption class=\"wp-element-caption\">El caso Horner vuelve a estar en el ojo de la tormenta (Foto: Red Bull Content Pool)<\/figcaption><\/figure>\n\n\n\n<p class=\"wp-block-paragraph\">El testimonio p\u00fablico est\u00e1 siendo preparado por la empleada para la pr\u00f3xima semana, con el objetivo de presentar su propia visi\u00f3n de los hechos y, de alguna manera, responder a las declaraciones recientes de Horner, quien calific\u00f3 el caso como una &#8220;invasi\u00f3n a la familia&#8221; e indic\u00f3 que la prensa est\u00e1 haciendo &#8220;invenciones&#8221; sobre lo que sucede internamente en <strong>Red Bull<\/strong>.<\/p>\n\n\n\n<p class=\"wp-block-paragraph\">Adem\u00e1s de la presi\u00f3n que enfrenta internamente, con una relaci\u00f3n dif\u00edcil con <strong>Helmut Marko<\/strong> y declaraciones p\u00fablicas de <strong>Jos Verstappen <\/strong>de que la permanencia de Horner podr\u00eda &#8220;dividir al equipo&#8221;, un testimonio de la empleada servir\u00e1 como combustible para complicar a\u00fan m\u00e1s la situaci\u00f3n del brit\u00e1nico. <strong>Ford<\/strong>, que ser\u00e1 proveedor de motores de<strong> Red Bull <\/strong>a partir de 2026, tambi\u00e9n se posicion\u00f3 recientemente a trav\u00e9s de <strong>Mark Rushbrook<\/strong>, jefe global de la marca.<\/p>\n\n\n\n<p class=\"wp-block-paragraph\">\ud83d\udfe5&nbsp;<strong><em>\u00a1Todas las novedades te esperan en el canal de&nbsp;<a href=\"https:\/\/www.youtube.com\/@GrandePremioES\" target=\"_blank\" rel=\"noreferrer noopener\">YouTube<\/a>&nbsp;de Grande Pr\u00eamio en Espa\u00f1ol!<\/em><\/strong>&nbsp;\ud83d\udfe8<\/p>\n\n\n\n<p class=\"wp-block-paragraph\">La <strong>F\u00f3rmula 1 <\/strong>regresa entre el 22 y el 24 de marzo con el <strong>Gran Premio de Australia<\/strong>, tercera etapa de la temporada 2024. <strong>GRANDE PR\u00caMIO<\/strong> cubrir\u00e1 toda la actividad.<\/p>\n","protected":false},"excerpt":{"rendered":"<p>La empleada que denunci\u00f3 a Christian Horner est\u00e1 preparando una declaraci\u00f3n p\u00fablica para expresar su propia versi\u00f3n de los hechos.<\/p>\n","protected":false},"author":0,"featured_media":1010233692,"comment_status":"closed","ping_status":"closed","sticky":false,"template":"","format":"standard","meta":{"42wp_featured_image_caption":"","42wp_featured_image_credits":"","42wp_featured_video":"","42wp_featured_image_hidden":false,"42wp_authors_list":[],"footnotes":""},"categories":[5],"tags":[9877,1336,181,2249,179,206,9818],"42wp_author":[14235],"class_list":["post-14828","post","type-post","status-publish","format-standard","has-post-thumbnail","hentry","category-f1","tag-caso-horner","tag-christian-horner","tag-f1","tag-f1-2024","tag-formula-1","tag-red-bull","tag-red-bull-2024","42wp_author-barbara-mincioni"],"_links":{"self":[{"href":"https:\/\/grandepremio.com\/es\/wp-json\/wp\/v2\/posts\/14828","targetHints":{"allow":["GET"]}}],"collection":[{"href":"https:\/\/grandepremio.com\/es\/wp-json\/wp\/v2\/posts"}],"about":[{"href":"https:\/\/grandepremio.com\/es\/wp-json\/wp\/v2\/types\/post"}],"replies":[{"embeddable":true,"href":"https:\/\/grandepremio.com\/es\/wp-json\/wp\/v2\/comments?post=14828"}],"version-history":[{"count":0,"href":"https:\/\/grandepremio.com\/es\/wp-json\/wp\/v2\/posts\/14828\/revisions"}],"wp:featuredmedia":[{"embeddable":true,"href":"https:\/\/grandepremio.com\/es\/wp-json\/wp\/v2\/media\/1010233692"}],"wp:attachment":[{"href":"https:\/\/grandepremio.com\/es\/wp-json\/wp\/v2\/media?parent=14828"}],"wp:term":[{"taxonomy":"category","embeddable":true,"href":"https:\/\/grandepremio.com\/es\/wp-json\/wp\/v2\/categories?post=14828"},{"taxonomy":"post_tag","embeddable":true,"href":"https:\/\/grandepremio.com\/es\/wp-json\/wp\/v2\/tags?post=14828"},{"taxonomy":"42wp_author","embeddable":true,"href":"https:\/\/grandepremio.com\/es\/wp-json\/wp\/v2\/42wp_author?post=14828"}],"curies":[{"name":"wp","href":"https:\/\/api.w.org\/{rel}","templated":true}]}}