{"id":14936,"date":"2024-03-05T12:01:49","date_gmt":"2024-03-05T15:01:49","guid":{"rendered":"https:\/\/grandepremio.com\/es\/2024\/03\/05\/ferrari-de-dos-millones-de-libras-robada-a-berger-fue-recuperada-despues-de-29-anos\/"},"modified":"2024-03-05T12:02:44","modified_gmt":"2024-03-05T15:02:44","slug":"ferrari-de-dos-millones-de-libras-robada-a-berger-fue-recuperada-despues-de-29-anos","status":"publish","type":"post","link":"https:\/\/grandepremio.com\/es\/f1\/ferrari-de-dos-millones-de-libras-robada-a-berger-fue-recuperada-despues-de-29-anos\/","title":{"rendered":"Ferrari de dos millones de libras robada a Berger fue recuperada despu\u00e9s de 29 a\u00f1os"},"content":{"rendered":"\n<p class=\"wp-block-paragraph\">Una <strong>Ferrari F512M <\/strong>robada a <strong>Gerhard Berger<\/strong> en el <strong>Gran Premio de San Marino de 1995<\/strong>, en <strong>\u00cdmola<\/strong>, fue recuperada por la Polic\u00eda Metropolitana Brit\u00e1nica esta semana mientras desembarcaba en el <strong>Reino Unido<\/strong>. El auto valuado en \u00a3 350,000 fue identificado por la empresa italiana mientras un comprador estadounidense intentaba adquirirlo de un vendedor brit\u00e1nico.<\/p>\n\n\n\n<p class=\"wp-block-paragraph\">\u23e9&nbsp;<strong><em>\u00a1Seguinos en redes por&nbsp;<a href=\"https:\/\/twitter.com\/grandepremioES\" target=\"_blank\" rel=\"noreferrer noopener\">Twitter&nbsp;<\/a>e&nbsp;<a href=\"https:\/\/www.instagram.com\/grandepremioes\/\" target=\"_blank\" rel=\"noreferrer noopener\">Instagram!<\/a><\/em><\/strong><br><strong>\u23e9<\/strong>&nbsp;<strong><em>Adem\u00e1s, tenemos nuestro&nbsp;<a href=\"https:\/\/whatsapp.com\/channel\/0029VaDZ5zb0gcfDxuwxBM05\" target=\"_blank\" rel=\"noreferrer noopener\">canal de Whatsapp<\/a>&nbsp;con toda la informaci\u00f3n al instante<\/em><\/strong>&nbsp;\ud83c\udfc1<\/p>\n\n\n\n<p class=\"wp-block-paragraph\">El modelo, lanzado en 1994, fue uno de los dos autos robados durante el Gran Premio de San Marino de 1995, celebrado el 30 de abril. Seg\u00fan las autoridades, fue llevado a Jap\u00f3n poco despu\u00e9s del crimen. La polic\u00eda sigue en busca del segundo veh\u00edculo, pero no ha realizado ninguna detenci\u00f3n hasta el momento.<\/p>\n\n\n\n<p class=\"wp-block-paragraph\">&#8220;Nuestras b\u00fasquedas fueron meticulosas e incluyeron contactos con autoridades de todo el mundo&#8221;, declar\u00f3 <strong>Mike Pilbeam<\/strong>, l\u00edder de la investigaci\u00f3n. &#8220;Trabajamos r\u00e1pidamente con nuestros socios, incluida la <strong>Agencia Nacional de Cr\u00edmenes<\/strong>, as\u00ed como <strong>Ferrari<\/strong> y vendedores internacionales de autom\u00f3viles&#8221;, relat\u00f3.<\/p>\n\n\n\n<p class=\"wp-block-paragraph\">&#8220;Esta colaboraci\u00f3n fue fundamental para entender el historial del veh\u00edculo y para impedir que saliera del pa\u00eds&#8221;, a\u00f1adi\u00f3 Pilbeam.<\/p>\n\n\n\n<figure class=\"wp-block-image size-large\"><img decoding=\"async\" src=\"https:\/\/grandepremio.com\/es\/wp-content\/uploads\/2024\/03\/Ferrari-edited.jpg\" alt=\"\" class=\"wp-image-233007\"\/><figcaption class=\"wp-element-caption\">Visi\u00f3n interna de la Ferrari de Berger (Foto: Polic\u00eda Metropolitana Brit\u00e1nica)<\/figcaption><\/figure>\n\n\n\n<p class=\"wp-block-paragraph\">Seg\u00fan el l\u00edder de las investigaciones, la <strong>Ferrari<\/strong> de <strong>Berger<\/strong> fue encontrada cuatro d\u00edas despu\u00e9s de la denuncia hecha por la marca italiana. El veh\u00edculo lleg\u00f3 a Reino Unido el a\u00f1o pasado y ya estaba siendo preparado para ser exportado nuevamente para un nuevo comprador.<\/p>\n\n\n\n<p class=\"wp-block-paragraph\">\ud83d\udfe5&nbsp;<strong><em>\u00a1Todas las novedades te esperan en el canal de&nbsp;<a href=\"https:\/\/www.youtube.com\/@GrandePremioES\" target=\"_blank\" rel=\"noreferrer noopener\">YouTube<\/a>&nbsp;de Grande Pr\u00eamio en Espa\u00f1ol!<\/em><\/strong>&nbsp;\ud83d\udfe8<\/p>\n\n\n\n<p class=\"wp-block-paragraph\">Como una versi\u00f3n revisada del modelo 512, la <strong>Ferrari<\/strong> de <strong>Berger<\/strong> cuenta con dos asientos y un motor de 12 cilindros que alcanza una potencia de aproximadamente 446 CV. La velocidad m\u00e1xima del veh\u00edculo alcanza los 315 km\/h.<\/p>\n\n\n\n<p class=\"wp-block-paragraph\"><strong>Berger<\/strong> compiti\u00f3 por seis temporadas en la <strong>F\u00f3rmula 1<\/strong> con <strong>Ferrari<\/strong>. La primera etapa, entre 1987 y 1989, incluy\u00f3 cuatro victorias y el tercer lugar en el Campeonato Mundial de Pilotos de 1988, mientras que la segunda dur\u00f3 de 1993 a 1995 y trajo otro triunfo. En 1994, Gerhard nuevamente ocup\u00f3 el tercer lugar. El austriaco tambi\u00e9n defendi\u00f3 a <strong>Arrows<\/strong>, <strong>Benetton<\/strong> y <strong>McLaren<\/strong> en la categor\u00eda.<\/p>\n","protected":false},"excerpt":{"rendered":"<p>Una Ferrari robada propiedad Gerhard Berger en el Gran Premio de San Marino de 1995, disputado en \u00cdmola fue recuperada por la polic\u00eda brit\u00e1nica despu\u00e9s de 29 a\u00f1os.<\/p>\n","protected":false},"author":0,"featured_media":1010232998,"comment_status":"closed","ping_status":"closed","sticky":false,"template":"","format":"standard","meta":{"42wp_featured_image_caption":"","42wp_featured_image_credits":"","42wp_featured_video":"","42wp_featured_image_hidden":false,"42wp_authors_list":[],"footnotes":""},"categories":[5],"tags":[181,185,179,3044,2344,1488,7223],"42wp_author":[14235],"class_list":["post-14936","post","type-post","status-publish","format-standard","has-post-thumbnail","hentry","category-f1","tag-f1","tag-ferrari","tag-formula-1","tag-gerard-berger","tag-gerhard-berger","tag-grande-premio","tag-imola-3","42wp_author-barbara-mincioni"],"_links":{"self":[{"href":"https:\/\/grandepremio.com\/es\/wp-json\/wp\/v2\/posts\/14936","targetHints":{"allow":["GET"]}}],"collection":[{"href":"https:\/\/grandepremio.com\/es\/wp-json\/wp\/v2\/posts"}],"about":[{"href":"https:\/\/grandepremio.com\/es\/wp-json\/wp\/v2\/types\/post"}],"replies":[{"embeddable":true,"href":"https:\/\/grandepremio.com\/es\/wp-json\/wp\/v2\/comments?post=14936"}],"version-history":[{"count":0,"href":"https:\/\/grandepremio.com\/es\/wp-json\/wp\/v2\/posts\/14936\/revisions"}],"wp:featuredmedia":[{"embeddable":true,"href":"https:\/\/grandepremio.com\/es\/wp-json\/wp\/v2\/media\/1010232998"}],"wp:attachment":[{"href":"https:\/\/grandepremio.com\/es\/wp-json\/wp\/v2\/media?parent=14936"}],"wp:term":[{"taxonomy":"category","embeddable":true,"href":"https:\/\/grandepremio.com\/es\/wp-json\/wp\/v2\/categories?post=14936"},{"taxonomy":"post_tag","embeddable":true,"href":"https:\/\/grandepremio.com\/es\/wp-json\/wp\/v2\/tags?post=14936"},{"taxonomy":"42wp_author","embeddable":true,"href":"https:\/\/grandepremio.com\/es\/wp-json\/wp\/v2\/42wp_author?post=14936"}],"curies":[{"name":"wp","href":"https:\/\/api.w.org\/{rel}","templated":true}]}}