{"id":14946,"date":"2024-03-04T12:42:59","date_gmt":"2024-03-04T15:42:59","guid":{"rendered":"https:\/\/grandepremio.com\/es\/2024\/03\/04\/ducati-confirma-renovacion-bagnaia-final-2026\/"},"modified":"2024-03-04T12:43:06","modified_gmt":"2024-03-04T15:43:06","slug":"ducati-confirma-renovacion-bagnaia-final-2026","status":"publish","type":"post","link":"https:\/\/grandepremio.com\/es\/motogp\/ducati-confirma-renovacion-bagnaia-final-2026\/","title":{"rendered":"Ducati se adelanta y confirma la renovaci\u00f3n de Bagnaia hasta el final de la temporada 2026"},"content":{"rendered":"\n<p class=\"wp-block-paragraph\">La \u201csilly season\u201d de <strong>MotoGP <\/strong>ha comenzado. A pesar de que la temporada no ha iniciado, y no lo har\u00e1 hasta el viernes, con los entrenamientos libres, <strong>Ducati <\/strong>ha querido realizar el primer movimiento importante y asegur\u00f3 la continuidad de <strong>Francesco Bagnaia <\/strong>por dos a\u00f1os m\u00e1s, hasta el final del 2026.<\/p>\n\n\n\n<p class=\"wp-block-paragraph\">Bagnaia corre para la marca italiana en el <strong>Mundial de Motociclismo<\/strong> desde 2021 y ha ganado los \u00faltimos dos campeonatos del mundo. Hasta el momento, <em>Pecco<\/em> ha ganado en 18 oportunidades y ha alcanzado 34 podios. De este modo, solo restar\u00e1 saber si renovar\u00e1n a<strong> Enea Bastianini<\/strong>, que termina el contrato este a\u00f1o y <strong>Jorge Mart\u00edn<\/strong> est\u00e1 tocando las puertas con sus buenos resultados.<\/p>\n\n\n\n<p class=\"wp-block-paragraph\"><strong>&#8220;\u00a1Estoy muy contento de seguir corriendo con el equipo de mis sue\u00f1os!&#8221;<\/strong>, dijo Francesco. <strong>&#8220;Llevar estos colores es un honor para m\u00ed. Es fant\u00e1stico y un motivo de orgullo. Junto con Ducati, mi equipo y todos los chicos de Ducati Corse, hemos conseguido cosas incre\u00edbles<\/strong>&#8220;, continu\u00f3.<\/p>\n\n\n\n<p class=\"wp-block-paragraph\"><strong>&#8220;Con estos tres a\u00f1os m\u00e1s (contando 2024) por delante, seguiremos esforz\u00e1ndonos al m\u00e1ximo para lograr el mayor \u00e9xito posible. Estoy muy contento y listo para salir a la pista en Qatar para la primera carrera del a\u00f1o&#8221;<\/strong>, concluy\u00f3 el #63, que debut\u00f3 en 2019 con el equipo<strong> Pramac<\/strong>. <\/p>\n\n\n\n<figure class=\"wp-block-image size-full\"><img decoding=\"async\" src=\"https:\/\/grandepremio.com\/es\/wp-content\/uploads\/2024\/03\/image-37.png\" alt=\"\" class=\"wp-image-232925\"\/><figcaption class=\"wp-element-caption\">Pecco Bagnaia es el actual bicampe\u00f3n del mundo de MotoGP. (Foto: MotoGP)<\/figcaption><\/figure>\n\n\n\n<p class=\"wp-block-paragraph\">Por otra parte,<strong> Luigi Dall&#8217;Igna<\/strong>, el director general de Ducati Corse, declar\u00f3: &#8220;<strong>Estamos muy contentos de tener a Bagnaia nuevamente con nosotros para 2025 y 2026. Juntos hemos escrito una p\u00e1gina importante de la historia del motociclismo: Pecco fue el primer piloto italiano en ganar un t\u00edtulo mundial. en MotoGP con una moto italiana, nuestra Desmosedici GP.&#8221;<\/strong><\/p>\n\n\n\n<p class=\"wp-block-paragraph\"><strong>&#8220;Juntos recuperamos un t\u00edtulo mundial de pilotos que se hab\u00eda perdido durante 15 a\u00f1os, y lo logramos de nuevo el a\u00f1o pasado. Es dos veces campe\u00f3n del mundo y lo ha demostrado en m\u00e1s de una ocasi\u00f3n, se merece verdaderamente el n\u00famero 1 en el carenado de su moto. Adem\u00e1s de estos resultados, Bagnaia sigue demostrando que est\u00e1 en perfecta sinton\u00eda con su moto y su equipo&#8221;<\/strong>, agreg\u00f3 Gigi, hist\u00f3rico empleado de Ducati. <\/p>\n\n\n\n<p class=\"wp-block-paragraph\"><strong>&#8220;Por todas estas razones, era natural para nosotros querer continuar con \u00e9l. Por lo tanto, esperamos juntos este nuevo cap\u00edtulo, confiados en que podemos lograr otros resultados importantes&#8221;<\/strong>, finaliz\u00f3 el jefe de la marca de Bologna.<\/p>\n\n\n\n<p class=\"wp-block-paragraph\">\u200b<strong><em>\u00a1Seguinos en redes por&nbsp;<\/em><\/strong><a href=\"https:\/\/twitter.com\/grandepremioES\" target=\"_blank\" rel=\"noreferrer noopener\"><strong><em>Twitter&nbsp;<\/em><\/strong><\/a><strong><em>e&nbsp;<\/em><\/strong><a href=\"https:\/\/www.instagram.com\/grandepremioes\/\" target=\"_blank\" rel=\"noreferrer noopener\"><strong><em>Instagram!<\/em><\/strong><\/a><br><strong><em>Adem\u00e1s, tenemos nuestro&nbsp;<\/em><\/strong><a href=\"https:\/\/whatsapp.com\/channel\/0029VaDZ5zb0gcfDxuwxBM05\" target=\"_blank\" rel=\"noreferrer noopener\"><strong><em>canal de Whatsapp<\/em><\/strong><\/a><strong><em>&nbsp;con toda la informaci\u00f3n al instante<\/em><\/strong>&nbsp;<\/p>\n\n\n\n<p class=\"wp-block-paragraph\"><strong><em>\u00a1Todas las novedades te esperan en el canal de&nbsp;<\/em><\/strong><a href=\"https:\/\/www.youtube.com\/@GrandePremioES\" target=\"_blank\" rel=\"noreferrer noopener\"><strong><em>YouTube<\/em><\/strong><\/a><strong><em>&nbsp;de Grande Pr\u00eamio en Espa\u00f1ol!<\/em><\/strong>&nbsp;<\/p>\n\n\n\n<p class=\"wp-block-paragraph\">La temporada 2024 de <strong>MotoGP<\/strong> comenzar\u00e1 el fin de semana venidero, del 7 al 9 de marzo, con el GP de Qatar. Sigue toda la actividad en GRANDE PREMIO.<\/p>\n","protected":false},"excerpt":{"rendered":"<p>Francesco Bagnaia, actual bicampe\u00f3n de MotoGP, no cambiar\u00e1 de equipo ya que Ducati anunci\u00f3 la extensi\u00f3n del contrato del piloto italiano hasta el final de la temporada 2026.<\/p>\n","protected":false},"author":0,"featured_media":1010232923,"comment_status":"closed","ping_status":"closed","sticky":false,"template":"","format":"standard","meta":{"42wp_featured_image_caption":"","42wp_featured_image_credits":"","42wp_featured_video":"","42wp_featured_image_hidden":false,"42wp_authors_list":[],"footnotes":""},"categories":[8],"tags":[3485,1340,2058,1376,2189,1526,1764,1363],"42wp_author":[14237],"class_list":["post-14946","post","type-post","status-publish","format-standard","has-post-thumbnail","hentry","category-motogp","tag-desmosedici","tag-ducati","tag-enea-bastianini","tag-francesco-bagnaia","tag-gigi-dalligna","tag-jorge-martin","tag-mundial-de-motociclismo","tag-pramac","42wp_author-gabriel-garcia"],"_links":{"self":[{"href":"https:\/\/grandepremio.com\/es\/wp-json\/wp\/v2\/posts\/14946","targetHints":{"allow":["GET"]}}],"collection":[{"href":"https:\/\/grandepremio.com\/es\/wp-json\/wp\/v2\/posts"}],"about":[{"href":"https:\/\/grandepremio.com\/es\/wp-json\/wp\/v2\/types\/post"}],"replies":[{"embeddable":true,"href":"https:\/\/grandepremio.com\/es\/wp-json\/wp\/v2\/comments?post=14946"}],"version-history":[{"count":0,"href":"https:\/\/grandepremio.com\/es\/wp-json\/wp\/v2\/posts\/14946\/revisions"}],"wp:featuredmedia":[{"embeddable":true,"href":"https:\/\/grandepremio.com\/es\/wp-json\/wp\/v2\/media\/1010232923"}],"wp:attachment":[{"href":"https:\/\/grandepremio.com\/es\/wp-json\/wp\/v2\/media?parent=14946"}],"wp:term":[{"taxonomy":"category","embeddable":true,"href":"https:\/\/grandepremio.com\/es\/wp-json\/wp\/v2\/categories?post=14946"},{"taxonomy":"post_tag","embeddable":true,"href":"https:\/\/grandepremio.com\/es\/wp-json\/wp\/v2\/tags?post=14946"},{"taxonomy":"42wp_author","embeddable":true,"href":"https:\/\/grandepremio.com\/es\/wp-json\/wp\/v2\/42wp_author?post=14946"}],"curies":[{"name":"wp","href":"https:\/\/api.w.org\/{rel}","templated":true}]}}