{"id":14961,"date":"2024-03-03T13:14:55","date_gmt":"2024-03-03T16:14:55","guid":{"rendered":"https:\/\/grandepremio.com\/es\/2024\/03\/03\/perez-red-bull-esperaba-rivales-fueran-fuertes\/"},"modified":"2024-03-03T13:15:05","modified_gmt":"2024-03-03T16:15:05","slug":"perez-red-bull-esperaba-rivales-fueran-fuertes","status":"publish","type":"post","link":"https:\/\/grandepremio.com\/es\/f1\/perez-red-bull-esperaba-rivales-fueran-fuertes\/","title":{"rendered":"P\u00e9rez dice que Red Bull esperaba que los rivales fueran &#8220;mucho m\u00e1s fuertes&#8221;"},"content":{"rendered":"\n<p class=\"wp-block-paragraph\">Nada ha cambiado en la <strong>F\u00f3rmula 1<\/strong>, aunque ya estamos en el 2024. Es que, como en 2023, <strong>Max Verstappen <\/strong>arras\u00f3 a todos ganando el <strong>GP de Bahrein<\/strong> por m\u00e1s de 20 segundos de ventaja sobre <strong>Sergio P\u00e9rez<\/strong> y 25 sobre <strong>Carlos Sainz<\/strong>, que complet\u00f3 el podio con Ferrari.<\/p>\n\n\n\n<p class=\"wp-block-paragraph\">Pese a que la diferencia fue similar a lo que se vio el a\u00f1o pasado, con un <strong>RB20<\/strong> demasiado dominante en el ritmo de carrera,<em> Checo<\/em> admiti\u00f3 que esperaban mayor cercan\u00eda y oposici\u00f3n de sus rivales en este comienzo de temporada.<\/p>\n\n\n\n<p class=\"wp-block-paragraph\"><strong>&#8220;Ha sido una sorpresa muy agradable. Esper\u00e1bamos que la gente a nuestro alrededor fuera mucho m\u00e1s fuerte. Aqu\u00ed es probablemente el peor lugar para el desgaste de los neum\u00e1ticos, as\u00ed que probablemente cuanto mejor sea la situaci\u00f3n, m\u00e1s cerca estar\u00e1 la parrilla. Jeddah es un reto muy diferente, ser\u00e1 interesante ver d\u00f3nde est\u00e1 cada uno&#8221;<\/strong>, explic\u00f3 P\u00e9rez despu\u00e9s de haber finalizado como escolta de Verstappen.<\/p>\n\n\n\n<figure class=\"wp-block-image size-full\"><img decoding=\"async\" src=\"https:\/\/grandepremio.com\/es\/wp-content\/uploads\/2024\/03\/image-29.png\" alt=\"\" class=\"wp-image-232830\"\/><figcaption class=\"wp-element-caption\">Sergio P\u00e9rez se recuper\u00f3 para terminar en segunda posici\u00f3n (Foto: AFP)<\/figcaption><\/figure>\n\n\n\n<p class=\"wp-block-paragraph\"><strong>&#8220;Era cuesti\u00f3n de controlar el desgaste, porque obviamente nos oblig\u00f3 a parar bastante pronto. Iba a ser un stint largo, as\u00ed que conseguimos construir un hueco progresivamente, abrirlo constantemente y acab\u00f3 funcionando bien&#8221;<\/strong>, coment\u00f3 el #11, que larg\u00f3 quinto en Sakhir. <\/p>\n\n\n\n<p class=\"wp-block-paragraph\"><strong>&#8220;Todav\u00eda tuvimos otros problemas con el coche hacia el final de la carrera que hicieron que nuestro desgaste fuera mucho peor hacia el final de la carrera&#8221;,<\/strong> dijo. Sobre la cita en Arabia Saudita, el mexicano se\u00f1al\u00f3: <strong>&#8220;Creo que el coche ser\u00e1 fuerte con los requisitos de alta velocidad, as\u00ed que creo que deber\u00edamos tener otro fin de semana fuerte&#8221;<\/strong>.<\/p>\n\n\n\n<p class=\"wp-block-paragraph\"><strong><em>\u00a1Seguinos en redes por&nbsp;<\/em><\/strong><a href=\"https:\/\/twitter.com\/grandepremioES\" target=\"_blank\" rel=\"noreferrer noopener\"><strong><em>Twitter&nbsp;<\/em><\/strong><\/a><strong><em>e&nbsp;<\/em><\/strong><a href=\"https:\/\/www.instagram.com\/grandepremioes\/\" target=\"_blank\" rel=\"noreferrer noopener\"><strong><em>Instagram!<\/em><\/strong><\/a><br><strong><em>Adem\u00e1s, tenemos nuestro&nbsp;<\/em><\/strong><a href=\"https:\/\/whatsapp.com\/channel\/0029VaDZ5zb0gcfDxuwxBM05\" target=\"_blank\" rel=\"noreferrer noopener\"><strong><em>canal de Whatsapp<\/em><\/strong><\/a><strong><em>&nbsp;con toda la informaci\u00f3n al instante<\/em><\/strong>&nbsp;<\/p>\n\n\n\n<p class=\"wp-block-paragraph\"><strong><em>\u00a1Todas las novedades te esperan en el canal de&nbsp;<\/em><\/strong><a href=\"https:\/\/www.youtube.com\/@GrandePremioES\" target=\"_blank\" rel=\"noreferrer noopener\"><strong><em>YouTube<\/em><\/strong><\/a><strong><em>&nbsp;de Grande Pr\u00eamio en Espa\u00f1ol!<\/em><\/strong>&nbsp;<\/p>\n\n\n\n<p class=\"wp-block-paragraph\">La temporada 2024 de <strong>F\u00f3rmula 1 <\/strong>contin\u00faa la pr\u00f3xima semana, del jueves 7 al s\u00e1bado 9 de marzo, con el <strong>Gran Premio de Arabia Saudita<\/strong> en Jeddah. GRAND PRIX sigue la carrera EN DIRECTO y EN TIEMPO REAL.<\/p>\n","protected":false},"excerpt":{"rendered":"<p>Sergio P\u00e9rez admiti\u00f3 su sorpresa por la debilidad de sus rivales frente a Red Bull tras la apertura de la temporada 2024 de la F\u00f3rmula 1, el Gran Premio de Bahrein. <\/p>\n","protected":false},"author":0,"featured_media":1010232828,"comment_status":"closed","ping_status":"closed","sticky":false,"template":"","format":"standard","meta":{"42wp_featured_image_caption":"","42wp_featured_image_credits":"","42wp_featured_video":"","42wp_featured_image_hidden":false,"42wp_authors_list":[],"footnotes":""},"categories":[5],"tags":[9507,181,2249,179,2315,249,9712,206,294],"42wp_author":[14237],"class_list":["post-14961","post","type-post","status-publish","format-standard","has-post-thumbnail","hentry","category-f1","tag-carlos-sainz-ferrari","tag-f1","tag-f1-2024","tag-formula-1","tag-gp-de-bahrein-2","tag-max-verstappen","tag-rb20","tag-red-bull","tag-sergio-perez","42wp_author-gabriel-garcia"],"_links":{"self":[{"href":"https:\/\/grandepremio.com\/es\/wp-json\/wp\/v2\/posts\/14961","targetHints":{"allow":["GET"]}}],"collection":[{"href":"https:\/\/grandepremio.com\/es\/wp-json\/wp\/v2\/posts"}],"about":[{"href":"https:\/\/grandepremio.com\/es\/wp-json\/wp\/v2\/types\/post"}],"replies":[{"embeddable":true,"href":"https:\/\/grandepremio.com\/es\/wp-json\/wp\/v2\/comments?post=14961"}],"version-history":[{"count":0,"href":"https:\/\/grandepremio.com\/es\/wp-json\/wp\/v2\/posts\/14961\/revisions"}],"wp:featuredmedia":[{"embeddable":true,"href":"https:\/\/grandepremio.com\/es\/wp-json\/wp\/v2\/media\/1010232828"}],"wp:attachment":[{"href":"https:\/\/grandepremio.com\/es\/wp-json\/wp\/v2\/media?parent=14961"}],"wp:term":[{"taxonomy":"category","embeddable":true,"href":"https:\/\/grandepremio.com\/es\/wp-json\/wp\/v2\/categories?post=14961"},{"taxonomy":"post_tag","embeddable":true,"href":"https:\/\/grandepremio.com\/es\/wp-json\/wp\/v2\/tags?post=14961"},{"taxonomy":"42wp_author","embeddable":true,"href":"https:\/\/grandepremio.com\/es\/wp-json\/wp\/v2\/42wp_author?post=14961"}],"curies":[{"name":"wp","href":"https:\/\/api.w.org\/{rel}","templated":true}]}}