{"id":14969,"date":"2024-03-03T09:31:27","date_gmt":"2024-03-03T12:31:27","guid":{"rendered":"https:\/\/grandepremio.com\/es\/2024\/03\/03\/horner-seguro-seguira-red-bull-habla-centrarse-pista\/"},"modified":"2024-03-03T09:31:34","modified_gmt":"2024-03-03T12:31:34","slug":"horner-seguro-seguira-red-bull-habla-centrarse-pista","status":"publish","type":"post","link":"https:\/\/grandepremio.com\/es\/f1\/horner-seguro-seguira-red-bull-habla-centrarse-pista\/","title":{"rendered":"Horner dice estar &#8220;seguro&#8221; de que seguir\u00e1 en Red Bull y habla de &#8220;centrarse en la pista&#8221;"},"content":{"rendered":"\n<p class=\"wp-block-paragraph\">La <strong>F\u00f3rmula 1<\/strong> se ha visto conmocionada por el esc\u00e1ndalo del <em>\u201cCaso Horner\u201d,<\/em> que se conoci\u00f3 hace varias semanas, y que involucra al jefe de equipo campe\u00f3n del mundo, <strong>Christian Horner<\/strong>, por una supuesta <em>\u201cconducta inapropiada\u201d<\/em> con una asistente suya dentro de <strong>Red Bull.<\/strong><\/p>\n\n\n\n<p class=\"wp-block-paragraph\">M\u00e1s all\u00e1 de que la investigaci\u00f3n de la casa matriz del equipo <strong>no arroj\u00f3 pruebas en contra del directivo<\/strong>, lo cierto es que se ha seguido hablando del tema por unas <a href=\"https:\/\/grandepremio.com\/es\/f1\/horner-niega-veracidad-filtracion-pruebas\/\" target=\"_blank\" rel=\"noreferrer noopener\">filtraciones de un supuesto material incriminatorio<\/a> hacia Horner, aunque no se ha podido probar <strong>ni el origen ni la veracidad <\/strong>de los supuestos chats y fotograf\u00edas que incluir\u00eda ese correo electr\u00f3nico, hecho llegar hasta las m\u00e1s altas esferas de la F1. \u00a0<\/p>\n\n\n\n<p class=\"wp-block-paragraph\">Ante la filtraci\u00f3n de esas supuestas pruebas en contra, <strong>Mohammed Ben Sulayem<\/strong>, presidente de la FIA, pidi\u00f3 una reuni\u00f3n con Horner y <a href=\"https:\/\/grandepremio.com\/es\/f1\/horner-y-sulayem-conversaron-y-se-saludaron-durante-la-fp3-del-gp-de-bahrein-de-f1\/\" target=\"_blank\" rel=\"noreferrer noopener\">se los vio juntos en la FP3 del viernes.<\/a> Sobre esto, el brit\u00e1nico le dijo a Sky Sports que estaba <strong>&#8220;absolutamente seguro&#8221; <\/strong>de que permanecer\u00eda en el puesto. <strong>&#8220;De lo contrario, no estar\u00eda aqu\u00ed [en Bahr\u00e9in]&#8221;<\/strong>, a\u00f1adi\u00f3.<\/p>\n\n\n\n<p class=\"wp-block-paragraph\"><strong>&#8220;Somos un equipo muy fuerte. Contamos con un enorme apoyo y tambi\u00e9n contamos con grandes socios y grandes accionistas detr\u00e1s de nosotros. Este tipo de resultados no se pueden lograr si no estamos unidos&#8221;<\/strong>, agreg\u00f3 tras el doblete logrado en el GP de Bahrein con <strong>Max Verstappen<\/strong> y <strong>Sergio P\u00e9rez<\/strong>.<\/p>\n\n\n\n<figure class=\"wp-block-image size-large\"><img decoding=\"async\" src=\"https:\/\/grandepremio.com\/cdn-cgi\/image\/width=893,height=558,fit=contain,gravity=0.5x0.5,quality=75,format=webp\/es\/wp-content\/uploads\/2024\/03\/image-23-1024x647.png\" alt=\"\" class=\"wp-image-232773\"\/><figcaption class=\"wp-element-caption\">Red Bull celebra el 1-2 conseguido en el GP de Bahrein. (Foto: Red Bull)<\/figcaption><\/figure>\n\n\n\n<p class=\"wp-block-paragraph\">\u200bPor otro lado, y despu\u00e9s de la carrera en Sakhir, Christian coment\u00f3 como se sinti\u00f3 estos d\u00edas donde estuvo el foco en su persona: <strong>&#8220;No fue nada agradable, recib\u00ed atenci\u00f3n no deseada, pero ahora la atenci\u00f3n vuelve a estar en la pista. Mi atenci\u00f3n se centra en lo que sucede en la pista y el resultado de hoy demuestra que ah\u00ed es donde est\u00e1 la atenci\u00f3n de todos los miembros del equipo. Avanzamos as\u00ed&#8221;.<\/strong><\/p>\n\n\n\n<p class=\"wp-block-paragraph\"><strong>&#8220;No voy a comentar sobre las motivaciones de nadie para hacer esto. Sigo centrado en el equipo, mi familia, mi mujer, correr. Cuento con el apoyo de una familia incre\u00edble, una esposa incre\u00edble y de todos en el equipo. Se trata de seguir dando lo mejor aqu\u00ed&#8221;,<\/strong> continu\u00f3.<\/p>\n\n\n\n<p class=\"wp-block-paragraph\"><strong><em>\u00a1Seguinos en redes por&nbsp;<\/em><\/strong><a href=\"https:\/\/twitter.com\/grandepremioES\" target=\"_blank\" rel=\"noreferrer noopener\"><strong><em>Twitter&nbsp;<\/em><\/strong><\/a><strong><em>e&nbsp;<\/em><\/strong><a href=\"https:\/\/www.instagram.com\/grandepremioes\/\" target=\"_blank\" rel=\"noreferrer noopener\"><strong><em>Instagram!<\/em><\/strong><\/a><br><strong><em>Adem\u00e1s, tenemos nuestro&nbsp;<\/em><\/strong><a href=\"https:\/\/whatsapp.com\/channel\/0029VaDZ5zb0gcfDxuwxBM05\" target=\"_blank\" rel=\"noreferrer noopener\"><strong><em>canal de Whatsapp<\/em><\/strong><\/a><strong><em>&nbsp;con toda la informaci\u00f3n al instante<\/em><\/strong>&nbsp;<\/p>\n\n\n\n<p class=\"wp-block-paragraph\"><strong><em>\u00a1Todas las novedades te esperan en el canal de&nbsp;<\/em><\/strong><a href=\"https:\/\/www.youtube.com\/@GrandePremioES\" target=\"_blank\" rel=\"noreferrer noopener\"><strong><em>YouTube<\/em><\/strong><\/a><strong><em>&nbsp;de Grande Pr\u00eamio en Espa\u00f1ol!<\/em><\/strong>&nbsp;<\/p>\n\n\n\n<p class=\"wp-block-paragraph\">Pese a que<a href=\"https:\/\/grandepremio.com\/es\/f1\/jos-verstappen-presiona-red-bull-resquebrajarse-horner\/\" target=\"_blank\" rel=\"noreferrer noopener\"> Jos Verstappen lo acusa de hacerse la v\u00edctima<\/a> y de ser el culpable, el esposo de <strong>Geri Haliwell<\/strong>, que viaj\u00f3 a Bahrein, fue tajante: <strong>&#8220;Siempre he tenido confianza en el resultado de la investigaci\u00f3n. La investigaci\u00f3n fue interna, pero completamente independiente. Y la acusaci\u00f3n fue rechazada, fin de la historia, seguimos adelante&#8221;.<\/strong><\/p>\n\n\n\n<figure class=\"wp-block-embed is-type-video is-provider-youtube wp-block-embed-youtube wp-embed-aspect-16-9 wp-has-aspect-ratio\"><div class=\"wp-block-embed__wrapper\">\n<iframe loading=\"lazy\" title=\"#\u00daLTIMOMOMENTO RED BULL DETERMINA QUE HORNER ES INOCENTE TRAS INVESTIGACI\u00d3N POR AC0S\u00d8\" width=\"500\" height=\"281\" src=\"https:\/\/www.youtube.com\/embed\/ib6BI9HYXbI?feature=oembed\" frameborder=\"0\" allow=\"accelerometer; autoplay; clipboard-write; encrypted-media; gyroscope; picture-in-picture; web-share\" referrerpolicy=\"strict-origin-when-cross-origin\" allowfullscreen><\/iframe>\n<\/div><\/figure>\n","protected":false},"excerpt":{"rendered":"<p>Tras las explosivas declaraciones de Jos Verstappen acabado el GP de Bahrein de la F\u00f3rmula 1, Christian Horner asegura que no ve motivos para no seguir en Red Bull, que siempre conf\u00edo en la investigaci\u00f3n y que pretende centrarse en la pista. <\/p>\n","protected":false},"author":0,"featured_media":1010232772,"comment_status":"closed","ping_status":"closed","sticky":false,"template":"","format":"standard","meta":{"42wp_featured_image_caption":"","42wp_featured_image_credits":"","42wp_featured_video":"","42wp_featured_image_hidden":false,"42wp_authors_list":[],"footnotes":""},"categories":[5],"tags":[9877,1336,181,2249,179,9962,2315,249,1930,206,294],"42wp_author":[14237],"class_list":["post-14969","post","type-post","status-publish","format-standard","has-post-thumbnail","hentry","category-f1","tag-caso-horner","tag-christian-horner","tag-f1","tag-f1-2024","tag-formula-1","tag-geri-haliwell","tag-gp-de-bahrein-2","tag-max-verstappen","tag-mohammed-ben-sulayem","tag-red-bull","tag-sergio-perez","42wp_author-gabriel-garcia"],"_links":{"self":[{"href":"https:\/\/grandepremio.com\/es\/wp-json\/wp\/v2\/posts\/14969","targetHints":{"allow":["GET"]}}],"collection":[{"href":"https:\/\/grandepremio.com\/es\/wp-json\/wp\/v2\/posts"}],"about":[{"href":"https:\/\/grandepremio.com\/es\/wp-json\/wp\/v2\/types\/post"}],"replies":[{"embeddable":true,"href":"https:\/\/grandepremio.com\/es\/wp-json\/wp\/v2\/comments?post=14969"}],"version-history":[{"count":0,"href":"https:\/\/grandepremio.com\/es\/wp-json\/wp\/v2\/posts\/14969\/revisions"}],"wp:featuredmedia":[{"embeddable":true,"href":"https:\/\/grandepremio.com\/es\/wp-json\/wp\/v2\/media\/1010232772"}],"wp:attachment":[{"href":"https:\/\/grandepremio.com\/es\/wp-json\/wp\/v2\/media?parent=14969"}],"wp:term":[{"taxonomy":"category","embeddable":true,"href":"https:\/\/grandepremio.com\/es\/wp-json\/wp\/v2\/categories?post=14969"},{"taxonomy":"post_tag","embeddable":true,"href":"https:\/\/grandepremio.com\/es\/wp-json\/wp\/v2\/tags?post=14969"},{"taxonomy":"42wp_author","embeddable":true,"href":"https:\/\/grandepremio.com\/es\/wp-json\/wp\/v2\/42wp_author?post=14969"}],"curies":[{"name":"wp","href":"https:\/\/api.w.org\/{rel}","templated":true}]}}