{"id":15019,"date":"2024-03-01T09:27:40","date_gmt":"2024-03-01T12:27:40","guid":{"rendered":"https:\/\/grandepremio.com\/es\/2024\/03\/01\/horner-niega-veracidad-filtracion-pruebas\/"},"modified":"2024-03-01T09:27:47","modified_gmt":"2024-03-01T12:27:47","slug":"horner-niega-veracidad-filtracion-pruebas","status":"publish","type":"post","link":"https:\/\/grandepremio.com\/es\/f1\/horner-niega-veracidad-filtracion-pruebas\/","title":{"rendered":"Horner niega la veracidad de la supuesta filtraci\u00f3n de pruebas en su contra"},"content":{"rendered":"\n<p class=\"wp-block-paragraph\">El jefe del equipo de Red Bull, <strong>Christian Horner<\/strong>, se ha pronunciado sobre las supuestas pruebas que fueron enviadas a m\u00e1s de 200 periodistas y miembros de alto rango de la <strong>F\u00f3rmula 1<\/strong> durante la jornada del jueves. En un comunicado oficial, ha dicho que no har\u00e1 comentarios sobre las especulaciones y ha reiterado que niega las acusaciones.<\/p>\n\n\n\n<p class=\"wp-block-paragraph\"><strong>&#8220;No har\u00e9 comentarios sobre especulaciones an\u00f3nimas pero, para reiterar, siempre he negado las acusaciones. Respet\u00e9 la integridad de la investigaci\u00f3n independiente y cooper\u00e9 plenamente con ella en todas las fases del proceso. Ha sido una investigaci\u00f3n exhaustiva y justa, llevada a cabo por un abogado especialista independiente, y ha concluido desestimando la denuncia presentada. Sigo plenamente centrado en el inicio de la temporada&#8221;<\/strong>, declar\u00f3 Horner en un comunicado.<\/p>\n\n\n\n<p class=\"wp-block-paragraph\">Un correo electr\u00f3nico de car\u00e1cter an\u00f3nimo encendi\u00f3 las alarmas de todo el paddock, ya que lleg\u00f3 hasta el jefe de la F1, <strong>Stefano Domenicali.<\/strong> El mensaje conten\u00eda un enlace a Google Drive, un servicio de almacenamiento y sincronizaci\u00f3n de archivos en la nube, con impresiones y fotos. La filtraci\u00f3n llega tras la finalizaci\u00f3n de la investigaci\u00f3n interna por parte de <strong>Red Bull<\/strong>, que absolvi\u00f3 a su jefe de toda culpa y cargo.<\/p>\n\n\n\n<figure class=\"wp-block-image size-full\"><img decoding=\"async\" src=\"https:\/\/grandepremio.com\/es\/wp-content\/uploads\/2024\/03\/image.png\" alt=\"\" class=\"wp-image-232450\"\/><figcaption class=\"wp-element-caption\">Christian Horner acudi\u00f3 a los test de pretemporada sin vestir la ropa de Red Bull (Foto: AFP)<br><\/figcaption><\/figure>\n\n\n\n<p class=\"wp-block-paragraph\">De acuerdo con el equipo, no se pudo determinar la veracidad de la acusaci\u00f3n sobre comportamiento inadecuado contra una empleada: <strong>&#8220;La investigaci\u00f3n independiente sobre las acusaciones vertidas contra el se\u00f1or Horner ha concluido y Red Bull puede confirmar que la denuncia ha sido desestimada. El denunciante tiene derecho a apelar. Red Bull conf\u00eda en que la investigaci\u00f3n ha sido exhaustiva e imparcial&#8221;.<\/strong><\/p>\n\n\n\n<p class=\"wp-block-paragraph\">Si bien la investigaci\u00f3nm fue cerrada, para personas del paddock como <strong>Toto Wolff <\/strong>o <strong>Zak Brown<\/strong>, el asunto no habr\u00eda quedado del todo zanjado. Solicitaban m\u00e1s explicaciones y clarificaciones de lo que hab\u00eda pasado. Despu\u00e9s de esas manifestaciones, comenz\u00f3 a circular un supuesto material de Horner hablando con su asistente personal en un tono m\u00e1s que amistoso.<\/p>\n\n\n\n<p class=\"wp-block-paragraph\">Adem\u00e1s, se habr\u00edan filtrado fotograf\u00edas del directivo brit\u00e1nico en situaciones \u00edntimas, pero no ha habido una confirmaci\u00f3n acerca de la veracidad de todo lo que se envi\u00f3 <strong>de manera an\u00f3nima y protegida<\/strong>, para que <strong>no se pudiera localizar<\/strong> el dispositivo que contiene toda la carpeta de archivos.  El esc\u00e1ndalo continu\u00f3 durante la noche del jueves en redes sociales, aunque no ha habido m\u00e1s declaraciones al respecto de este asunto. <\/p>\n\n\n\n<p class=\"wp-block-paragraph\">Muchos periodistas aseguran haber visto el contenido, pero no han considerado de relevancia, al menos para<strong> la comisi\u00f3n de un delito<\/strong>, pero otros piensan que habr\u00e1 m\u00e1s filtraciones de la supuesta verdad del <strong>&#8220;Caso Horner&#8221;.<\/strong><\/p>\n","protected":false},"excerpt":{"rendered":"<p>Christian Horner evit\u00f3 comentar las supuestas pruebas enviadas durante la jornada de ayer a los periodistas y pidi\u00f3 centrarse en la temporada de la F\u00f3rmula 1 que ha empezado con dos entrenamientos libres.<\/p>\n","protected":false},"author":0,"featured_media":1010232446,"comment_status":"closed","ping_status":"closed","sticky":false,"template":"","format":"standard","meta":{"42wp_featured_image_caption":"","42wp_featured_image_credits":"","42wp_featured_video":"","42wp_featured_image_hidden":false,"42wp_authors_list":[],"footnotes":""},"categories":[5],"tags":[9877,1336,181,179,2315,206,789,569,328],"42wp_author":[14237],"class_list":["post-15019","post","type-post","status-publish","format-standard","has-post-thumbnail","hentry","category-f1","tag-caso-horner","tag-christian-horner","tag-f1","tag-formula-1","tag-gp-de-bahrein-2","tag-red-bull","tag-stefano-domenicali","tag-toto-wolff","tag-zak-brown","42wp_author-gabriel-garcia"],"_links":{"self":[{"href":"https:\/\/grandepremio.com\/es\/wp-json\/wp\/v2\/posts\/15019","targetHints":{"allow":["GET"]}}],"collection":[{"href":"https:\/\/grandepremio.com\/es\/wp-json\/wp\/v2\/posts"}],"about":[{"href":"https:\/\/grandepremio.com\/es\/wp-json\/wp\/v2\/types\/post"}],"replies":[{"embeddable":true,"href":"https:\/\/grandepremio.com\/es\/wp-json\/wp\/v2\/comments?post=15019"}],"version-history":[{"count":0,"href":"https:\/\/grandepremio.com\/es\/wp-json\/wp\/v2\/posts\/15019\/revisions"}],"wp:featuredmedia":[{"embeddable":true,"href":"https:\/\/grandepremio.com\/es\/wp-json\/wp\/v2\/media\/1010232446"}],"wp:attachment":[{"href":"https:\/\/grandepremio.com\/es\/wp-json\/wp\/v2\/media?parent=15019"}],"wp:term":[{"taxonomy":"category","embeddable":true,"href":"https:\/\/grandepremio.com\/es\/wp-json\/wp\/v2\/categories?post=15019"},{"taxonomy":"post_tag","embeddable":true,"href":"https:\/\/grandepremio.com\/es\/wp-json\/wp\/v2\/tags?post=15019"},{"taxonomy":"42wp_author","embeddable":true,"href":"https:\/\/grandepremio.com\/es\/wp-json\/wp\/v2\/42wp_author?post=15019"}],"curies":[{"name":"wp","href":"https:\/\/api.w.org\/{rel}","templated":true}]}}