{"id":15029,"date":"2024-02-29T15:44:18","date_gmt":"2024-02-29T18:44:18","guid":{"rendered":"https:\/\/grandepremio.com\/es\/2024\/02\/29\/max-verstappen-entrenamiento-bahrein-formula-1-2024\/"},"modified":"2024-02-29T15:45:00","modified_gmt":"2024-02-29T18:45:00","slug":"max-verstappen-entrenamiento-bahrein-formula-1-2024","status":"publish","type":"post","link":"https:\/\/grandepremio.com\/es\/f1\/max-verstappen-entrenamiento-bahrein-formula-1-2024\/","title":{"rendered":"Verstappen minimiza 1-2 de Mercedes en FP2 de Bahr\u00e9in: \u201cEstaremos todos muy cerca&#8221;"},"content":{"rendered":"\n<p class=\"wp-block-paragraph\">La<strong> F\u00f3rmula 1 <\/strong>reaccion\u00f3 con cierta sorpresa al ver a <strong>Max Verstappen<\/strong> terminar apenas sexto, con un tiempo de 1m30s851, en la segunda sesi\u00f3n de entrenamientos del Gran Premio de Bahr\u00e9in, disputada este jueves en el circuito de Sakhir. Dominante en las dos \u00faltimas temporadas, el holand\u00e9s lleg\u00f3 rodeado de expectativas en el primer d\u00eda de actividades oficiales de la categor\u00eda en 2024, pero termin\u00f3 a 0s477 de <strong>Lewis Hamilton<\/strong>, que lider\u00f3 la FP2 para Mercedes. Para el piloto de Red Bull, algunos equipos utilizaron un mapeo de motor orientado a la clasificaci\u00f3n, mientras que \u00e9l desarroll\u00f3 una puesta a punto m\u00e1s propia de la carrera.<\/p>\n\n\n\n<p class=\"wp-block-paragraph\">A pesar de sopesar las diferentes configuraciones entre los equipos, Verstappen cree que la sesi\u00f3n de clasificaci\u00f3n ser\u00e1 muy equilibrada, con muchos pilotos rodando muy cerca. Max logr\u00f3 la pole en la edici\u00f3n de 2023.<\/p>\n\n\n\n<p class=\"wp-block-paragraph\">&#8220;No ha ido mal, creo que estamos todos cerca. Probablemente alguien ya est\u00e9 usando mapeados m\u00e1s potentes en t\u00e9rminos de velocidad punta. Pero nos concentramos en nosotros mismos&#8221;, manifest\u00f3 Verstappen.<\/p>\n\n\n\n<p class=\"wp-block-paragraph\"><strong><em>\u00a1Todas las novedades te esperan en el canal de\u00a0<a href=\"https:\/\/www.youtube.com\/@GrandePremioES\" target=\"_blank\" rel=\"noreferrer noopener\">YouTube<\/a>\u00a0de Grande Pr\u00eamio en Espa\u00f1ol!<\/em><\/strong><\/p>\n\n\n\n<figure class=\"wp-block-image size-large\"><img decoding=\"async\" src=\"https:\/\/grandepremio.com\/es\/wp-content\/uploads\/2024\/02\/SI202402290529_hires_jpeg_24bit_rgb-1024x683.jpg\" alt=\"\" class=\"wp-image-232395\"\/><figcaption class=\"wp-element-caption\">Max Verstappen qued\u00f3 sexto en el segundo entrenamiento del GP de Bahr\u00e9in. (Foto: Getty Images \/ Red Bull Content Pool)<\/figcaption><\/figure>\n\n\n\n<p class=\"wp-block-paragraph\"><strong><em>\u00a1Seguinos en redes por\u00a0<a href=\"https:\/\/twitter.com\/grandepremioES\" target=\"_blank\" rel=\"noreferrer noopener\">Twitter\u00a0<\/a>e\u00a0<a href=\"https:\/\/www.instagram.com\/grandepremioes\/\" target=\"_blank\" rel=\"noreferrer noopener\">Instagram!<\/a><\/em><\/strong><br><strong><em>Adem\u00e1s, tenemos nuestro\u00a0<a href=\"https:\/\/whatsapp.com\/channel\/0029VaDZ5zb0gcfDxuwxBM05\" target=\"_blank\" rel=\"noreferrer noopener\">canal de Whatsapp<\/a>\u00a0con toda la informaci\u00f3n al instante<\/em><\/strong><\/p>\n\n\n\n<p class=\"wp-block-paragraph\">&#8220;No todo el mundo ha hecho eso [aumentar la potencia del motor], pero algunos sin duda lo han hecho. No estoy preocupado por la diferencia con la puesta a punto, pero todos estaremos cerca en la clasificaci\u00f3n, as\u00ed que ser\u00e1 divertido. En cuanto al ritmo de carrera, estoy contento, pero todav\u00eda hay algunas cosas que podemos mejorar&#8221;, a\u00f1adi\u00f3.<\/p>\n\n\n\n<p class=\"wp-block-paragraph\">Sin embargo, Verstappen se quej\u00f3 un poco de la puesta a punto del coche y utilizar\u00e1 la FP3 de este viernes para encontrar una mejor configuraci\u00f3n.<\/p>\n\n\n\n<p class=\"wp-block-paragraph\">&#8220;Hoy hemos tenido algunos problemas de equilibrio desde el tren delantero hacia el trasero, pero nada particularmente grande. S\u00f3lo es cuesti\u00f3n de encontrar la mejor configuraci\u00f3n, especialmente aqu\u00ed con este tipo de asfalto. Cuando encuentras esa ventana ideal, empiezas a bajar los tiempos, as\u00ed que intentaremos encontrar esas soluciones para ma\u00f1ana&#8221;, finaliz\u00f3 el tricampe\u00f3n. <\/p>\n\n\n\n<p class=\"wp-block-paragraph\"><\/p>\n","protected":false},"excerpt":{"rendered":"<p>Sexto el jueves, Max Verstappen consider\u00f3 que la clasificaci\u00f3n del GP de Bahr\u00e9in ser\u00e1 peleada, y se manifest\u00f3 conforme en relaci\u00f3n al ritmo de carrera de su RB20.  <\/p>\n","protected":false},"author":0,"featured_media":1010232396,"comment_status":"closed","ping_status":"closed","sticky":false,"template":"","format":"standard","meta":{"42wp_featured_image_caption":"","42wp_featured_image_credits":"","42wp_featured_video":"","42wp_featured_image_hidden":false,"42wp_authors_list":[],"footnotes":""},"categories":[5],"tags":[181,2249,179,1096,199,249,197,206],"42wp_author":[14223],"class_list":["post-15029","post","type-post","status-publish","format-standard","has-post-thumbnail","hentry","category-f1","tag-f1","tag-f1-2024","tag-formula-1","tag-gp-de-bahrein","tag-lewis-hamilton","tag-max-verstappen","tag-mercedes","tag-red-bull","42wp_author-esteban-nieto"],"_links":{"self":[{"href":"https:\/\/grandepremio.com\/es\/wp-json\/wp\/v2\/posts\/15029","targetHints":{"allow":["GET"]}}],"collection":[{"href":"https:\/\/grandepremio.com\/es\/wp-json\/wp\/v2\/posts"}],"about":[{"href":"https:\/\/grandepremio.com\/es\/wp-json\/wp\/v2\/types\/post"}],"replies":[{"embeddable":true,"href":"https:\/\/grandepremio.com\/es\/wp-json\/wp\/v2\/comments?post=15029"}],"version-history":[{"count":0,"href":"https:\/\/grandepremio.com\/es\/wp-json\/wp\/v2\/posts\/15029\/revisions"}],"wp:featuredmedia":[{"embeddable":true,"href":"https:\/\/grandepremio.com\/es\/wp-json\/wp\/v2\/media\/1010232396"}],"wp:attachment":[{"href":"https:\/\/grandepremio.com\/es\/wp-json\/wp\/v2\/media?parent=15029"}],"wp:term":[{"taxonomy":"category","embeddable":true,"href":"https:\/\/grandepremio.com\/es\/wp-json\/wp\/v2\/categories?post=15029"},{"taxonomy":"post_tag","embeddable":true,"href":"https:\/\/grandepremio.com\/es\/wp-json\/wp\/v2\/tags?post=15029"},{"taxonomy":"42wp_author","embeddable":true,"href":"https:\/\/grandepremio.com\/es\/wp-json\/wp\/v2\/42wp_author?post=15029"}],"curies":[{"name":"wp","href":"https:\/\/api.w.org\/{rel}","templated":true}]}}