{"id":15047,"date":"2024-02-28T12:55:39","date_gmt":"2024-02-28T15:55:39","guid":{"rendered":"https:\/\/grandepremio.com\/es\/2024\/02\/28\/red-bull-absuelve-horner-comportamiento-inadecuado-formula-1\/"},"modified":"2024-02-28T13:10:11","modified_gmt":"2024-02-28T16:10:11","slug":"red-bull-absuelve-horner-comportamiento-inadecuado-formula-1","status":"publish","type":"post","link":"https:\/\/grandepremio.com\/es\/f1\/red-bull-absuelve-horner-comportamiento-inadecuado-formula-1\/","title":{"rendered":"Red Bull toma decisi\u00f3n y absuelve a Horner tras investigaci\u00f3n por comportamiento inadecuado"},"content":{"rendered":"\n<p class=\"wp-block-paragraph\">La investigaci\u00f3n interna de<strong> Red Bull <\/strong>sobre el comportamiento inapropiado del jefe del equipo, <strong>Christian Horner <\/strong>est\u00e1 concluida. Y tras una audiencia y varias deliberaciones, la escuder\u00eda lleg\u00f3 a la conclusi\u00f3n de que las acusaciones son infundadas y no justifican la salida de su jefe de equipo en la F\u00f3rmula 1.<\/p>\n\n\n\n<p class=\"wp-block-paragraph\">&#8220;La investigaci\u00f3n independiente sobre las alegaciones presentadas contra el se\u00f1or Horner ha concluido y Red Bull puede confirmar que la queja ha sido rechazada&#8221;, expres\u00f3 el equipo en un comunicado. &#8220;El denunciante tiene derecho a apelar. Red Bull conf\u00eda en que la investigaci\u00f3n fue exhaustiva e imparcial&#8221;, continu\u00f3.<\/p>\n\n\n\n<p class=\"wp-block-paragraph\">&#8220;El informe de la investigaci\u00f3n es confidencial y contiene informaci\u00f3n privada de las partes y de terceros que colaboraron en la investigaci\u00f3n, por lo que no haremos m\u00e1s comentarios respecto a todos los implicados&#8221;, concluy\u00f3 Red Bull.<\/p>\n\n\n\n<figure class=\"wp-block-image size-full\"><img decoding=\"async\" src=\"https:\/\/grandepremio.com\/es\/wp-content\/uploads\/2024\/02\/image-85.png\" alt=\"\" class=\"wp-image-232235\"\/><figcaption class=\"wp-element-caption\">Christian Horner seguir\u00e1 al frente de Red Bull. (Foto: Red Bull)<\/figcaption><\/figure>\n\n\n\n<p class=\"wp-block-paragraph\">La decisi\u00f3n se tom\u00f3 con mucha la proximidad al inicio del calendario 2024 de la m\u00e1xima categor\u00eda. La escuder\u00eda austr\u00edaca ya present\u00f3 el RB20 y particip\u00f3 de los tests de pretemporada incluso con la presencia del directivo, que estuvo en los boxes sin la vestimenta oficial de la escuder\u00eda. Durante los ensayos, Horner evit\u00f3 hablar del tema y pidi\u00f3 que su situaci\u00f3n se aclare lo antes posible.<\/p>\n\n\n\n<p class=\"wp-block-paragraph\">La investigaci\u00f3n fue dada a conocer en un primer momento por el portal neerland\u00e9s De Telegraaf, que public\u00f3 que el brit\u00e1nico se hab\u00eda manifestado de manera inapropiada con un miembro del equipo, y que el jefe del departamento deportivo de Red Bull, Oliver Mintzlaff, ya hab\u00eda sido informado de las acusaciones y se estaba tomando el asunto &#8220;en serio&#8221;.<\/p>\n\n\n\n<p class=\"wp-block-paragraph\">El diario Bild revel\u00f3 que las investigaciones comenzaron despu\u00e9s de que Red Bull se enterara de que Horner hab\u00eda enviado fotos a una empleada, en algo que &#8220;cruz\u00f3 la l\u00ednea&#8221;. El brit\u00e1nico, sin embargo, neg\u00f3 todas las acusaciones.<\/p>\n\n\n\n<p class=\"wp-block-paragraph\"><strong><em>\u00a1Todas las novedades te esperan en el canal de&nbsp;<a href=\"https:\/\/www.youtube.com\/@GrandePremioES\" target=\"_blank\" rel=\"noreferrer noopener\">YouTube<\/a>&nbsp;de Grande Pr\u00eamio en Espa\u00f1ol!<\/em><\/strong><\/p>\n\n\n\n<figure class=\"wp-block-image size-full\"><img decoding=\"async\" src=\"https:\/\/grandepremio.com\/es\/wp-content\/uploads\/2024\/02\/image-71.png\" alt=\"\" class=\"wp-image-232039\"\/><figcaption class=\"wp-element-caption\">Christian Horner estuvo en los tests de pretemporada de la F\u00f3rmula 1, aunque sin la vestimenta de Red Bull. (Foto: AFP)<\/figcaption><\/figure>\n\n\n\n<p class=\"wp-block-paragraph\"><strong><em>\u00a1Seguinos en redes por&nbsp;<a href=\"https:\/\/twitter.com\/grandepremioES\" target=\"_blank\" rel=\"noreferrer noopener\">Twitter&nbsp;<\/a>e&nbsp;<a href=\"https:\/\/www.instagram.com\/grandepremioes\/\" target=\"_blank\" rel=\"noreferrer noopener\">Instagram!<\/a><\/em><\/strong><br><strong><em>Adem\u00e1s, tenemos nuestro&nbsp;<a href=\"https:\/\/whatsapp.com\/channel\/0029VaDZ5zb0gcfDxuwxBM05\" target=\"_blank\" rel=\"noreferrer noopener\">canal de Whatsapp<\/a>&nbsp;con toda la informaci\u00f3n al instante<\/em><\/strong><\/p>\n\n\n\n<p class=\"wp-block-paragraph\">Se lleg\u00f3 a rumorear que Jonathan Wheatley pod\u00eda ser el principal candidato al puesto de Horner. Otro miembro de Red Bull que fue tanteado para el cargo fue el propio Mintzlaff, que antiguamente fue directivo del club Red Bull Leipzig alem\u00e1n.<\/p>\n\n\n\n<p class=\"wp-block-paragraph\">Horner est\u00e1 al frente de Red Bull desde la fundaci\u00f3n del equipo en la F\u00f3rmula 1 en 2005, y fue una pieza clave en la obtenci\u00f3n de seis t\u00edtulos de constructores y siete de pilotos. Lider\u00f3 la primera gran dinast\u00eda del equipo, que gan\u00f3 cuatro t\u00edtulos seguidos entre 2010 y 2013 con el alem\u00e1n <strong>Sebastian Vettel.<\/strong><\/p>\n\n\n\n<p class=\"wp-block-paragraph\">Tambi\u00e9n es en gran parte responsable de las incre\u00edbles campa\u00f1as de los \u00faltimos tres a\u00f1os, que culminaron con tres t\u00edtulos para <strong>Max Verstappen <\/strong>y dos victorias en el Mundial de Constructores. En 2023, la escuder\u00eda puso en pista el auto m\u00e1s dominante de la historia, que termin\u00f3 la temporada con 860 puntos y 21 victorias en 22 carreras.<\/p>\n\n\n\n<p class=\"wp-block-paragraph\">La <strong>F\u00f3rmula 1 <\/strong>retornar\u00e1 esta semana, con el <strong>GP de Bahr\u00e9in<\/strong> en el circuito de Sakhir.<\/p>\n","protected":false},"excerpt":{"rendered":"<p>Luego de llevar a cabo una investigaci\u00f3n por &#8220;comportamiento inapropiado&#8221;, Red Bull decidi\u00f3 absolver y mantener en su puesto a Christian Horner a d\u00edas del inicio de la temporada de F\u00f3rmula 1.<\/p>\n","protected":false},"author":0,"featured_media":1010231394,"comment_status":"closed","ping_status":"closed","sticky":false,"template":"","format":"standard","meta":{"42wp_featured_image_caption":"","42wp_featured_image_credits":"","42wp_featured_video":"","42wp_featured_image_hidden":false,"42wp_authors_list":[],"footnotes":""},"categories":[5],"tags":[1336,181,2249,179,2259,206],"42wp_author":[14223],"class_list":["post-15047","post","type-post","status-publish","format-standard","has-post-thumbnail","hentry","category-f1","tag-christian-horner","tag-f1","tag-f1-2024","tag-formula-1","tag-formula-1-2024","tag-red-bull","42wp_author-esteban-nieto"],"_links":{"self":[{"href":"https:\/\/grandepremio.com\/es\/wp-json\/wp\/v2\/posts\/15047","targetHints":{"allow":["GET"]}}],"collection":[{"href":"https:\/\/grandepremio.com\/es\/wp-json\/wp\/v2\/posts"}],"about":[{"href":"https:\/\/grandepremio.com\/es\/wp-json\/wp\/v2\/types\/post"}],"replies":[{"embeddable":true,"href":"https:\/\/grandepremio.com\/es\/wp-json\/wp\/v2\/comments?post=15047"}],"version-history":[{"count":0,"href":"https:\/\/grandepremio.com\/es\/wp-json\/wp\/v2\/posts\/15047\/revisions"}],"wp:featuredmedia":[{"embeddable":true,"href":"https:\/\/grandepremio.com\/es\/wp-json\/wp\/v2\/media\/1010231394"}],"wp:attachment":[{"href":"https:\/\/grandepremio.com\/es\/wp-json\/wp\/v2\/media?parent=15047"}],"wp:term":[{"taxonomy":"category","embeddable":true,"href":"https:\/\/grandepremio.com\/es\/wp-json\/wp\/v2\/categories?post=15047"},{"taxonomy":"post_tag","embeddable":true,"href":"https:\/\/grandepremio.com\/es\/wp-json\/wp\/v2\/tags?post=15047"},{"taxonomy":"42wp_author","embeddable":true,"href":"https:\/\/grandepremio.com\/es\/wp-json\/wp\/v2\/42wp_author?post=15047"}],"curies":[{"name":"wp","href":"https:\/\/api.w.org\/{rel}","templated":true}]}}