{"id":15048,"date":"2024-02-28T12:29:24","date_gmt":"2024-02-28T15:29:24","guid":{"rendered":"https:\/\/grandepremio.com\/es\/2024\/02\/28\/verstappen-niega-verse-afectado-por-el-caso-horner-y-espera-solucion-pronto\/"},"modified":"2024-02-28T12:29:30","modified_gmt":"2024-02-28T15:29:30","slug":"verstappen-niega-verse-afectado-por-el-caso-horner-y-espera-solucion-pronto","status":"publish","type":"post","link":"https:\/\/grandepremio.com\/es\/f1\/verstappen-niega-verse-afectado-por-el-caso-horner-y-espera-solucion-pronto\/","title":{"rendered":"Verstappen niega verse afectado por el &#8216;Caso Horner&#8217; y espera soluci\u00f3n &#8220;pronto&#8221;"},"content":{"rendered":"\n<p class=\"wp-block-paragraph\">La <strong>temporada 2024 de F\u00f3rmula 1<\/strong> comenzar\u00e1 con un claro favorito para el t\u00edtulo. <strong>Max Verstappen<\/strong> tiene tres victorias consecutivas y entra al campeonato casi como un tetracampe\u00f3n en construcci\u00f3n, pero no sin obst\u00e1culos. <strong>Red Bull<\/strong>, despu\u00e9s de todo, enfrenta una delicada cuesti\u00f3n que podr\u00eda afectar al equipo: el &#8216;<strong>Caso Horner<\/strong>&#8216;. Sin embargo, Verstappen <strong>asegura que no le preocupa en absoluto<\/strong>.<\/p>\n\n\n\n<p class=\"wp-block-paragraph\">\u23e9&nbsp;<strong><em>\u00a1Seguinos en redes por&nbsp;<a href=\"https:\/\/twitter.com\/grandepremioES\" target=\"_blank\" rel=\"noreferrer noopener\">Twitter&nbsp;<\/a>e&nbsp;<a href=\"https:\/\/www.instagram.com\/grandepremioes\/\" target=\"_blank\" rel=\"noreferrer noopener\">Instagram!<\/a><\/em><\/strong><br><strong>\u23e9<\/strong>&nbsp;<strong><em>Adem\u00e1s, tenemos nuestro&nbsp;<a href=\"https:\/\/whatsapp.com\/channel\/0029VaDZ5zb0gcfDxuwxBM05\" target=\"_blank\" rel=\"noreferrer noopener\">canal de Whatsapp<\/a>&nbsp;con toda la informaci\u00f3n al instante<\/em><\/strong>&nbsp;\ud83c\udfc1<\/p>\n\n\n\n<p class=\"wp-block-paragraph\">Seg\u00fan Verstappen s\u00f3lo queda esperar que el caso se resuelva sin m\u00e1s demoras. &#8220;No me afecta&#8221;, asegur\u00f3. &#8220;Estoy concentrado en m\u00ed mismo y en conducir el auto. <strong>Espero que se resuelva muy pronto<\/strong>&#8220;, puntualiz\u00f3.<\/p>\n\n\n\n<h2 class=\"wp-block-heading\"><strong>Entendiendo el Caso Horner:<\/strong><\/h2>\n\n\n\n<figure class=\"wp-block-image size-full\"><img decoding=\"async\" src=\"https:\/\/grandepremio.com\/es\/wp-content\/uploads\/2024\/02\/image-84.png\" alt=\"\" class=\"wp-image-232234\"\/><figcaption class=\"wp-element-caption\">Christian<strong> <\/strong>Horner todav\u00eda es el jefe de Red Bull, incluso bajo investigaci\u00f3n (Foto: Red Bull Content Pool) <\/figcaption><\/figure>\n\n\n\n<p class=\"wp-block-paragraph\">Seg\u00fan la revista inglesa Autosport, <strong>Horner se dirige a Bahrein <\/strong>con la intenci\u00f3n de liderar el equipo normalmente durante el fin de semana. Desde el martes pasado, la informaci\u00f3n era que la resoluci\u00f3n del &#8216;<strong>Caso Horner<\/strong>&#8216; estaba a punto de resolverse de manera inminente. El d\u00eda anterior, <strong>Red Bull <\/strong>se preparaba para informar la decisi\u00f3n antes del <strong>Gran Premio de Bahrein<\/strong>, pero las cosas evolucionaron el martes. El investigador independiente contratado por el equipo entreg\u00f3 el resultado final de la investigaci\u00f3n, que ya pod\u00eda ser analizado por <strong>Red Bull<\/strong>.<\/p>\n\n\n\n<p class=\"wp-block-paragraph\">La informaci\u00f3n proviene de la cadena de televisi\u00f3n inglesa Sky Sports. Seg\u00fan el informe, el documento es extenso y tiene &#8220;mucho m\u00e1s&#8221; de 100 p\u00e1ginas. Con el informe de la investigaci\u00f3n en manos, <strong>Red Bull ahora tiene los elementos necesarios para definir el futuro de<\/strong> <strong>Horner<\/strong>.<\/p>\n\n\n\n<p class=\"wp-block-paragraph\">La expectativa, de hecho, es que la decisi\u00f3n se tome antes del inicio de las actividades en <strong>Bahrein<\/strong>, el jueves con los entrenamientos libres.<\/p>\n\n\n\n<p class=\"wp-block-paragraph\">\ud83d\udfe5&nbsp;<strong><em>\u00a1Todas las novedades te esperan en el canal de&nbsp;<a href=\"https:\/\/www.youtube.com\/@GrandePremioES\" target=\"_blank\" rel=\"noreferrer noopener\">YouTube<\/a>&nbsp;de Grande Pr\u00eamio en Espa\u00f1ol!<\/em><\/strong>&nbsp;\ud83d\udfe8<\/p>\n\n\n\n<p class=\"wp-block-paragraph\">A pesar de la presi\u00f3n que existe sobre el desenlace del caso, la cadena menciona que no se espera que el resultado venga acompa\u00f1ado de muchos detalles y &#8220;c<strong>ualquier comunicado de Red Bull tiende a reflejar que hubo una investigaci\u00f3n amplia y justa<\/strong>, pero la cuesti\u00f3n de la confidencialidad limitar\u00e1 la cantidad de informaci\u00f3n compartida&#8221;. La investigaci\u00f3n, despu\u00e9s de todo, era interna.<\/p>\n\n\n\n<figure class=\"wp-block-image size-full\"><img decoding=\"async\" src=\"https:\/\/grandepremio.com\/es\/wp-content\/uploads\/2024\/02\/image-85.png\" alt=\"\" class=\"wp-image-232235\"\/><figcaption class=\"wp-element-caption\">Christian Horner apareci\u00f3 sin uniforme en las pruebas en Bahr\u00e9in (Foto: AFP)<\/figcaption><\/figure>\n\n\n\n<p class=\"wp-block-paragraph\">Horner es el jefe de equipo que lleva m\u00e1s tiempo en el cargo en la F\u00f3rmula 1: desde que Red Bull ingres\u00f3 al grid, despu\u00e9s de comprar Jaguar, en 2005.<\/p>\n\n\n\n<p class=\"wp-block-paragraph\"><strong>Red Bull GmbH<\/strong> abri\u00f3 una investigaci\u00f3n sobre Horner en febrero con acusaciones de &#8220;comportamiento inapropiado&#8221; provenientes de una empleada. El jefe del equipo fue interrogado durante 60 horas. El informe entregado a la direcci\u00f3n de<strong> Red Bull <\/strong>tiene m\u00e1s de 100 p\u00e1ginas. <\/p>\n\n\n\n<p class=\"wp-block-paragraph\">El diario neerland\u00e9s De Telegraaf lleg\u00f3 a decir que, en realidad, Horner estaba siendo acusado de acoso sexual y que intent\u00f3 llegar a un acuerdo con la denunciante, quien lo rechaz\u00f3. Seg\u00fan la publicaci\u00f3n alemana Motorsport-Total, Christian tomar\u00e1 medidas legales contra De Telegraaf debido a la noticia.<\/p>\n\n\n\n<p class=\"wp-block-paragraph\">El evento de lanzamiento del nuevo coche de los toros inevitablente tambi\u00e9n repercuti\u00f3 en el &#8216;<strong>Caso Horner<\/strong>&#8216;. El actual tricampe\u00f3n de la <strong>F1<\/strong>, <strong>Max Verstappen<\/strong>, neg\u00f3 los rumores de que su relaci\u00f3n con el jefe se haya deteriorado, afirmando que &#8220;la relaci\u00f3n sigue siendo la misma de siempre. No s\u00e9 qui\u00e9n gusta de escribir este tipo de cosas. Christian y yo estamos como siempre&#8221;.<\/p>\n\n\n\n<p class=\"wp-block-paragraph\">En medio de las investigaciones, Horner estuvo presente en el <em>paddock<\/em> durante las pruebas de pretemporada en <strong>Bahrein<\/strong>, realizadas la semana pasada. El brit\u00e1nico neg\u00f3 todas las acusaciones y ya declar\u00f3 que cree que seguir\u00e1 en el cargo. &#8220;S\u00ed, absolutamente&#8221;, respondi\u00f3 Horner a la cadena ESPN, cuando se le pregunt\u00f3 si a\u00fan ocupar\u00e1 el cargo de jefe en Bahrein. <\/p>\n\n\n\n<p class=\"wp-block-paragraph\">&#8220;Obviamente, hay un proceso en marcha, pero estoy muy enfocado en la temporada que se avecina&#8221;, agreg\u00f3.<\/p>\n\n\n\n<p class=\"wp-block-paragraph\">Otras escuder\u00edas tambi\u00e9n se manifestaron durante las pruebas en Bahrein. <strong>Zak Brown<\/strong>, director ejecutivo de <strong>McLaren<\/strong>, afirm\u00f3 que el caso era una &#8220;noticia que la F1 no necesita&#8221; y pidi\u00f3 rapidez en la resoluci\u00f3n. Mientras que <strong>Toto Wolff<\/strong>, jefe de <strong>Mercedes<\/strong>, pidi\u00f3 que la F1 aprenda de la situaci\u00f3n y que la conclusi\u00f3n sea justa y clara para todos. Adem\u00e1s, <strong>Ford<\/strong>, socio de Red Bull desde 2026, tambi\u00e9n critic\u00f3 la &#8220;falta de transparencia&#8221; con la que se ha manejado la cuesti\u00f3n.<\/p>\n\n\n\n<p class=\"wp-block-paragraph\">La <strong>F\u00f3rmula 1 <\/strong>inicia la temporada 2024 este fin de semana, del 29 de febrero al 2 de marzo, con el<strong> Gran Premio de Bahrein<\/strong>. <\/p>\n","protected":false},"excerpt":{"rendered":"<p>Max Verstappen asegur\u00f3 que no se ve afectado por la situaci\u00f3n del &#8216;Caso Horner&#8217;, que podr\u00eda provocar cambios en la estructura del equipo.<\/p>\n","protected":false},"author":0,"featured_media":1010231830,"comment_status":"closed","ping_status":"closed","sticky":false,"template":"","format":"standard","meta":{"42wp_featured_image_caption":"","42wp_featured_image_credits":"","42wp_featured_video":"","42wp_featured_image_hidden":false,"42wp_authors_list":[],"footnotes":""},"categories":[5],"tags":[181,179,1488,249,9712,206,9821,9964],"42wp_author":[14235],"class_list":["post-15048","post","type-post","status-publish","format-standard","has-post-thumbnail","hentry","category-f1","tag-f1","tag-formula-1","tag-grande-premio","tag-max-verstappen","tag-rb20","tag-red-bull","tag-verstappen-2024","tag-verstappen-tricampeon","42wp_author-barbara-mincioni"],"_links":{"self":[{"href":"https:\/\/grandepremio.com\/es\/wp-json\/wp\/v2\/posts\/15048","targetHints":{"allow":["GET"]}}],"collection":[{"href":"https:\/\/grandepremio.com\/es\/wp-json\/wp\/v2\/posts"}],"about":[{"href":"https:\/\/grandepremio.com\/es\/wp-json\/wp\/v2\/types\/post"}],"replies":[{"embeddable":true,"href":"https:\/\/grandepremio.com\/es\/wp-json\/wp\/v2\/comments?post=15048"}],"version-history":[{"count":0,"href":"https:\/\/grandepremio.com\/es\/wp-json\/wp\/v2\/posts\/15048\/revisions"}],"wp:featuredmedia":[{"embeddable":true,"href":"https:\/\/grandepremio.com\/es\/wp-json\/wp\/v2\/media\/1010231830"}],"wp:attachment":[{"href":"https:\/\/grandepremio.com\/es\/wp-json\/wp\/v2\/media?parent=15048"}],"wp:term":[{"taxonomy":"category","embeddable":true,"href":"https:\/\/grandepremio.com\/es\/wp-json\/wp\/v2\/categories?post=15048"},{"taxonomy":"post_tag","embeddable":true,"href":"https:\/\/grandepremio.com\/es\/wp-json\/wp\/v2\/tags?post=15048"},{"taxonomy":"42wp_author","embeddable":true,"href":"https:\/\/grandepremio.com\/es\/wp-json\/wp\/v2\/42wp_author?post=15048"}],"curies":[{"name":"wp","href":"https:\/\/api.w.org\/{rel}","templated":true}]}}