{"id":15052,"date":"2024-02-28T10:19:43","date_gmt":"2024-02-28T13:19:43","guid":{"rendered":"https:\/\/grandepremio.com\/es\/2024\/02\/28\/christian-horner-viaja-bahrein-red-bull-formula-1\/"},"modified":"2024-02-28T10:28:42","modified_gmt":"2024-02-28T13:28:42","slug":"christian-horner-viaja-bahrein-red-bull-formula-1","status":"publish","type":"post","link":"https:\/\/grandepremio.com\/es\/f1\/christian-horner-viaja-bahrein-red-bull-formula-1\/","title":{"rendered":"Horner viaja para comandar a Red Bull en Bahr\u00e9in en medio de dudas sobre su futuro"},"content":{"rendered":"\n<p class=\"wp-block-paragraph\"><a href=\"https:\/\/grandepremio.com\/es\/f1\/red-bull-recibe-resultados-investigacion-horner-decision-inminente\/\">El mundo de la<strong> F\u00f3rmula 1<\/strong> espera en las pr\u00f3ximas horas la definici\u00f3n de <strong>Red Bull<\/strong> sobre el &#8220;<strong>Caso Horner<\/strong>&#8220;<\/a>. Mientras tanto, sin embargo,<strong> Christian Horner<\/strong> viaja a Bahr\u00e9in y se prepara para actuar con normalidad como director del equipo de las bebidas energ\u00e9ticas en la apertura de la<strong> temporada 2024.<\/strong><\/p>\n\n\n\n<p class=\"wp-block-paragraph\">La informaci\u00f3n procede de la revista brit\u00e1nica Autosport. Seg\u00fan la publicaci\u00f3n, la elecci\u00f3n de viajar el mi\u00e9rcoles, d\u00eda de contacto con los medios de comunicaci\u00f3n, demuestra que Horner se perder\u00e1 las actividades del equipo con la prensa. Sin embargo, no es inusual: el jefe de Red Bull suele perderse estas jornadas en eventos lejos de Europa.<\/p>\n\n\n\n<p class=\"wp-block-paragraph\">Desde el pasado martes, las informaciones apuntaban a que el desenlace del &#8220;Caso Horner&#8221; estaba a punto de resolverse de forma inminente. El detective independiente contratado por el equipo ya entreg\u00f3 el resultado final de la investigaci\u00f3n, que ahora es analizado por la casa matriz de la empresa Red Bull, sin ninguna injerencia del equipo de F\u00f3rmula 1.<\/p>\n\n\n\n<p class=\"wp-block-paragraph\">La informaci\u00f3n procede del canal de televisi\u00f3n ingl\u00e9s Sky Sports. Seg\u00fan el informe, el documento es extenso y tiene &#8220;muchas m\u00e1s&#8221; que 100 p\u00e1ginas. Con el dictamen de la investigaci\u00f3n en la mano, la empresa tiene ahora los elementos necesarios para definir el futuro del jefe del equipo, Christian Horner. <\/p>\n\n\n\n<p class=\"wp-block-paragraph\"><strong><em>\u00a1Todas las novedades te esperan en el canal de\u00a0<a href=\"https:\/\/www.youtube.com\/@GrandePremioES\" target=\"_blank\" rel=\"noreferrer noopener\">YouTube<\/a>\u00a0de Grande Pr\u00eamio en Espa\u00f1ol!<\/em><\/strong> <\/p>\n\n\n\n<figure class=\"wp-block-image size-full\"><img decoding=\"async\" src=\"https:\/\/grandepremio.com\/es\/wp-content\/uploads\/2024\/02\/image-71.png\" alt=\"\" class=\"wp-image-232039\"\/><figcaption class=\"wp-element-caption\">Christian Horner estuvo en los tests de pretemporada de la F\u00f3rmula 1, aunque sin la vestimenta de Red Bull. (Foto: AFP)<\/figcaption><\/figure>\n\n\n\n<p class=\"wp-block-paragraph\">La expectativa, de hecho, es que la decisi\u00f3n se tome antes del inicio del cronograma de la carrera en Bahr\u00e9in, que comienza el jueves con los entrenamientos libres.<\/p>\n\n\n\n<p class=\"wp-block-paragraph\">A pesar de la larga espera para conocer el resultado del caso, la emisora inglesa apunta que no se espera que el resultado vaya acompa\u00f1ado de muchos detalles y &#8220;cualquier declaraci\u00f3n de Red Bull tiende a reflejar que hubo una investigaci\u00f3n amplia y justa, pero la cuesti\u00f3n de la confidencialidad debe limitar la cantidad de informaci\u00f3n compartida&#8221;. La investigaci\u00f3n, despu\u00e9s de todo, fue interna.<\/p>\n\n\n\n<p class=\"wp-block-paragraph\">Horner es el jefe de equipo que m\u00e1s tiempo lleva en la F\u00f3rmula 1: desde que Red Bull se uni\u00f3 a la parrilla tras comprar Jaguar en 2005.<\/p>\n\n\n\n<p class=\"wp-block-paragraph\">Red Bull GmbH abri\u00f3 una investigaci\u00f3n a Horner en febrero tras las acusaciones de &#8220;comportamiento inapropiado&#8221; hacia un miembro del equipo. Por este motivo, el directivo se someti\u00f3 a 60 horas de interrogatorio. El informe presentado a la direcci\u00f3n de Red Bull tiene m\u00e1s de 100 p\u00e1ginas. El diario holand\u00e9s De Telegraaf lleg\u00f3 a afirmar que Horner estaba siendo acusado de acoso sexual y que intent\u00f3 llegar a un acuerdo con la denunciante, que se neg\u00f3. Seg\u00fan la publicaci\u00f3n alemana Motorsport-Total, Christian va a emprender acciones legales contra De Telegraaf por la noticia. <\/p>\n\n\n\n<p class=\"wp-block-paragraph\"><strong><em>\u00a1Seguinos en redes por\u00a0<a href=\"https:\/\/twitter.com\/grandepremioES\" target=\"_blank\" rel=\"noreferrer noopener\">Twitter\u00a0<\/a>e\u00a0<a href=\"https:\/\/www.instagram.com\/grandepremioes\/\" target=\"_blank\" rel=\"noreferrer noopener\">Instagram!<\/a><\/em><\/strong><br><strong><em>Adem\u00e1s, tenemos nuestro\u00a0<a href=\"https:\/\/whatsapp.com\/channel\/0029VaDZ5zb0gcfDxuwxBM05\" target=\"_blank\" rel=\"noreferrer noopener\">canal de Whatsapp<\/a>\u00a0con toda la informaci\u00f3n al instante<\/em><\/strong><\/p>\n\n\n\n<figure class=\"wp-block-image size-large\"><img decoding=\"async\" src=\"https:\/\/grandepremio.com\/es\/wp-content\/uploads\/2024\/02\/000_34JU9R4-1024x683.jpg\" alt=\"\" class=\"wp-image-231830\"\/><figcaption class=\"wp-element-caption\">Max Verstappen opin\u00f3 sobre el &#8220;Caso Horner&#8221; (Foto: AFP)<\/figcaption><\/figure>\n\n\n\n<p class=\"wp-block-paragraph\">El acto de presentaci\u00f3n del nuevo coche de Red Bull tuvo inevitablemente repercusiones en el &#8220;asunto Horner&#8221;. El actual tricampe\u00f3n de <strong>F1 Max Verstappen<\/strong> neg\u00f3 los rumores de que la relaci\u00f3n con su jefe se hubiera afectado, afirmando que el v\u00ednculo &#8220;sigue siendo el mismo de siempre. No s\u00e9 a qui\u00e9n le gusta escribir ese tipo de cosas. Christian y yo somos los mismos de siempre&#8221;<\/p>\n\n\n\n<p class=\"wp-block-paragraph\">En medio de las investigaciones, Horner estuvo presente en el paddock durante los test de pretemporada en Bahrein la semana pasada. El brit\u00e1nico neg\u00f3 todas las acusaciones y afirm\u00f3 que cree que puede seguir en el puesto. &#8220;S\u00ed, absolutamente&#8221;, declar\u00f3 Horner a ESPN, tras ser preguntado si seguir\u00eda al frente del equipo en el GP de Bahrein.&#8221;Obviamente hay un proceso en marcha, pero estoy muy centrado en la temporada que tenemos por delante&#8221;, a\u00f1adi\u00f3.<\/p>\n\n\n\n<p class=\"wp-block-paragraph\">Otros equipos tambi\u00e9n se pronunciaron durante los entrenamientos en Bahr\u00e9in. <strong>Zak Brown, <\/strong>director ejecutivo de McLaren, dijo que el caso era &#8220;un titular que la F1 no necesita&#8221; y pidi\u00f3 un r\u00e1pido desenlace. El jefe de Mercedes, <strong>Toto Wolff,<\/strong> pidi\u00f3 que la F1 aprenda del asunto y que la conclusi\u00f3n sea justa y clara para todos. <strong>Ford,<\/strong> socio de Red Bull para los motores de 2026, tambi\u00e9n critic\u00f3 la &#8220;falta de transparencia&#8221; con la que se ha tratado el tema.<\/p>\n\n\n\n<p class=\"wp-block-paragraph\">La <strong>F\u00f3rmula 1<\/strong> abrir\u00e1 su temporada 2024 el pr\u00f3ximo fin de semana, entre el 29 de febrero y el 2 de marzo, con el<strong> Gran Premio de Bahr\u00e9in. GRANDE PREMIO en Espa\u00f1ol <\/strong>cubrir\u00e1 la competencia de manera completa.<\/p>\n","protected":false},"excerpt":{"rendered":"<p>Sin ninguna informaci\u00f3n oficial por parte de Red Bull respecto a la definici\u00f3n del &#8220;Caso Horner&#8221;, el jefe de equipo de la escuder\u00eda austr\u00edaca emprende su viaje a Bahr\u00e9in para comandar al equipo durante el primer fin de semana de F1. <\/p>\n","protected":false},"author":0,"featured_media":1010231443,"comment_status":"closed","ping_status":"closed","sticky":false,"template":"","format":"standard","meta":{"42wp_featured_image_caption":"","42wp_featured_image_credits":"","42wp_featured_video":"","42wp_featured_image_hidden":false,"42wp_authors_list":[],"footnotes":""},"categories":[5],"tags":[9877,1336,181,2249,179,2259,249,206],"42wp_author":[14223],"class_list":["post-15052","post","type-post","status-publish","format-standard","has-post-thumbnail","hentry","category-f1","tag-caso-horner","tag-christian-horner","tag-f1","tag-f1-2024","tag-formula-1","tag-formula-1-2024","tag-max-verstappen","tag-red-bull","42wp_author-esteban-nieto"],"_links":{"self":[{"href":"https:\/\/grandepremio.com\/es\/wp-json\/wp\/v2\/posts\/15052","targetHints":{"allow":["GET"]}}],"collection":[{"href":"https:\/\/grandepremio.com\/es\/wp-json\/wp\/v2\/posts"}],"about":[{"href":"https:\/\/grandepremio.com\/es\/wp-json\/wp\/v2\/types\/post"}],"replies":[{"embeddable":true,"href":"https:\/\/grandepremio.com\/es\/wp-json\/wp\/v2\/comments?post=15052"}],"version-history":[{"count":0,"href":"https:\/\/grandepremio.com\/es\/wp-json\/wp\/v2\/posts\/15052\/revisions"}],"wp:featuredmedia":[{"embeddable":true,"href":"https:\/\/grandepremio.com\/es\/wp-json\/wp\/v2\/media\/1010231443"}],"wp:attachment":[{"href":"https:\/\/grandepremio.com\/es\/wp-json\/wp\/v2\/media?parent=15052"}],"wp:term":[{"taxonomy":"category","embeddable":true,"href":"https:\/\/grandepremio.com\/es\/wp-json\/wp\/v2\/categories?post=15052"},{"taxonomy":"post_tag","embeddable":true,"href":"https:\/\/grandepremio.com\/es\/wp-json\/wp\/v2\/tags?post=15052"},{"taxonomy":"42wp_author","embeddable":true,"href":"https:\/\/grandepremio.com\/es\/wp-json\/wp\/v2\/42wp_author?post=15052"}],"curies":[{"name":"wp","href":"https:\/\/api.w.org\/{rel}","templated":true}]}}