{"id":1507,"date":"2026-04-30T12:03:28","date_gmt":"2026-04-30T15:03:28","guid":{"rendered":"https:\/\/grandepremio.com\/es\/2026\/04\/30\/aprilia-mantiene-desarrollo-lucha-titulo\/"},"modified":"2026-04-30T12:03:32","modified_gmt":"2026-04-30T15:03:32","slug":"aprilia-mantiene-desarrollo-lucha-titulo","status":"publish","type":"post","link":"https:\/\/grandepremio.com\/es\/motogp\/aprilia-mantiene-desarrollo-lucha-titulo\/","title":{"rendered":"Aprilia mantiene el desarrollo para la moto de 850cc en plena lucha por el t\u00edtulo"},"content":{"rendered":"\n<p class=\"wp-block-paragraph\">Ha pasado no solo el <strong>GP de Espa\u00f1a<\/strong> de <strong>MotoGP<\/strong>, que vio a <strong>Marco Bezzecchi<\/strong> en el podio, sino que, tambi\u00e9n, los primeros tests con la moto de 850cc que se pondr\u00e1 en pista el a\u00f1o que viene en la m\u00e1xima categor\u00eda del motociclismo. A pesar de que el italiano lucha por el t\u00edtulo de 2026, nada cambi\u00f3 en el fabricante italiano.<\/p>\n\n\n\n<p class=\"wp-block-paragraph\">\ud83d\udfe5&nbsp;<strong><em>\u00a1Todas las novedades te esperan en el canal de&nbsp;<\/em><\/strong><a href=\"https:\/\/www.youtube.com\/@GrandePremioES\"><em>YouTube<\/em><\/a><strong><em>&nbsp;de Grande Pr\u00eamio en Espa\u00f1ol!<\/em><\/strong>&nbsp;\ud83d\udfe8<\/p>\n\n\n\n<p class=\"wp-block-paragraph\"><strong>Fabiano Sterlacchini<\/strong>, el director t\u00e9cnico de <strong>Aprilia<\/strong>, dijo que, aunque el fabricante est\u00e1 teniendo<em> &#8220;m\u00e1s \u00e9xito del esperado&#8221;<\/em> este a\u00f1o, el plan inicial se est\u00e1 desarrollando seg\u00fan lo previsto. Hay que mencionar que este a\u00f1o es el \u00faltimo de los motores de 1000cc y se producir\u00e1n para 2027 varios cambios aerodin\u00e1micos, un nuevo fabricante de neum\u00e1ticos y combustibles 100% sostenibles.<\/p>\n\n\n\n<p class=\"wp-block-paragraph\">Debido a esta situaci\u00f3n, los fabricantes tienen que desarrollar las motos de 2026 y de 2027 a la par, aunque no hay evoluci\u00f3n de motores para este a\u00f1o, con excepci\u00f3n del Grupo D del <em>sistema de concesiones<\/em>. Fue justamente este sistema el que le permiti\u00f3 a Aprilia alcanzar a <strong>Ducati <\/strong>y superarlos en 2026, liderando el campeonato de pilotos con Bezzecchi, el campeonato de constructores y de equipos con la escuder\u00eda oficial.<\/p>\n\n\n\n<figure class=\"wp-block-embed is-type-video is-provider-youtube wp-block-embed-youtube wp-embed-aspect-16-9 wp-has-aspect-ratio\"><div class=\"wp-block-embed__wrapper\">\n<iframe loading=\"lazy\" title=\"GP DE MIAMI 2026 - LA PREVIA\" width=\"500\" height=\"281\" src=\"https:\/\/www.youtube.com\/embed\/RaEoPAMpMz0?feature=oembed\" frameborder=\"0\" allow=\"accelerometer; autoplay; clipboard-write; encrypted-media; gyroscope; picture-in-picture; web-share\" referrerpolicy=\"strict-origin-when-cross-origin\" allowfullscreen><\/iframe>\n<\/div><\/figure>\n\n\n\n<p class=\"wp-block-paragraph\">Sterlacchini habl\u00f3 sobre esta situaci\u00f3n tras los test de Jerez: <strong>\u201cElaboramos un plan inicial sobre c\u00f3mo desarrollar ambos proyectos conjuntamente. En este momento, b\u00e1sicamente, estamos respetando este plan, aunque, digamos, estamos teniendo m\u00e1s \u00e9xito del esperado [esta temporada]\u201d.<\/strong><\/p>\n\n\n\n<p class=\"wp-block-paragraph\"><strong>\u201cPero, en cualquier caso, queremos seguir con nuestro plan, porque los recursos que estamos dedicando a la 850cc, por el momento, son suficientes. Mientras tanto, no podemos perder de vista el objetivo de mejorar y aprovechar el buen momento que se presenta con la moto de 2026\u201d<\/strong>, concluy\u00f3.<\/p>\n\n\n\n<p class=\"wp-block-paragraph\">\u23e9&nbsp;<strong><em>\u00a1Seguinos en redes por&nbsp;<\/em><\/strong><a href=\"https:\/\/twitter.com\/grandepremioES\"><em>Twitter&nbsp;<\/em><\/a><strong><em>e&nbsp;<\/em><\/strong><a href=\"https:\/\/www.instagram.com\/grandepremioes\/\"><em>Instagram!<br><\/em><\/a>\u23e9&nbsp;<strong><em>Adem\u00e1s, tenemos nuestro&nbsp;<\/em><\/strong><a href=\"https:\/\/whatsapp.com\/channel\/0029VaDZ5zb0gcfDxuwxBM05\"><em>canal de Whatsapp<\/em><\/a><strong><em>&nbsp;con toda la informaci\u00f3n al instante<\/em><\/strong>&nbsp;\ud83c\udfc1<\/p>\n\n\n\n<p class=\"wp-block-paragraph\">MotoGP regresa entre el 8 y el 10 de mayo con el GP de Francia que se disputar\u00e1 en el circuito de Le Mans, para la quinta prueba de la temporada 2026. GRANDE PR\u00caMIO ofrecer\u00e1 una cobertura completa del evento.<\/p>\n\n\n\n<p class=\"wp-block-paragraph\"><strong><u>F1 minuto a minuto: te compartimos las noticias m\u00e1s importantes del d\u00eda en la F\u00f3rmula 1<\/u><\/strong><\/p>\n\n\n\n<p class=\"wp-block-paragraph\">El equipo editorial de&nbsp;<em>GRANDE PR\u00caMIO en ESPA\u00d1OL<\/em>&nbsp;ha seleccionado las noticias m\u00e1s importantes de las \u00faltimas horas para que est\u00e9s al d\u00eda de todo lo que sucede en la&nbsp;<strong>F1<\/strong>:<\/p>\n\n\n\n<p class=\"wp-block-paragraph\">\u25b6\ufe0f&nbsp;<a href=\"https:\/\/grandepremio.com\/es\/f1\/franco-colapinto-road-show-alpine-exhibicion-buenos-aires-f1-2026\/\">Colapinto realiza exhibici\u00f3n ante m\u00e1s de 600.000 personas en Buenos Aires<\/a><br>\u25b6\ufe0f&nbsp;<a href=\"https:\/\/grandepremio.com\/es\/f1\/gp-miami-2026-f1-regresa-formato-sprint-cambios-reglamentarios\/\">GP de Miami 2026: la F1 regresa con formato sprint y cambios reglamentarios<\/a><br>\u25b6\ufe0f&nbsp;<a href=\"https:\/\/grandepremio.com\/es\/f1\/gp-de-miami-2026-horarios-franco-colapinto\/\">GP de Miami 2026: todos los horarios para ver a Colapinto en F1<\/a><br>\u25b6\ufe0f&nbsp;<a href=\"https:\/\/grandepremio.com\/es\/f1\/super-clipping-concepto-clave-entender-f1-2026\/\">Qu\u00e9 es el super clipping, el concepto clave para entender la F1 2026<\/a><br>\u25b6\ufe0f&nbsp;<a href=\"https:\/\/grandepremio.com\/es\/f1\/que-es-aduo-novedades-f1-2026\/\">\u00bfQu\u00e9 es el ADUO, una de las principales novedades de la F1 2026?<\/a><\/p>\n","protected":false},"excerpt":{"rendered":"<p>El director t\u00e9cnico de Aprilia, Fabiano Sterlacchini, explic\u00f3 que, incluso en medio de la lucha por el t\u00edtulo de 2026, la compa\u00f1\u00eda de Noale se mantiene fiel al plan de desarrollo preparado para la moto de 850 cc, que se utilizar\u00e1 en la temporada 2027 de MotoGP.<\/p>\n","protected":false},"author":0,"featured_media":1010399622,"comment_status":"closed","ping_status":"closed","sticky":false,"template":"","format":"standard","meta":{"42wp_featured_image_caption":"","42wp_featured_image_credits":"","42wp_featured_video":"","42wp_featured_image_hidden":false,"42wp_authors_list":[],"footnotes":""},"categories":[8],"tags":[1394,1340,10906,588,1615,1293],"42wp_author":[14237],"class_list":["post-1507","post","type-post","status-publish","format-standard","has-post-thumbnail","hentry","category-motogp","tag-aprilia","tag-ducati","tag-fabiano-sterlacchini","tag-gp-de-espana","tag-marco-bezzecchi","tag-motogp","42wp_author-gabriel-garcia"],"_links":{"self":[{"href":"https:\/\/grandepremio.com\/es\/wp-json\/wp\/v2\/posts\/1507","targetHints":{"allow":["GET"]}}],"collection":[{"href":"https:\/\/grandepremio.com\/es\/wp-json\/wp\/v2\/posts"}],"about":[{"href":"https:\/\/grandepremio.com\/es\/wp-json\/wp\/v2\/types\/post"}],"replies":[{"embeddable":true,"href":"https:\/\/grandepremio.com\/es\/wp-json\/wp\/v2\/comments?post=1507"}],"version-history":[{"count":0,"href":"https:\/\/grandepremio.com\/es\/wp-json\/wp\/v2\/posts\/1507\/revisions"}],"wp:featuredmedia":[{"embeddable":true,"href":"https:\/\/grandepremio.com\/es\/wp-json\/wp\/v2\/media\/1010399622"}],"wp:attachment":[{"href":"https:\/\/grandepremio.com\/es\/wp-json\/wp\/v2\/media?parent=1507"}],"wp:term":[{"taxonomy":"category","embeddable":true,"href":"https:\/\/grandepremio.com\/es\/wp-json\/wp\/v2\/categories?post=1507"},{"taxonomy":"post_tag","embeddable":true,"href":"https:\/\/grandepremio.com\/es\/wp-json\/wp\/v2\/tags?post=1507"},{"taxonomy":"42wp_author","embeddable":true,"href":"https:\/\/grandepremio.com\/es\/wp-json\/wp\/v2\/42wp_author?post=1507"}],"curies":[{"name":"wp","href":"https:\/\/api.w.org\/{rel}","templated":true}]}}