{"id":15129,"date":"2024-02-22T11:20:58","date_gmt":"2024-02-22T14:20:58","guid":{"rendered":"https:\/\/grandepremio.com\/es\/2024\/02\/22\/horner-quiere-investigacion-contra-acabe-pronto-niega-hablar\/"},"modified":"2024-02-22T11:21:07","modified_gmt":"2024-02-22T14:21:07","slug":"horner-quiere-investigacion-contra-acabe-pronto-niega-hablar","status":"publish","type":"post","link":"https:\/\/grandepremio.com\/es\/f1\/horner-quiere-investigacion-contra-acabe-pronto-niega-hablar\/","title":{"rendered":"Horner quiere que la investigaci\u00f3n en su contra acabe pronto y se niega a hablar del tema"},"content":{"rendered":"\n<p class=\"wp-block-paragraph\">Hemos visto a <strong>Christian Horner<\/strong>, el jefe de <strong>Red Bull,<\/strong> sin la ropa habitual del equipo en<strong> Bahrein<\/strong>, lo que ha hecho saltar las alarmas de los periodistas presentes en el circuito y de los aficionados de la<strong> F\u00f3rmula 1<\/strong>. Es que el brit\u00e1nico est\u00e1 en el ojo de la tormenta por una investigaci\u00f3n en su contra.<\/p>\n\n\n\n<p class=\"wp-block-paragraph\">Y es que Horner est\u00e1 siendo acusado, de acuerdo con las informaciones period\u00edsticas, de <em>&#8220;comportamiento inapropiado&#8221;<\/em> por parte de la compa\u00f1\u00eda due\u00f1a del equipo austr\u00edaco. El proceso a\u00fan est\u00e1 en marcha, pero el directivo expres\u00f3 a la prensa en Bahrein que quiere que se acabe<strong> &#8220;cuanto antes&#8221;.<\/strong><\/p>\n\n\n\n<p class=\"wp-block-paragraph\">Por esta raz\u00f3n, el empleado de empresa de bebidas energ\u00e9ticas ha declinado realizar m\u00e1s comentarios sobre el asunto al ser <strong>&#8220;parte de un proceso que est\u00e1 abierto y no puedo comentar nada sobre ello&#8221;.<\/strong><\/p>\n\n\n\n<p class=\"wp-block-paragraph\">Durante la conversaci\u00f3n con los medios de comunicaci\u00f3n, Christian se ha mantenido tranquilo, seg\u00fan Soy Motor, y se report\u00f3 que tuvo charlas con<strong> Sergio P\u00e9rez<\/strong>, que gir\u00f3 en la tanda matinal de las pruebas de pretemporada de la F1 y con <strong>Helmut Marko<\/strong>.<\/p>\n\n\n\n<figure class=\"wp-block-image size-full is-resized\"><img decoding=\"async\" src=\"https:\/\/grandepremio.com\/es\/wp-content\/uploads\/2024\/02\/Horner-RBR.jpg\" alt=\"\" class=\"wp-image-231655\" style=\"aspect-ratio:1.5;width:830px;height:auto\"\/><figcaption class=\"wp-element-caption\">La preocupaci\u00f3n de Christian Horner por una posible salida de la F1. (Foto: Red Bull)<\/figcaption><\/figure>\n\n\n\n<p class=\"wp-block-paragraph\">Mientras que Horner mantiene la cautela con su situaci\u00f3n personal, ha dicho que el Red Bull <em>\u201cvuela\u201d <\/em>en la pista, pero matiz\u00f3 el rendimiento de <strong>Max Verstappen <\/strong>del mi\u00e9rcoles debido a las limitaciones con las pruebas: <strong>&#8220;El coche es decente, un salto importante al no ser conservadores, dada la falta de tiempo en t\u00fanel de tiempo hay que destacar mucho la creatividad que hemos demostrado&#8221;.<\/strong><\/p>\n\n\n\n<p class=\"wp-block-paragraph\">Otro tema candente que ha tratado el jefe del equipo campe\u00f3n del mundo es sobre la frustrada llegada de <strong>Andretti <\/strong>a la F\u00f3rmula 1, vetada por la FOM y los propios equipos. Al respecto dijo lo siguiente: &#8220;<strong>La decisi\u00f3n es de F1, se ha tomado, no significa que no pueden llegar, sino que no como equipo nuevo, pueden alcanzar acuerdo con alg\u00fan equipo que existe ahora, franquicia comercial&#8221;.<\/strong><\/p>\n\n\n\n<p class=\"wp-block-paragraph\">Ante las cr\u00edticas que se hacen a la relaci\u00f3n de Red Bull y del ahora denominado RB, Horner alab\u00f3 la compra realizada del equipo Minardi, a pedido del entonces presidente de la FIA, Max Mosley: <strong>&#8220;La cosa viene de que Mosley habla con Marko y Mateschitz porque Minardi estaba en la quiebra. Red Bull estuvo ah\u00ed. En 2008 salieron muchas marcas y sigui\u00f3 ah\u00ed en malos tiempos donde otros se hab\u00edan marchado. Luego lleg\u00f3 el Covid y, de nuevo, aguant\u00f3 con ambos equipos. Y fuimos clave para seguir adelante. El esfuerzo de RB deber\u00eda ser aplaudido en lugar de criticado<\/strong>&#8220;.<\/p>\n\n\n\n<p class=\"wp-block-paragraph\"><strong><em>\u00a1Seguinos en redes por&nbsp;<a href=\"https:\/\/twitter.com\/grandepremioES\" target=\"_blank\" rel=\"noreferrer noopener\">Twitter&nbsp;<\/a>e&nbsp;<a href=\"https:\/\/www.instagram.com\/grandepremioes\/\" target=\"_blank\" rel=\"noreferrer noopener\">Instagram!<\/a><\/em><\/strong><br><strong><em>Adem\u00e1s, tenemos nuestro&nbsp;<a href=\"https:\/\/whatsapp.com\/channel\/0029VaDZ5zb0gcfDxuwxBM05\" target=\"_blank\" rel=\"noreferrer noopener\">canal de Whatsapp<\/a>&nbsp;con toda la informaci\u00f3n al instante<\/em><\/strong>&nbsp;<\/p>\n\n\n\n<p class=\"wp-block-paragraph\"><strong><em>\u00a1Todas las novedades te esperan en el canal de&nbsp;<a href=\"https:\/\/www.youtube.com\/@GrandePremioES\" target=\"_blank\" rel=\"noreferrer noopener\">YouTube<\/a>&nbsp;de Grande Pr\u00eamio en Espa\u00f1ol!<\/em><\/strong>&nbsp;<\/p>\n\n\n\n<p class=\"wp-block-paragraph\"><strong>&#8220;La relaci\u00f3n entre nuestros equipos es incluso menor que la que ha habido durante a\u00f1os de equipos con Maranello. No entiendo el ruido creado sobre ello y creo que RB deber\u00eda ser apoyada por el esfuerzo en buenos y sobre todo malos tiempos&#8221;<\/strong>, ha sentenciado al respecto.<\/p>\n","protected":false},"excerpt":{"rendered":"<p>Christian Horner est\u00e1 presente en el circuito de Bahrein, donde se lleva a cabo la pretemporada de la F\u00f3rmula 1, y ha declarado a la prensa que no har\u00e1 comentarios sobre el caso que Red Bull abri\u00f3 en su contra. <\/p>\n","protected":false},"author":0,"featured_media":1010231654,"comment_status":"closed","ping_status":"closed","sticky":false,"template":"","format":"standard","meta":{"42wp_featured_image_caption":"","42wp_featured_image_credits":"","42wp_featured_video":"","42wp_featured_image_hidden":false,"42wp_authors_list":[],"footnotes":""},"categories":[5],"tags":[597,1092,1336,181,179,1358,199,623,249,197,206,294],"42wp_author":[14237],"class_list":["post-15129","post","type-post","status-publish","format-standard","has-post-thumbnail","hentry","category-f1","tag-andretti","tag-bahrein","tag-christian-horner","tag-f1","tag-formula-1","tag-helmut-marko","tag-lewis-hamilton","tag-max-mosley","tag-max-verstappen","tag-mercedes","tag-red-bull","tag-sergio-perez","42wp_author-gabriel-garcia"],"_links":{"self":[{"href":"https:\/\/grandepremio.com\/es\/wp-json\/wp\/v2\/posts\/15129","targetHints":{"allow":["GET"]}}],"collection":[{"href":"https:\/\/grandepremio.com\/es\/wp-json\/wp\/v2\/posts"}],"about":[{"href":"https:\/\/grandepremio.com\/es\/wp-json\/wp\/v2\/types\/post"}],"replies":[{"embeddable":true,"href":"https:\/\/grandepremio.com\/es\/wp-json\/wp\/v2\/comments?post=15129"}],"version-history":[{"count":0,"href":"https:\/\/grandepremio.com\/es\/wp-json\/wp\/v2\/posts\/15129\/revisions"}],"wp:featuredmedia":[{"embeddable":true,"href":"https:\/\/grandepremio.com\/es\/wp-json\/wp\/v2\/media\/1010231654"}],"wp:attachment":[{"href":"https:\/\/grandepremio.com\/es\/wp-json\/wp\/v2\/media?parent=15129"}],"wp:term":[{"taxonomy":"category","embeddable":true,"href":"https:\/\/grandepremio.com\/es\/wp-json\/wp\/v2\/categories?post=15129"},{"taxonomy":"post_tag","embeddable":true,"href":"https:\/\/grandepremio.com\/es\/wp-json\/wp\/v2\/tags?post=15129"},{"taxonomy":"42wp_author","embeddable":true,"href":"https:\/\/grandepremio.com\/es\/wp-json\/wp\/v2\/42wp_author?post=15129"}],"curies":[{"name":"wp","href":"https:\/\/api.w.org\/{rel}","templated":true}]}}