{"id":15142,"date":"2024-02-21T10:06:44","date_gmt":"2024-02-21T13:06:44","guid":{"rendered":"https:\/\/grandepremio.com\/es\/2024\/02\/21\/norris-homenajea-a-de-ferran-y-utiliza-un-casco-con-diseno-de-su-triunfo-en-indy-500\/"},"modified":"2024-02-21T10:06:51","modified_gmt":"2024-02-21T13:06:51","slug":"norris-homenajea-a-de-ferran-y-utiliza-un-casco-con-diseno-de-su-triunfo-en-indy-500","status":"publish","type":"post","link":"https:\/\/grandepremio.com\/es\/f1\/norris-homenajea-a-de-ferran-y-utiliza-un-casco-con-diseno-de-su-triunfo-en-indy-500\/","title":{"rendered":"Norris homenajea a De Ferran y utiliza un casco con dise\u00f1o de su triunfo en Indy 500"},"content":{"rendered":"\n<p class=\"wp-block-paragraph\">La participaci\u00f3n de <strong>Lando Norris <\/strong>en la F\u00f3rmula 1 2024 comenzar\u00e1 con un homenaje a <strong>Gil de Ferran<\/strong>. El piloto de <strong>McLaren<\/strong> anunci\u00f3 en la ma\u00f1ana del mi\u00e9rcoles que iniciar\u00e1 las pruebas de pretemporada en <strong>Bahrein <\/strong>con un casco de dise\u00f1o similar al utilizado por De Ferran en la victoria de las <strong>500 Millas de Indian\u00e1polis de 2003<\/strong>.<\/p>\n\n\n\n<p class=\"wp-block-paragraph\">\u23e9&nbsp;<strong><em>\u00a1Seguinos en redes por&nbsp;<a href=\"https:\/\/twitter.com\/grandepremioES\" target=\"_blank\" rel=\"noreferrer noopener\">Twitter&nbsp;<\/a>e&nbsp;<a href=\"https:\/\/www.instagram.com\/grandepremioes\/\" target=\"_blank\" rel=\"noreferrer noopener\">Instagram!<\/a><\/em><\/strong><br><strong>\u23e9<\/strong>&nbsp;<strong><em>Adem\u00e1s, tenemos nuestro&nbsp;<a href=\"https:\/\/whatsapp.com\/channel\/0029VaDZ5zb0gcfDxuwxBM05\" target=\"_blank\" rel=\"noreferrer noopener\">canal de Whatsapp<\/a>&nbsp;con toda la informaci\u00f3n al instante<\/em><\/strong>&nbsp;\ud83c\udfc1<\/p>\n\n\n\n<p class=\"wp-block-paragraph\"><strong>De Ferran<\/strong>, quien falleci\u00f3 en diciembre de 2023 despu\u00e9s de enfermar en un evento privado en <strong>Estados Unidos<\/strong>, fue director deportivo de <strong>McLaren<\/strong> en los comienzos de la carrera de Norris y regres\u00f3 al equipo como consultor el a\u00f1o pasado.<strong> La relaci\u00f3n con el piloto era cercana<\/strong>.<\/p>\n\n\n\n<p class=\"wp-block-paragraph\">&#8220;<strong>Perdimos a alguien muy especial para todos <\/strong>nosotros a finales del a\u00f1o pasado. Era un amigo querido y alguien con quien llegu\u00e9 a la <strong>F1<\/strong>&#8220;, record\u00f3.<\/p>\n\n\n\n<p class=\"wp-block-paragraph\">&#8220;Alguien con quien no solo compart\u00ed muchas risas y tuve momentos incre\u00edbles, sino que tambi\u00e9n me ayud\u00f3 dentro y fuera de la pista siempre que lo necesit\u00e9&#8221;, continu\u00f3.<\/p>\n\n\n\n<figure class=\"wp-block-image size-large\"><img decoding=\"async\" src=\"https:\/\/grandepremio.com\/es\/wp-content\/uploads\/2024\/02\/image-38-edited.png\" alt=\"\" class=\"wp-image-231572\"\/><figcaption class=\"wp-element-caption\">El casco en homenaje a Gil de Ferran (Foto: Reproducci\u00f3n\/Lando Norris)<\/figcaption><\/figure>\n\n\n\n<p class=\"wp-block-paragraph\">&#8220;Este es el dise\u00f1o con el que gan\u00f3 las <strong>500 Millas de Indian\u00e1polis<\/strong>, y lo usar\u00e9 hoy como mi forma de agradecer por todo y recordarle que estamos pensando en \u00e9l y que es parte de <strong>McLaren<\/strong>. Espero que te guste. <strong>Esto es para ti, Gil<\/strong>&#8220;, concluy\u00f3.<\/p>\n\n\n\n<p class=\"wp-block-paragraph\">\ud83d\udfe5&nbsp;<strong><em>\u00a1Todas las novedades te esperan en el canal de&nbsp;<a href=\"https:\/\/www.youtube.com\/@GrandePremioES\" target=\"_blank\" rel=\"noreferrer noopener\">YouTube<\/a>&nbsp;de Grande Pr\u00eamio en Espa\u00f1ol!<\/em><\/strong>&nbsp;\ud83d\udfe8<\/p>\n\n\n\n<p class=\"wp-block-paragraph\"><strong>Norris<\/strong> se sube el <strong>MCL38<\/strong> de <strong>McLaren<\/strong> por la tarde, mientras que <strong>Oscar Piastri<\/strong> abre los trabajos por la ma\u00f1ana en <strong>Sakhir<\/strong>.<\/p>\n\n\n\n<p class=\"wp-block-paragraph\">Las pruebas de pretemporada de la F1 se llevan a cabo del mi\u00e9rcoles al viernes, con transmisi\u00f3n de<strong> F1 TV <\/strong>y cobertura completa de<strong> GRANDE PR\u00caMIO<\/strong> despu\u00e9s de cada d\u00eda de actividad. Las sesiones van de 4h a 13h (GMT -3), con un descanso de 9h a 10h.<\/p>\n\n\n\n<figure class=\"wp-block-embed is-type-video is-provider-youtube wp-block-embed-youtube wp-embed-aspect-16-9 wp-has-aspect-ratio\"><div class=\"wp-block-embed__wrapper\">\n<iframe loading=\"lazy\" title=\"\ud83d\udd34LA F1 SE ALISTA CONTRA RED BULL PRESENTANDO AUTOS DE NEGRO PREDOMINANTE Y DISE\u00d1OS NOVEDOSOS \ud83c\udfc1\" width=\"500\" height=\"281\" src=\"https:\/\/www.youtube.com\/embed\/p2PwCAxkYwk?feature=oembed\" frameborder=\"0\" allow=\"accelerometer; autoplay; clipboard-write; encrypted-media; gyroscope; picture-in-picture; web-share\" referrerpolicy=\"strict-origin-when-cross-origin\" allowfullscreen><\/iframe>\n<\/div><\/figure>\n","protected":false},"excerpt":{"rendered":"<p>Lando Norris revel\u00f3 el dise\u00f1o del casco que usar\u00e1 al inicio de las pruebas en Bahrein: un homenaje a Gil de Ferran, fallecido a finales de 2023.<\/p>\n","protected":false},"author":0,"featured_media":1000779148,"comment_status":"closed","ping_status":"closed","sticky":false,"template":"","format":"standard","meta":{"42wp_featured_image_caption":"","42wp_featured_image_credits":"","42wp_featured_video":"","42wp_featured_image_hidden":false,"42wp_authors_list":[],"footnotes":""},"categories":[5],"tags":[181,2249,179,3180,1488,268,9914,269,710],"42wp_author":[14235],"class_list":["post-15142","post","type-post","status-publish","format-standard","has-post-thumbnail","hentry","category-f1","tag-f1","tag-f1-2024","tag-formula-1","tag-gil-de-ferran","tag-grande-premio","tag-lando-norris","tag-lando-norris-2024","tag-mclaren","tag-norris","42wp_author-barbara-mincioni"],"_links":{"self":[{"href":"https:\/\/grandepremio.com\/es\/wp-json\/wp\/v2\/posts\/15142","targetHints":{"allow":["GET"]}}],"collection":[{"href":"https:\/\/grandepremio.com\/es\/wp-json\/wp\/v2\/posts"}],"about":[{"href":"https:\/\/grandepremio.com\/es\/wp-json\/wp\/v2\/types\/post"}],"replies":[{"embeddable":true,"href":"https:\/\/grandepremio.com\/es\/wp-json\/wp\/v2\/comments?post=15142"}],"version-history":[{"count":0,"href":"https:\/\/grandepremio.com\/es\/wp-json\/wp\/v2\/posts\/15142\/revisions"}],"wp:featuredmedia":[{"embeddable":true,"href":"https:\/\/grandepremio.com\/es\/wp-json\/wp\/v2\/media\/1000779148"}],"wp:attachment":[{"href":"https:\/\/grandepremio.com\/es\/wp-json\/wp\/v2\/media?parent=15142"}],"wp:term":[{"taxonomy":"category","embeddable":true,"href":"https:\/\/grandepremio.com\/es\/wp-json\/wp\/v2\/categories?post=15142"},{"taxonomy":"post_tag","embeddable":true,"href":"https:\/\/grandepremio.com\/es\/wp-json\/wp\/v2\/tags?post=15142"},{"taxonomy":"42wp_author","embeddable":true,"href":"https:\/\/grandepremio.com\/es\/wp-json\/wp\/v2\/42wp_author?post=15142"}],"curies":[{"name":"wp","href":"https:\/\/api.w.org\/{rel}","templated":true}]}}