{"id":15162,"date":"2024-02-19T16:25:01","date_gmt":"2024-02-19T19:25:01","guid":{"rendered":"https:\/\/grandepremio.com\/es\/2024\/02\/19\/red-bull-pretemporada-verstappen-perez-formula-1-2024\/"},"modified":"2024-02-19T16:27:59","modified_gmt":"2024-02-19T19:27:59","slug":"red-bull-pretemporada-verstappen-perez-formula-1-2024","status":"publish","type":"post","link":"https:\/\/grandepremio.com\/es\/f1\/red-bull-pretemporada-verstappen-perez-formula-1-2024\/","title":{"rendered":"Red Bull abre con Verstappen y cierra con P\u00e9rez en pretemporada de F1 2024 en Bahr\u00e9in"},"content":{"rendered":"\n<p class=\"wp-block-paragraph\"><strong>Red Bull<\/strong> devel\u00f3 c\u00f3mo ser\u00e1 el cronograma de pruebas de sus pilotos durante los tests de pretemporada de <strong>F\u00f3rmula 1<\/strong>, que comienzan el pr\u00f3ximo mi\u00e9rcoles y se prolongar\u00e1n hasta el viernes en Bahr\u00e9in. Sus pilotos titulares, <strong>Max Verstappen<\/strong> y <strong>Sergio P\u00e9rez<\/strong>, ser\u00e1n los encargados de realizar la actividad.<\/p>\n\n\n\n<p class=\"wp-block-paragraph\">Verstappen pilotar\u00e1 el <strong>RB20<\/strong> durante toda la primera jornada en el circuito de Sakhir, mientras que compartir\u00e1 el coche con P\u00e9rez el jueves. En el segundo d\u00eda, el mexicano lo har\u00e1 por la ma\u00f1ana y el neerland\u00e9s por la tarde.<\/p>\n\n\n\n<p class=\"wp-block-paragraph\">El viernes, fecha de cierre de la pretemporada de F\u00f3rmula 1, s\u00f3lo P\u00e9rez pilotar\u00e1 el RB20 en el \u00faltimo periodo de preparaci\u00f3n antes del inicio del campeonato, entre el 29 de febrero y el 2 de marzo, cuando se lleve a cabo el <strong>Gran Premio de Bahr\u00e9in.<\/strong><\/p>\n\n\n\n<p class=\"wp-block-paragraph\"><strong><em>\u00a1Todas las novedades te esperan en el canal de\u00a0<a href=\"https:\/\/www.youtube.com\/@GrandePremioES\" target=\"_blank\" rel=\"noreferrer noopener\">YouTube<\/a>\u00a0de Grande Pr\u00eamio en Espa\u00f1ol!<\/em><\/strong><\/p>\n\n\n\n<figure class=\"wp-block-video\"><video class=\"video-js vjs-big-play-centered\" data-gp-vjs=\"1\" controls src=\"https:\/\/grandepremio.com\/es\/wp-content\/uploads\/2024\/02\/ssstwitter.com_1707815932221.mp4\"><\/video><figcaption class=\"wp-element-caption\">Red Bull sali\u00f3 a la pista de Silverstone para hacer un shakedown. (Video: Paul Bridgen)<\/figcaption><\/figure>\n\n\n\n<p class=\"wp-block-paragraph\"><strong><em>\u00a1Seguinos en redes por\u00a0<a href=\"https:\/\/twitter.com\/grandepremioES\" target=\"_blank\" rel=\"noreferrer noopener\">Twitter\u00a0<\/a>e\u00a0<a href=\"https:\/\/www.instagram.com\/grandepremioes\/\" target=\"_blank\" rel=\"noreferrer noopener\">Instagram!<\/a><\/em><\/strong><br><strong><em>Adem\u00e1s, tenemos nuestro\u00a0<a href=\"https:\/\/whatsapp.com\/channel\/0029VaDZ5zb0gcfDxuwxBM05\" target=\"_blank\" rel=\"noreferrer noopener\">canal de Whatsapp<\/a>\u00a0con toda la informaci\u00f3n al instante<\/em><\/strong><\/p>\n\n\n\n<p class=\"wp-block-paragraph\">Cada jornada de pruebas comenzar\u00e1 a las 10 (hora local), con cuatro horas de actividad por la ma\u00f1ana, seguidas de una hora de pausa. A las 15 se reanudar\u00e1n las pruebas durante otras cuatro horas.<\/p>\n\n\n\n<p class=\"wp-block-paragraph\">Sobre la escuder\u00eda pende tambi\u00e9n la posibilidad de que Christian Horner dimita como jefe del equipo, cargo que ocupa desde 2005, cuando Red Bull compr\u00f3 <strong>Jaguar.<\/strong> <a href=\"https:\/\/grandepremio.com\/es\/f1\/red-bull-investigacion-christian-horner-formula-1-2024\/\">La escuder\u00eda est\u00e1 investigando un &#8220;comportamiento inapropiado&#8221; del directivo, que el diario holand\u00e9s De Telegraaf, el primero en informar del caso, califica de acoso sexual a una empleada.<\/a> Horner, a trav\u00e9s de su abogado, habr\u00eda intentado llegar a un acuerdo entre las partes, seg\u00fan el diario neerland\u00e9s. A\u00fan no hubo una definici\u00f3n sobre este tema, pero la F1 ya ha pedido que se acelere el proceso.<\/p>\n\n\n\n<p class=\"wp-block-paragraph\"><strong>GRANDE PR\u00caMIO en Espa\u00f1ol<\/strong> cubrir\u00e1 la pretemporada de F1 2024 de manera completa. <\/p>\n","protected":false},"excerpt":{"rendered":"<p>Red Bull divulg\u00f3 c\u00f3mo ser\u00e1 su cronograma de pruebas con Max Verstappen y Sergio P\u00e9rez en la pretemporada de la F\u00f3rmula 1 en Bahr\u00e9in.<\/p>\n","protected":false},"author":0,"featured_media":1010231471,"comment_status":"closed","ping_status":"closed","sticky":false,"template":"","format":"standard","meta":{"42wp_featured_image_caption":"","42wp_featured_image_credits":"","42wp_featured_video":"","42wp_featured_image_hidden":false,"42wp_authors_list":[],"footnotes":""},"categories":[5],"tags":[181,2249,179,2259,1096,249,5858,206,294],"42wp_author":[14223],"class_list":["post-15162","post","type-post","status-publish","format-standard","has-post-thumbnail","hentry","category-f1","tag-f1","tag-f1-2024","tag-formula-1","tag-formula-1-2024","tag-gp-de-bahrein","tag-max-verstappen","tag-pretemporada-de-f1","tag-red-bull","tag-sergio-perez","42wp_author-esteban-nieto"],"_links":{"self":[{"href":"https:\/\/grandepremio.com\/es\/wp-json\/wp\/v2\/posts\/15162","targetHints":{"allow":["GET"]}}],"collection":[{"href":"https:\/\/grandepremio.com\/es\/wp-json\/wp\/v2\/posts"}],"about":[{"href":"https:\/\/grandepremio.com\/es\/wp-json\/wp\/v2\/types\/post"}],"replies":[{"embeddable":true,"href":"https:\/\/grandepremio.com\/es\/wp-json\/wp\/v2\/comments?post=15162"}],"version-history":[{"count":0,"href":"https:\/\/grandepremio.com\/es\/wp-json\/wp\/v2\/posts\/15162\/revisions"}],"wp:featuredmedia":[{"embeddable":true,"href":"https:\/\/grandepremio.com\/es\/wp-json\/wp\/v2\/media\/1010231471"}],"wp:attachment":[{"href":"https:\/\/grandepremio.com\/es\/wp-json\/wp\/v2\/media?parent=15162"}],"wp:term":[{"taxonomy":"category","embeddable":true,"href":"https:\/\/grandepremio.com\/es\/wp-json\/wp\/v2\/categories?post=15162"},{"taxonomy":"post_tag","embeddable":true,"href":"https:\/\/grandepremio.com\/es\/wp-json\/wp\/v2\/tags?post=15162"},{"taxonomy":"42wp_author","embeddable":true,"href":"https:\/\/grandepremio.com\/es\/wp-json\/wp\/v2\/42wp_author?post=15162"}],"curies":[{"name":"wp","href":"https:\/\/api.w.org\/{rel}","templated":true}]}}