{"id":15172,"date":"2024-02-19T10:23:23","date_gmt":"2024-02-19T13:23:23","guid":{"rendered":"https:\/\/grandepremio.com\/es\/2024\/02\/19\/guenther-steiner-regreso-formula-1-futuro\/"},"modified":"2024-02-19T10:23:49","modified_gmt":"2024-02-19T13:23:49","slug":"guenther-steiner-regreso-formula-1-futuro","status":"publish","type":"post","link":"https:\/\/grandepremio.com\/es\/f1\/guenther-steiner-regreso-formula-1-futuro\/","title":{"rendered":"Steiner no da pistas sobre un posible retorno a la F1 en un futuro: &#8220;No estoy con prisa&#8221;"},"content":{"rendered":"\n<p class=\"wp-block-paragraph\">El comienzo del a\u00f1o fue problem\u00e1tico para <strong>Guenther Steiner<\/strong>. <a href=\"https:\/\/grandepremio.com\/es\/f1\/haas-cambia-de-rumbo-y-desvincula-a-steiner-como-jefe-tras-ocho-temporadas-en-f1\/\">Destituido de <strong>Haas <\/strong>en los primeros d\u00edas de enero<\/a>, el antiguo jefe del equipo estadounidense a\u00fan no ha conseguido reposicionarse en el mercado de la <strong>F\u00f3rmula 1<\/strong>, m\u00e1s all\u00e1 de recibir algunas consultas. Por lo pronto, el italiano contin\u00faa solamente a cargo de su empresa, <strong>Fibreworks Composites,<\/strong> de fabricaci\u00f3n de elementos de competici\u00f3n en fibra de carbono. <\/p>\n\n\n\n<p class=\"wp-block-paragraph\">En una entrevista concedida a la p\u00e1gina web RacingNews365, Steiner admiti\u00f3 que una cadena de televisi\u00f3n lo hab\u00eda invitado a participar en la transmisi\u00f3n del <strong>Gran Premio de Australia<\/strong> en marzo, pero nada m\u00e1s. Tambi\u00e9n coment\u00f3 un posible regreso a la F\u00f3rmula 1 en un futuro pr\u00f3ximo.<\/p>\n\n\n\n<p class=\"wp-block-paragraph\">&#8220;Me han pedido que aparezca en televisi\u00f3n, pero todav\u00eda tengo que entender todo este asunto y estoy abierto a cualquier cosa. Todo puede ocurrir en el futuro. Mucha gente me pregunta si estoy libre, lo cual es muy agradable. Descubres que hay un mundo en la F\u00f3rmula 1, fuera de los equipos, que es enorme&#8221;, expres\u00f3 el exdirigente de Haas.<\/p>\n\n\n\n<p class=\"wp-block-paragraph\">&#8220;Cuando estaba en un equipo, no entend\u00eda realmente lo que pasaba fuera de all\u00ed. As\u00ed que estoy aprendiendo sobre negocios porque soy completamente ignorante al respecto, para ser honesto. S\u00f3lo estoy viendo lo que hay ah\u00ed fuera y decidir\u00e9 qu\u00e9 hacer a continuaci\u00f3n&#8221;, a\u00f1adi\u00f3.<\/p>\n\n\n\n<p class=\"wp-block-paragraph\"><strong><em>\u00a1Todas las novedades te esperan en el canal de\u00a0<a href=\"https:\/\/www.youtube.com\/@GrandePremioES\" target=\"_blank\" rel=\"noreferrer noopener\">YouTube<\/a>\u00a0de Grande Pr\u00eamio en Espa\u00f1ol!<\/em><\/strong><\/p>\n\n\n\n<figure class=\"wp-block-image size-large\"><img decoding=\"async\" src=\"https:\/\/grandepremio.com\/es\/wp-content\/uploads\/2024\/01\/Komatsu-1024x684.jpg\" alt=\"\" class=\"wp-image-229400\"\/><figcaption class=\"wp-element-caption\">Ayao Komatsu tom\u00f3 el relevo tras la marcha de Guenther Steiner en Haas (Foto: LAT\/Haas)<\/figcaption><\/figure>\n\n\n\n<p class=\"wp-block-paragraph\"><strong><em>\u00a1Seguinos en redes por&nbsp;<\/em><\/strong><strong><em><a target=\"_blank\" href=\"https:\/\/twitter.com\/grandepremioES\" rel=\"noreferrer noopener\">Twitter&nbsp;<\/a><\/em><\/strong><strong><em>e&nbsp;<\/em><\/strong><strong><em><a target=\"_blank\" href=\"https:\/\/www.instagram.com\/grandepremioes\/\" rel=\"noreferrer noopener\">Instagram!<\/a><\/em><\/strong><br><strong><em>Adem\u00e1s, tenemos nuestro&nbsp;<\/em><\/strong><strong><em><a target=\"_blank\" href=\"https:\/\/whatsapp.com\/channel\/0029VaDZ5zb0gcfDxuwxBM05\" rel=\"noreferrer noopener\">canal de Whatsapp<\/a><\/em><\/strong><strong><em>&nbsp;con toda la informaci\u00f3n al instante<\/em><\/strong><\/p>\n\n\n\n<p class=\"wp-block-paragraph\">&#8220;Todav\u00eda tengo que averiguar qu\u00e9 quiero hacer cuando sea m\u00e1s grande&#8221;, brome\u00f3 Guenther. &#8220;Pero no tengo prisa por volver a ocupar el mismo puesto que antes, quiero ver qu\u00e9 m\u00e1s hay ah\u00ed fuera&#8221;.<\/p>\n\n\n\n<p class=\"wp-block-paragraph\">Steiner fue sustituido por<strong> Ayao Komatsu <\/strong>en el equipo. El ejecutivo coment\u00f3 que la decisi\u00f3n le fue comunicada en una llamada con el propietario <strong>Gene Haas<\/strong> a finales del a\u00f1o pasado y que sigue sin entenderla despu\u00e9s de dos meses.<\/p>\n\n\n\n<p class=\"wp-block-paragraph\">&#8220;No lo entiendo, pero \u00e9l [Gene Haas] hace lo que quiere. Lo entiendo y lo respeto, pero yo nunca lo har\u00eda. Me parece un camino a ninguna parte&#8221;, sentenci\u00f3 Steiner.<\/p>\n\n\n\n<p class=\"wp-block-paragraph\">La <strong>F\u00f3rmula 1 <\/strong>retornar\u00e1 a la pista esta semana, entre el 21 y el 23 de febrero, con la pretemporada en Bahr\u00e9in, en el circuito de Sakhir. Haas participar\u00e1 con los pilotos <strong>Nico H\u00fclkenberg y Kevin Magnussen.<\/strong><\/p>\n","protected":false},"excerpt":{"rendered":"<p>Guenther Steiner, despedido recientemente del cargo de jefe de Haas, cont\u00f3 que est\u00e1 descubriendo el mundo de la F1 que existe por fuera de los equipos, y que a\u00fan no defini\u00f3 qu\u00e9 har\u00e1 en un futuro.<\/p>\n","protected":false},"author":0,"featured_media":1010228892,"comment_status":"closed","ping_status":"closed","sticky":false,"template":"","format":"standard","meta":{"42wp_featured_image_caption":"","42wp_featured_image_credits":"","42wp_featured_video":"","42wp_featured_image_hidden":false,"42wp_authors_list":[],"footnotes":""},"categories":[5],"tags":[9736,181,2249,179,2259,1469,414],"42wp_author":[14223],"class_list":["post-15172","post","type-post","status-publish","format-standard","has-post-thumbnail","hentry","category-f1","tag-ayao-komatsu","tag-f1","tag-f1-2024","tag-formula-1","tag-formula-1-2024","tag-guenther-steiner","tag-haas","42wp_author-esteban-nieto"],"_links":{"self":[{"href":"https:\/\/grandepremio.com\/es\/wp-json\/wp\/v2\/posts\/15172","targetHints":{"allow":["GET"]}}],"collection":[{"href":"https:\/\/grandepremio.com\/es\/wp-json\/wp\/v2\/posts"}],"about":[{"href":"https:\/\/grandepremio.com\/es\/wp-json\/wp\/v2\/types\/post"}],"replies":[{"embeddable":true,"href":"https:\/\/grandepremio.com\/es\/wp-json\/wp\/v2\/comments?post=15172"}],"version-history":[{"count":0,"href":"https:\/\/grandepremio.com\/es\/wp-json\/wp\/v2\/posts\/15172\/revisions"}],"wp:featuredmedia":[{"embeddable":true,"href":"https:\/\/grandepremio.com\/es\/wp-json\/wp\/v2\/media\/1010228892"}],"wp:attachment":[{"href":"https:\/\/grandepremio.com\/es\/wp-json\/wp\/v2\/media?parent=15172"}],"wp:term":[{"taxonomy":"category","embeddable":true,"href":"https:\/\/grandepremio.com\/es\/wp-json\/wp\/v2\/categories?post=15172"},{"taxonomy":"post_tag","embeddable":true,"href":"https:\/\/grandepremio.com\/es\/wp-json\/wp\/v2\/tags?post=15172"},{"taxonomy":"42wp_author","embeddable":true,"href":"https:\/\/grandepremio.com\/es\/wp-json\/wp\/v2\/42wp_author?post=15172"}],"curies":[{"name":"wp","href":"https:\/\/api.w.org\/{rel}","templated":true}]}}