{"id":15179,"date":"2024-02-18T14:43:57","date_gmt":"2024-02-18T17:43:57","guid":{"rendered":"https:\/\/grandepremio.com\/es\/2024\/02\/18\/formula-1-se-pronuncia-caso-horner-red-bull\/"},"modified":"2024-02-18T14:44:04","modified_gmt":"2024-02-18T17:44:04","slug":"formula-1-se-pronuncia-caso-horner-red-bull","status":"publish","type":"post","link":"https:\/\/grandepremio.com\/es\/f1\/formula-1-se-pronuncia-caso-horner-red-bull\/","title":{"rendered":"F1 exige &#8220;que se aclare lo antes posible&#8221; la investigaci\u00f3n sobre Horner en Red Bull"},"content":{"rendered":"\n<p class=\"wp-block-paragraph\">El <strong>&#8220;Caso Horner&#8221;<\/strong> sigue su curso. Este domingo, la <strong>F\u00f3rmula 1<\/strong> emiti\u00f3 un comunicado sobre la investigaci\u00f3n iniciada por <strong>Red Bull<\/strong> sobre la posible mala conducta del jefe del equipo, acusado por una empleada.<\/p>\n\n\n\n<p class=\"wp-block-paragraph\">&#8220;Tomamos nota de que Red Bull ha puesto en marcha una investigaci\u00f3n independiente sobre las acusaciones internas en<strong> Red Bull Racing<\/strong>. Esperamos que el asunto se aclare lo antes posible tras un proceso justo y exhaustivo. No haremos m\u00e1s comentarios en este momento&#8221;, expres\u00f3 la categor\u00eda, mencionando el tema por primera vez.<\/p>\n\n\n\n<p class=\"wp-block-paragraph\">Horner, jefe de la escuder\u00eda austr\u00edaca, es objeto de una investigaci\u00f3n interna de la escuder\u00eda por &#8220;comportamiento inapropiado&#8221; con una empleada. Oliver Mintzlaff, jefe del departamento deportivo de la escuder\u00eda campeona del mundo, declar\u00f3 que la &#8220;empresa se toma estos asuntos extremadamente en serio&#8221; y no quiso hacer m\u00e1s comentarios al respecto.<\/p>\n\n\n\n<p class=\"wp-block-paragraph\">Seg\u00fan el diario holand\u00e9s De Telegraaf, que revel\u00f3 las primeras informaciones sobre el caso, la noticia ahora es que la acusaci\u00f3n contra Horner era en realidad por acoso. La empleada afirma que el brit\u00e1nico envi\u00f3 mensajes de contenido sexual durante un periodo de tiempo considerable y que el historial de la aplicaci\u00f3n de mensajer\u00eda fue enviado por el abogado de la v\u00edctima a su colega externo encargado de la investigaci\u00f3n.<\/p>\n\n\n\n<figure class=\"wp-block-image size-large\"><img decoding=\"async\" src=\"https:\/\/grandepremio.com\/cdn-cgi\/image\/width=893,height=558,fit=contain,gravity=0.5x0.5,quality=75,format=webp\/es\/wp-content\/uploads\/2024\/02\/SI202402150773_hires_jpeg_24bit_rgb-1024x683.jpg\" alt=\"\" class=\"wp-image-231395\"\/><figcaption class=\"wp-element-caption\">Christian Horner particip\u00f3 del lanzamiento del RB20. (Foto: Mark Thompson\/Getty Images for Red Bull Racing)<\/figcaption><\/figure>\n\n\n\n<p class=\"wp-block-paragraph\">Seg\u00fan el diario holand\u00e9s, Horner habr\u00eda intentado llegar a un acuerdo con la empleada, ofreci\u00e9ndole 650.000 libras, que ella rechaz\u00f3.<\/p>\n\n\n\n<p class=\"wp-block-paragraph\">Christian fue interrogado en una reuni\u00f3n que dur\u00f3 m\u00e1s de ocho horas en Londres. La reuni\u00f3n, en la que se dieron las primeras explicaciones del brit\u00e1nico, estaba prevista en la f\u00e1brica de Red Bull en Milton Keynes, pero para evitar a la prensa se reprogram\u00f3 a \u00faltima hora en un bufete de abogados de la capital inglesa.<\/p>\n\n\n\n<p class=\"wp-block-paragraph\">El jefe de Red Bull neg\u00f3 las acusaciones y declar\u00f3 que cree que puede seguir en el puesto, incluso con la investigaci\u00f3n en curso. &#8220;S\u00ed, absolutamente&#8221;, expres\u00f3 Horner a ESPN, tras ser preguntado si seguir\u00e1 al frente de Red Bull en el GP de Bahr\u00e9in. &#8220;Obviamente hay un proceso en marcha, pero estoy muy centrado en la temporada que tenemos por delante&#8221;, a\u00f1adi\u00f3.<\/p>\n\n\n\n<p class=\"wp-block-paragraph\">Inicialmente, la expectativa interna de Red Bull era resolver la situaci\u00f3n lo antes posible. Exist\u00eda la posibilidad de que se tomara una decisi\u00f3n sobre el futuro de Christian incluso antes del lanzamiento del RB20, <a href=\"https:\/\/grandepremio.com\/es\/f1\/red-bull-presenta-el-rb20-en-busca-de-mantener-el-dominio-en-la-formula-1-2024\/\">el pasado jueves<\/a>. Sin embargo, ahora se espera que el caso se alargue durante m\u00e1s tiempo, muy probablemente hasta las pruebas de F1 en Bahr\u00e9in. <\/p>\n\n\n\n<figure class=\"wp-block-image size-large\"><img decoding=\"async\" src=\"https:\/\/grandepremio.com\/es\/wp-content\/uploads\/2024\/02\/SI202311250488_hires_jpeg_24bit_rgb-1024x683.jpg\" alt=\"\" class=\"wp-image-230630\"\/><figcaption class=\"wp-element-caption\">Max Verstappen declar\u00f3 que su relaci\u00f3n con Christian Horner no est\u00e1 resentida a partir de las denuncias. (Foto: Getty Images \/ Red Bull Content Pool)<\/figcaption><\/figure>\n\n\n\n<p class=\"wp-block-paragraph\">Inevitablemente, el acto de presentaci\u00f3n del nuevo auto tambi\u00e9n tuvo repercusiones en el &#8220;caso Horner&#8221;. El actual tricampe\u00f3n de F1 Max Verstappen neg\u00f3 los rumores de que el v\u00ednculo con su jefe se hubiera afectado, afirmando que &#8220;la relaci\u00f3n sigue siendo la misma. No s\u00e9 a qui\u00e9n le gusta escribir ese tipo de cosas. Christian y yo somos los mismos de siempre&#8221;.<\/p>\n\n\n\n<p class=\"wp-block-paragraph\">Seg\u00fan la web alemana Motorsport-Total, Horner, adem\u00e1s de volver a negar las acusaciones, ya est\u00e1 estudiando emprender acciones legales contra <strong>De Telegraaf<\/strong> por divulgar las informaciones.<\/p>\n\n\n\n<p class=\"wp-block-paragraph\">Red Bull termin\u00f3 2023 con 860 puntos, un margen considerable sobre el segundo clasificado, Mercedes, que sum\u00f3 409. Max Verstappen, que gan\u00f3 19 de las 22 carreras, se hizo con el t\u00edtulo mundial, mientras que Sergio P\u00e9rez acab\u00f3 en segunda posici\u00f3n.<\/p>\n\n\n\n<p class=\"wp-block-paragraph\">La<strong> F\u00f3rmula 1 <\/strong>retornar\u00e1 a la pista entre el 21 y el 23 de febrero, con la pretemporada en Bahr\u00e9in, en el circuito de Sakhir.<\/p>\n","protected":false},"excerpt":{"rendered":"<p>La F1 emiti\u00f3 su primer comunicado en relaci\u00f3n a la investigaci\u00f3n que Red Bull lleva a cabo sobre el jefe de la escuder\u00eda, Christian Horner. Y en la misiva, la categor\u00eda inst\u00f3 a que haya una resoluci\u00f3n &#8220;r\u00e1pida y justa&#8221;.<\/p>\n","protected":false},"author":0,"featured_media":1010231394,"comment_status":"closed","ping_status":"closed","sticky":false,"template":"","format":"standard","meta":{"42wp_featured_image_caption":"","42wp_featured_image_credits":"","42wp_featured_video":"","42wp_featured_image_hidden":false,"42wp_authors_list":[],"footnotes":""},"categories":[5],"tags":[9877,1336,181,2249,179,2259,249,206],"42wp_author":[14223],"class_list":["post-15179","post","type-post","status-publish","format-standard","has-post-thumbnail","hentry","category-f1","tag-caso-horner","tag-christian-horner","tag-f1","tag-f1-2024","tag-formula-1","tag-formula-1-2024","tag-max-verstappen","tag-red-bull","42wp_author-esteban-nieto"],"_links":{"self":[{"href":"https:\/\/grandepremio.com\/es\/wp-json\/wp\/v2\/posts\/15179","targetHints":{"allow":["GET"]}}],"collection":[{"href":"https:\/\/grandepremio.com\/es\/wp-json\/wp\/v2\/posts"}],"about":[{"href":"https:\/\/grandepremio.com\/es\/wp-json\/wp\/v2\/types\/post"}],"replies":[{"embeddable":true,"href":"https:\/\/grandepremio.com\/es\/wp-json\/wp\/v2\/comments?post=15179"}],"version-history":[{"count":0,"href":"https:\/\/grandepremio.com\/es\/wp-json\/wp\/v2\/posts\/15179\/revisions"}],"wp:featuredmedia":[{"embeddable":true,"href":"https:\/\/grandepremio.com\/es\/wp-json\/wp\/v2\/media\/1010231394"}],"wp:attachment":[{"href":"https:\/\/grandepremio.com\/es\/wp-json\/wp\/v2\/media?parent=15179"}],"wp:term":[{"taxonomy":"category","embeddable":true,"href":"https:\/\/grandepremio.com\/es\/wp-json\/wp\/v2\/categories?post=15179"},{"taxonomy":"post_tag","embeddable":true,"href":"https:\/\/grandepremio.com\/es\/wp-json\/wp\/v2\/tags?post=15179"},{"taxonomy":"42wp_author","embeddable":true,"href":"https:\/\/grandepremio.com\/es\/wp-json\/wp\/v2\/42wp_author?post=15179"}],"curies":[{"name":"wp","href":"https:\/\/api.w.org\/{rel}","templated":true}]}}