{"id":15184,"date":"2024-02-18T11:16:18","date_gmt":"2024-02-18T14:16:18","guid":{"rendered":"https:\/\/grandepremio.com\/es\/2024\/02\/18\/magnussen-controla-optimismo-y-tiene-bajas-expectativas-para-haas-al-inicio-de-2024\/"},"modified":"2024-02-18T11:16:25","modified_gmt":"2024-02-18T14:16:25","slug":"magnussen-controla-optimismo-y-tiene-bajas-expectativas-para-haas-al-inicio-de-2024","status":"publish","type":"post","link":"https:\/\/grandepremio.com\/es\/f1\/magnussen-controla-optimismo-y-tiene-bajas-expectativas-para-haas-al-inicio-de-2024\/","title":{"rendered":"Magnussen controla optimismo y tiene &#8220;bajas expectativas&#8221; para Haas al inicio de 2024"},"content":{"rendered":"\n<p class=\"wp-block-paragraph\"><strong>Ayao Komatsu <\/strong>a\u00fan no ha cumplido ni dos meses en el cargo de jefe del equipo <strong>Haas<\/strong>, pero su estilo &#8220;pies en la tierra&#8221; y realista ya ha complacido a los pilotos del equipo estadounidense, especialmente a <strong>Kevin Magnussen<\/strong>. El due\u00f1o del auto<strong> #20<\/strong> elogi\u00f3 el m\u00e9todo de trabajo del japon\u00e9s y dijo que la llegada del nuevo l\u00edder ayud\u00f3 a evitar un &#8220;optimismo irreal&#8221; para la temporada.<\/p>\n\n\n\n<p class=\"wp-block-paragraph\">\u23e9&nbsp;<strong><em>\u00a1Seguinos en redes por&nbsp;<a href=\"https:\/\/twitter.com\/grandepremioES\" target=\"_blank\" rel=\"noreferrer noopener\">Twitter&nbsp;<\/a>e&nbsp;<a href=\"https:\/\/www.instagram.com\/grandepremioes\/\" target=\"_blank\" rel=\"noreferrer noopener\">Instagram!<\/a><\/em><\/strong><br><strong>\u23e9<\/strong>&nbsp;<strong><em>Adem\u00e1s, tenemos nuestro&nbsp;<a href=\"https:\/\/whatsapp.com\/channel\/0029VaDZ5zb0gcfDxuwxBM05\" target=\"_blank\" rel=\"noreferrer noopener\">canal de Whatsapp<\/a>&nbsp;con toda la informaci\u00f3n al instante<\/em><\/strong>&nbsp;\ud83c\udfc1<\/p>\n\n\n\n<p class=\"wp-block-paragraph\">Despu\u00e9s de que el equipo amargara la \u00faltima posici\u00f3n en el Mundial de Constructores en 2023, el propietario<strong> Gene Haas <\/strong>decidi\u00f3 que era hora de hacer cambios y despidi\u00f3 a<strong> Guenther Steiner<\/strong>, promoviendo a <strong>Komatsu<\/strong>, que trabajaba como ingeniero desde 2016, para ocupar el lugar del italiano.<\/p>\n\n\n\n<p class=\"wp-block-paragraph\">&#8220;Las expectativas se est\u00e1n gestionando muy bien este a\u00f1o&#8221;, dijo <strong>Magnussen<\/strong>, elogiando al nuevo dirigente. &#8220;Creo que en algunos a\u00f1os ha habido un optimismo irreal en las temporadas, y tambi\u00e9n fui afectado por eso&#8221;, admiti\u00f3.<\/p>\n\n\n\n<p class=\"wp-block-paragraph\">&#8220;Ciertamente, Ayao dej\u00f3 bien claro que a\u00fan no cree que hayamos salido de la posici\u00f3n del a\u00f1o pasado, pero ya ha dicho que ve la trayectoria de desarrollo pareciendo mucho m\u00e1s fuerte, as\u00ed que <strong>est\u00e1 realmente optimista de que podemos avanzar este a\u00f1o<\/strong>&#8220;, explic\u00f3 Magnussen. &#8220;Todo el grid est\u00e1 muy cerca y creo que el a\u00f1o pasado nos topamos completamente con algunos obst\u00e1culos en t\u00e9rminos de desarrollo&#8221;, reconoci\u00f3.<\/p>\n\n\n\n<figure class=\"wp-block-image size-full is-resized\"><img decoding=\"async\" src=\"https:\/\/grandepremio.com\/es\/wp-content\/uploads\/2024\/02\/image-24.png\" alt=\"\" class=\"wp-image-231369\" style=\"aspect-ratio:1.5;width:840px;height:auto\"\/><figcaption class=\"wp-element-caption\">VF-24 durante shakedown en Silverstone (Foto: Haas)<\/figcaption><\/figure>\n\n\n\n<p class=\"wp-block-paragraph\"><strong>Haas<\/strong> fue el primer equipo en presentar el nuevo auto para la temporada 2024 de la<strong> F\u00f3rmula 1<\/strong>. Con el <strong>VF-24<\/strong>, el equipo de <strong>Carolina del Norte<\/strong> espera dar un salto real en la clasificaci\u00f3n. Magnussen, por su parte, admiti\u00f3 estar optimista con el concepto adoptado en el nuevo monoplaza.<\/p>\n\n\n\n<p class=\"wp-block-paragraph\">&#8220;No podr\u00edamos realmente romper esa barrera hasta que cambi\u00e1ramos el concepto, y este a\u00f1o parece mucho mejor&#8221;, asegur\u00f3. &#8220;Las expectativas son bajas al principio, pero altas para la temporada en su conjunto&#8221;, complet\u00f3.<\/p>\n\n\n\n<p class=\"wp-block-paragraph\"><strong>Nico H\u00fclkenberg<\/strong> tambi\u00e9n opin\u00f3 sobre la llegada de <strong>Komatsu<\/strong>. Aunque solo trabaj\u00f3 con el ingeniero el a\u00f1o pasado, el alem\u00e1n fue otro que vio signos prometedores en su m\u00e9todo de trabajo durante este primer mes. &#8220;Mi relaci\u00f3n con <strong>Ayao<\/strong> es muy buena, trabaj\u00e9 en estrecha colaboraci\u00f3n con \u00e9l el a\u00f1o pasado durante toda la temporada&#8221;, comenz\u00f3 el <strong>#27<\/strong>.<\/p>\n\n\n\n<p class=\"wp-block-paragraph\">\ud83d\udfe5&nbsp;<strong><em>\u00a1Todas las novedades te esperan en el canal de&nbsp;<a href=\"https:\/\/www.youtube.com\/@GrandePremioES\" target=\"_blank\" rel=\"noreferrer noopener\">YouTube<\/a>&nbsp;de Grande Pr\u00eamio en Espa\u00f1ol!<\/em><\/strong>&nbsp;\ud83d\udfe8<\/p>\n\n\n\n<p class=\"wp-block-paragraph\">&#8220;Creo que tenemos un gran cambio en el liderazgo, pero es interesante. Hay otros equipos que han hecho algo similar, colocando t\u00e9cnicos en la funci\u00f3n principal del equipo, y eso les ha funcionado muy bien&#8221;, destac\u00f3 Nico, antes de concluir: &#8220;Creo que Ayao trabajar\u00e1 a su manera, pero <strong>creo que aporta mucho conocimiento t\u00e9cnico y experiencia<\/strong>&#8220;.<\/p>\n\n\n\n<p class=\"wp-block-paragraph\">La <strong>F\u00f3rmula 1 <\/strong>regresa a la pista del 21 al 23 de febrero, con las pruebas colectivas de pretemporada en <strong>Bahrein<\/strong>, en el circuito de Sakhir.<\/p>\n\n\n\n<figure class=\"wp-block-embed is-type-video is-provider-youtube wp-block-embed-youtube wp-embed-aspect-16-9 wp-has-aspect-ratio\"><div class=\"wp-block-embed__wrapper\">\n<iframe loading=\"lazy\" title=\"\ud83d\udd34LA F1 SE ALISTA CONTRA RED BULL PRESENTANDO AUTOS DE NEGRO PREDOMINANTE Y DISE\u00d1OS NOVEDOSOS \ud83c\udfc1\" width=\"500\" height=\"281\" src=\"https:\/\/www.youtube.com\/embed\/p2PwCAxkYwk?feature=oembed\" frameborder=\"0\" allow=\"accelerometer; autoplay; clipboard-write; encrypted-media; gyroscope; picture-in-picture; web-share\" referrerpolicy=\"strict-origin-when-cross-origin\" allowfullscreen><\/iframe>\n<\/div><\/figure>\n","protected":false},"excerpt":{"rendered":"<p>Kevin Magnussen elogi\u00f3 el estilo del nuevo jefe de equipo, Ayao Komatsu, y espera la evoluci\u00f3n de Haas a lo largo de la temporada, a pesar de un probable inicio dif\u00edcil.<\/p>\n","protected":false},"author":0,"featured_media":1010231366,"comment_status":"closed","ping_status":"closed","sticky":false,"template":"","format":"standard","meta":{"42wp_featured_image_caption":"","42wp_featured_image_credits":"","42wp_featured_video":"","42wp_featured_image_hidden":false,"42wp_authors_list":[],"footnotes":""},"categories":[5],"tags":[9736,181,2249,179,1488,414,1202,430],"42wp_author":[14235],"class_list":["post-15184","post","type-post","status-publish","format-standard","has-post-thumbnail","hentry","category-f1","tag-ayao-komatsu","tag-f1","tag-f1-2024","tag-formula-1","tag-grande-premio","tag-haas","tag-haas-f1-team","tag-kevin-magnussen","42wp_author-barbara-mincioni"],"_links":{"self":[{"href":"https:\/\/grandepremio.com\/es\/wp-json\/wp\/v2\/posts\/15184","targetHints":{"allow":["GET"]}}],"collection":[{"href":"https:\/\/grandepremio.com\/es\/wp-json\/wp\/v2\/posts"}],"about":[{"href":"https:\/\/grandepremio.com\/es\/wp-json\/wp\/v2\/types\/post"}],"replies":[{"embeddable":true,"href":"https:\/\/grandepremio.com\/es\/wp-json\/wp\/v2\/comments?post=15184"}],"version-history":[{"count":0,"href":"https:\/\/grandepremio.com\/es\/wp-json\/wp\/v2\/posts\/15184\/revisions"}],"wp:featuredmedia":[{"embeddable":true,"href":"https:\/\/grandepremio.com\/es\/wp-json\/wp\/v2\/media\/1010231366"}],"wp:attachment":[{"href":"https:\/\/grandepremio.com\/es\/wp-json\/wp\/v2\/media?parent=15184"}],"wp:term":[{"taxonomy":"category","embeddable":true,"href":"https:\/\/grandepremio.com\/es\/wp-json\/wp\/v2\/categories?post=15184"},{"taxonomy":"post_tag","embeddable":true,"href":"https:\/\/grandepremio.com\/es\/wp-json\/wp\/v2\/tags?post=15184"},{"taxonomy":"42wp_author","embeddable":true,"href":"https:\/\/grandepremio.com\/es\/wp-json\/wp\/v2\/42wp_author?post=15184"}],"curies":[{"name":"wp","href":"https:\/\/api.w.org\/{rel}","templated":true}]}}