{"id":15186,"date":"2024-02-18T10:52:03","date_gmt":"2024-02-18T13:52:03","guid":{"rendered":"https:\/\/grandepremio.com\/es\/2024\/02\/18\/russell-tropiezos-con-el-w14-de-2023y-ve-a-mercedes-en-la-direccion-correcta\/"},"modified":"2024-02-18T10:54:05","modified_gmt":"2024-02-18T13:54:05","slug":"russell-tropiezos-con-el-w14-de-2023y-ve-a-mercedes-en-la-direccion-correcta","status":"publish","type":"post","link":"https:\/\/grandepremio.com\/es\/f1\/russell-tropiezos-con-el-w14-de-2023y-ve-a-mercedes-en-la-direccion-correcta\/","title":{"rendered":"Russell admite &#8220;tropiezos&#8221; con el W14 de 2023 y ve a Mercedes &#8220;en la direcci\u00f3n correcta&#8221;"},"content":{"rendered":"\n<p class=\"wp-block-paragraph\">Despu\u00e9s de ver los mismos problemas del <strong>W13<\/strong> repetirse en el coche de la \u00faltima temporada, <strong>George Russell<\/strong> reconoci\u00f3 que <strong>Mercedes<\/strong> &#8220;tropez\u00f3&#8221; en el desarrollo del <strong>W14<\/strong>. Sin embargo cree que se encontraron soluciones para 2024. El brit\u00e1nico espera poder derrotar a <strong>Red Bull<\/strong>.<\/p>\n\n\n\n<p class=\"wp-block-paragraph\">\u23e9&nbsp;<strong><em>\u00a1Seguinos en redes por&nbsp;<a href=\"https:\/\/twitter.com\/grandepremioES\" target=\"_blank\" rel=\"noreferrer noopener\">Twitter&nbsp;<\/a>e&nbsp;<a href=\"https:\/\/www.instagram.com\/grandepremioes\/\" target=\"_blank\" rel=\"noreferrer noopener\">Instagram!<\/a><\/em><\/strong><br><strong>\u23e9<\/strong>&nbsp;<strong><em>Adem\u00e1s, tenemos nuestro&nbsp;<a href=\"https:\/\/whatsapp.com\/channel\/0029VaDZ5zb0gcfDxuwxBM05\" target=\"_blank\" rel=\"noreferrer noopener\">canal de Whatsapp<\/a>&nbsp;con toda la informaci\u00f3n al instante<\/em><\/strong>&nbsp;\ud83c\udfc1<\/p>\n\n\n\n<p class=\"wp-block-paragraph\">La \u00faltima victoria del equipo dirigido por <strong>Toto Wolff<\/strong> en la <strong>F\u00f3rmula 1<\/strong> fue en 2022, en el <strong>Gran Premio de S\u00e3o Paulo<\/strong>. En esa ocasi\u00f3n, fue el propio compa\u00f1ero de equipo de <strong>Lewis Hamilton <\/strong>quien subi\u00f3 al escal\u00f3n m\u00e1s alto del podio, ganando por primera vez en su carrera. Las expectativas eran mejores para el a\u00f1o siguiente, pero no se confirmaron. En <strong>2023<\/strong>, a pesar de terminar en la segunda posici\u00f3n del Mundial de Constructores,<strong> las Flechas de Plata no lograron ninguna victoria<\/strong>.<\/p>\n\n\n\n<p class=\"wp-block-paragraph\">&#8220;Los \u00faltimos dos a\u00f1os han sido desafiantes para el equipo. Despu\u00e9s de ocho campeonatos, terminamos en tercer lugar en 2022. <strong>Fue una sorpresa<\/strong>&#8220;, dijo el piloto de 26 a\u00f1os. &#8220;No solo el resultado, sino los desaf\u00edos que enfrentamos. No entend\u00edamos el coche&#8221;, admiti\u00f3.<\/p>\n\n\n\n<p class=\"wp-block-paragraph\">&#8220;Los problemas en los que tropezamos tomaron mucho tiempo para ser comprendidos y resueltos&#8221;, agreg\u00f3 Russell, quien asegur\u00f3 que se resolvieron: &#8220;Siento que en estos dos a\u00f1os aprendimos mucho como equipo, desarrollamos nuestras herramientas. Tenemos una correlaci\u00f3n mucho mejor entre nuestras simulaciones y el t\u00fanel de viento con la pista real, lo cual es vital para los a\u00f1os que est\u00e1n por venir&#8221;.<\/p>\n\n\n\n<figure class=\"wp-block-image size-large\"><img decoding=\"async\" src=\"https:\/\/grandepremio.com\/es\/wp-content\/uploads\/2024\/02\/GGPXFM3XUAAdSgP-e1707918128338-1024x683.jpg\" alt=\"\" class=\"wp-image-231143\"\/><figcaption class=\"wp-element-caption\">Russell cree que el W15 har\u00e1 que Mercedes sea m\u00e1s competitivo (Foto: Mercedes) <\/figcaption><\/figure>\n\n\n\n<p class=\"wp-block-paragraph\">La desventaja en comparaci\u00f3n con<strong> Red Bull <\/strong>fue inmensa en 2023: 451 puntos separaron a los equipos en la tabla. Mientras el equipo de<strong> Max Verstappen <\/strong>y <strong>Sergio P\u00e9rez<\/strong> gan\u00f3 21 de los 22 Grandes Premios disputados, <strong>Mercedes<\/strong> no obtuvo ninguna victoria. Mirando hacia la \u00faltima d\u00e9cada, Russell enfatiz\u00f3 que el momento es malo, pero podr\u00eda ser peor.<\/p>\n\n\n\n<p class=\"wp-block-paragraph\">\ud83d\udfe5&nbsp;<strong><em>\u00a1Todas las novedades te esperan en el canal de&nbsp;<a href=\"https:\/\/www.youtube.com\/@GrandePremioES\" target=\"_blank\" rel=\"noreferrer noopener\">YouTube<\/a>&nbsp;de Grande Pr\u00eamio en Espa\u00f1ol!<\/em><\/strong>&nbsp;\ud83d\udfe8<\/p>\n\n\n\n<p class=\"wp-block-paragraph\">&#8220;Al final del d\u00eda, si miras los \u00faltimos diez a\u00f1os, ganamos ocho campeonatos y los a\u00f1os malos fueron un tercer y segundo lugar&#8221;, subray\u00f3 el #63. &#8220;Eso muestra las expectativas que tenemos. El resultado en papel no fue malo el a\u00f1o pasado, pero la realidad de cu\u00e1n lejos est\u00e1bamos de vencer a<strong> Red Bull <\/strong>era demasiado grande&#8221;, record\u00f3.<\/p>\n\n\n\n<p class=\"wp-block-paragraph\">El brit\u00e1nico sabe que necesita seguir trabajando si quiere convertirse en un contendiente serio en los pr\u00f3ximos meses, pero aprob\u00f3 la direcci\u00f3n tomada con el nuevo coche, el <strong>W15<\/strong>, presentado el pasado mi\u00e9rcoles. &#8220;Sabemos que tenemos mucho trabajo por hacer. Estoy confiado en que este coche ser\u00e1 un paso en la direcci\u00f3n correcta. Pero ahora solo tenemos que seguir trabajando y avanzando&#8221;, concluy\u00f3.<\/p>\n\n\n\n<p class=\"wp-block-paragraph\">La <strong>F\u00f3rmula 1<\/strong> regresa a la pista del 21 al 23 de febrero, con las pruebas colectivas de pretemporada en Bahr\u00e9in, en el circuito de Sakhir. <\/p>\n\n\n\n<figure class=\"wp-block-embed is-type-video is-provider-youtube wp-block-embed-youtube wp-embed-aspect-16-9 wp-has-aspect-ratio\"><div class=\"wp-block-embed__wrapper\">\n<iframe loading=\"lazy\" title=\"\ud83d\udd34LA F1 SE ALISTA CONTRA RED BULL PRESENTANDO AUTOS DE NEGRO PREDOMINANTE Y DISE\u00d1OS NOVEDOSOS \ud83c\udfc1\" width=\"500\" height=\"281\" src=\"https:\/\/www.youtube.com\/embed\/p2PwCAxkYwk?feature=oembed\" frameborder=\"0\" allow=\"accelerometer; autoplay; clipboard-write; encrypted-media; gyroscope; picture-in-picture; web-share\" referrerpolicy=\"strict-origin-when-cross-origin\" allowfullscreen><\/iframe>\n<\/div><\/figure>\n","protected":false},"excerpt":{"rendered":"<p>George Russell reconoci\u00f3 que Mercedes tuvo dificultades para resolver problemas en el W14, pero cree que el equipo est\u00e1 en una posici\u00f3n mucho mejor para 2024.<\/p>\n","protected":false},"author":0,"featured_media":1010231359,"comment_status":"closed","ping_status":"closed","sticky":false,"template":"","format":"standard","meta":{"42wp_featured_image_caption":"","42wp_featured_image_credits":"","42wp_featured_video":"","42wp_featured_image_hidden":false,"42wp_authors_list":[],"footnotes":""},"categories":[5],"tags":[181,2249,253,1488,197,9819,9580],"42wp_author":[14235],"class_list":["post-15186","post","type-post","status-publish","format-standard","has-post-thumbnail","hentry","category-f1","tag-f1","tag-f1-2024","tag-george-russell","tag-grande-premio","tag-mercedes","tag-mercedes-2024","tag-w15","42wp_author-barbara-mincioni"],"_links":{"self":[{"href":"https:\/\/grandepremio.com\/es\/wp-json\/wp\/v2\/posts\/15186","targetHints":{"allow":["GET"]}}],"collection":[{"href":"https:\/\/grandepremio.com\/es\/wp-json\/wp\/v2\/posts"}],"about":[{"href":"https:\/\/grandepremio.com\/es\/wp-json\/wp\/v2\/types\/post"}],"replies":[{"embeddable":true,"href":"https:\/\/grandepremio.com\/es\/wp-json\/wp\/v2\/comments?post=15186"}],"version-history":[{"count":0,"href":"https:\/\/grandepremio.com\/es\/wp-json\/wp\/v2\/posts\/15186\/revisions"}],"wp:featuredmedia":[{"embeddable":true,"href":"https:\/\/grandepremio.com\/es\/wp-json\/wp\/v2\/media\/1010231359"}],"wp:attachment":[{"href":"https:\/\/grandepremio.com\/es\/wp-json\/wp\/v2\/media?parent=15186"}],"wp:term":[{"taxonomy":"category","embeddable":true,"href":"https:\/\/grandepremio.com\/es\/wp-json\/wp\/v2\/categories?post=15186"},{"taxonomy":"post_tag","embeddable":true,"href":"https:\/\/grandepremio.com\/es\/wp-json\/wp\/v2\/tags?post=15186"},{"taxonomy":"42wp_author","embeddable":true,"href":"https:\/\/grandepremio.com\/es\/wp-json\/wp\/v2\/42wp_author?post=15186"}],"curies":[{"name":"wp","href":"https:\/\/api.w.org\/{rel}","templated":true}]}}