{"id":15209,"date":"2024-02-16T10:24:27","date_gmt":"2024-02-16T13:24:27","guid":{"rendered":"https:\/\/grandepremio.com\/es\/2024\/02\/16\/verstappen-descarta-superar-sus-records-de-2023-en-la-f1-y-habla-sobre-hamilton-y-horner\/"},"modified":"2024-02-16T10:24:34","modified_gmt":"2024-02-16T13:24:34","slug":"verstappen-descarta-superar-sus-records-de-2023-en-la-f1-y-habla-sobre-hamilton-y-horner","status":"publish","type":"post","link":"https:\/\/grandepremio.com\/es\/f1\/verstappen-descarta-superar-sus-records-de-2023-en-la-f1-y-habla-sobre-hamilton-y-horner\/","title":{"rendered":"Verstappen descarta superar sus r\u00e9cords de 2023 en la F1 y habla sobre Hamilton y Horner"},"content":{"rendered":"\n<p class=\"wp-block-paragraph\"><strong>Max Verstappen<\/strong>, actual tricampe\u00f3n mundial de <strong>F\u00f3rmula 1<\/strong>, ha compartido sus perspectivas despu\u00e9s de un a\u00f1o excepcional con el equipo <strong>Red Bull<\/strong>. En una temporada de ensue\u00f1o, Verstappen logr\u00f3 19 victorias en 22 carreras, cuatro sprints, 12 poles y subi\u00f3 al podio en 21 ocasiones.<\/p>\n\n\n\n<p class=\"wp-block-paragraph\">\u23e9&nbsp;<strong><em>\u00a1Seguinos en redes por&nbsp;<a href=\"https:\/\/twitter.com\/grandepremioES\" target=\"_blank\" rel=\"noreferrer noopener\">Twitter&nbsp;<\/a>e&nbsp;<a href=\"https:\/\/www.instagram.com\/grandepremioes\/\" target=\"_blank\" rel=\"noreferrer noopener\">Instagram!<\/a><\/em><\/strong><br><strong>\u23e9<\/strong>&nbsp;<strong><em>Adem\u00e1s, tenemos nuestro&nbsp;<a href=\"https:\/\/whatsapp.com\/channel\/0029VaDZ5zb0gcfDxuwxBM05\" target=\"_blank\" rel=\"noreferrer noopener\">canal de Whatsapp<\/a>&nbsp;con toda la informaci\u00f3n al instante<\/em><\/strong>&nbsp;\ud83c\udfc1<\/p>\n\n\n\n<p class=\"wp-block-paragraph\">Al hablar durante el lanzamiento del <strong>RB20<\/strong>, el auto de <strong>Red Bull<\/strong> para la temporada 2024, Verstappen declar\u00f3 que<strong> superar sus propios r\u00e9cords de la temporada pasada no es su objetivo <\/strong>principal. Reconoci\u00f3 que las haza\u00f1as de 2023 ser\u00e1n dif\u00edciles de pasar y que su enfoque se centra en entregar otro coche competitivo y dar lo mejor de s\u00ed mismo en la pista. <\/p>\n\n\n\n<p class=\"wp-block-paragraph\">El neerland\u00e9s expres\u00f3 que el rendimiento futuro depender\u00e1 del trabajo conjunto del equipo y que solo el tiempo revelar\u00e1 qu\u00e9 tan r\u00e1pido ser\u00e1n. &#8220;Estas cosas son bastante dif\u00edciles de superar, creo que ni siquiera es nuestro objetivo. Solo pensamos en entregar otro auto competitivo y, en mi caso, hacer lo mejor posible. Pero todo depende de lo que hagamos juntos, as\u00ed que solo el tiempo dir\u00e1 qu\u00e9 tan r\u00e1pido somos&#8221;, afirm\u00f3 el tricampe\u00f3n mundial.<\/p>\n\n\n\n<p class=\"wp-block-paragraph\">&#8220;A nuestro alrededor, la gente est\u00e1 aprendiendo cada vez m\u00e1s. No siempre tendremos una gran temporada porque si hay una competencia natural con otros equipos, se volver\u00e1 m\u00e1s dif\u00edcil ganar carreras&#8221;, a\u00f1adi\u00f3.<\/p>\n\n\n\n<p class=\"wp-block-paragraph\">Respecto a la pretemporada, Verstappen habl\u00f3 sobre el shakedown del <strong>RB20<\/strong> en <strong>Silverstone<\/strong>. Aunque no proporcion\u00f3 muchos detalles debido a las condiciones h\u00famedas de la pista, afirm\u00f3 que el auto &#8220;empez\u00f3 bien&#8221;. <\/p>\n\n\n\n<p class=\"wp-block-paragraph\">&#8220;<strong>Todo sali\u00f3 bien, fue literalmente s\u00f3lo un d\u00eda de filmaci\u00f3n<\/strong>. El coche empez\u00f3 bien. Ahora debemos asegurarnos de juntarlo todo para que todo funcione correctamente en Bahrein. Es cuando todo comienza y aprenderemos m\u00e1s sobre el auto&#8221;.<\/p>\n\n\n\n<figure class=\"wp-block-image size-large\"><img decoding=\"async\" src=\"https:\/\/grandepremio.com\/es\/wp-content\/uploads\/2024\/02\/SI202402140472_hires_jpeg_24bit_rgb-1024x683.jpg\" alt=\"\" class=\"wp-image-231258\"\/><figcaption class=\"wp-element-caption\">Verstappen particip\u00f3 en la presentaci\u00f3n del RB20 de Red Bull (Foto: Red Bull Content Pool)<\/figcaption><\/figure>\n\n\n\n<p class=\"wp-block-paragraph\">A pesar de la presentaci\u00f3n del RB20, la atenci\u00f3n se centr\u00f3 inevitablemente en el &#8220;caso Horner&#8221;. En las \u00faltimas semanas, el jefe de <strong>Red Bull<\/strong>, <strong>Christian Horner<\/strong>, ha sido objeto de una investigaci\u00f3n debido a acusaciones de comportamiento inapropiado hacia una empleada. Aunque una audiencia se llev\u00f3 a cabo recientemente, el resultado a\u00fan no se ha anunciado, generando incertidumbre en el equipo de la marca de bebidas energ\u00e9ticas.<\/p>\n\n\n\n<p class=\"wp-block-paragraph\"><strong>Verstappen<\/strong> afirm\u00f3 que la relaci\u00f3n con su jefe sigue siendo la misma de siempre y expres\u00f3 confianza en la estabilidad del equipo. &#8220;<strong>La relaci\u00f3n sigue siendo la misma de siempre<\/strong>. No s\u00e9 a qui\u00e9n le gusta escribir ese tipo de cosas. Christian y yo estamos como siempre&#8221;, ratific\u00f3. <\/p>\n\n\n\n<p class=\"wp-block-paragraph\">Aunque <strong>Horner<\/strong> admiti\u00f3 que el caso se ha convertido en una &#8220;distorsi\u00f3n&#8221; en la rutina de trabajo, el tricampe\u00f3n asegur\u00f3 que sigue enfocado como siempre. &#8220;En mi caso, <strong>estoy muy enfocado en prepararme, estar en forma y listo para conducir<\/strong>&#8220;, asegur\u00f3 Verstappen.<\/p>\n\n\n\n<p class=\"wp-block-paragraph\">En medio de la gran bomba que tuvo lugar a ra\u00edz del anuncio de<strong> Lewis Hamilton <\/strong>fichando para Ferrari a partir, el actual campe\u00f3n mundial tricampe\u00f3n, &#8220;ser\u00e1 interesante ver&#8221;. <strong>Verstappen<\/strong> record\u00f3 los logros de Hamilton en la<strong> F\u00f3rmula 1 <\/strong>y destac\u00f3 el hecho de que <strong>Ferrari<\/strong> es un sue\u00f1o codiciado por campeones.<\/p>\n\n\n\n<p class=\"wp-block-paragraph\">&#8220;<strong>Al final del d\u00eda, la gente quiere conducir para Ferrari.<\/strong> Especialmente alguien como Lewis, que ya ha logrado tantas cosas&#8221;, afirm\u00f3.<\/p>\n\n\n\n<p class=\"wp-block-paragraph\">\ud83d\udfe5&nbsp;<strong><em>\u00a1Todas las novedades te esperan en el canal de&nbsp;<a href=\"https:\/\/www.youtube.com\/@GrandePremioES\" target=\"_blank\" rel=\"noreferrer noopener\">YouTube<\/a>&nbsp;de Grande Pr\u00eamio en Espa\u00f1ol!<\/em><\/strong>&nbsp;\ud83d\udfe8<\/p>\n\n\n\n<p class=\"wp-block-paragraph\">&#8220;Si ese es el sue\u00f1o y el objetivo, entonces [es genial]. No conocemos las conversaciones que tuvo en Mercedes ni lo que le prometieron en <strong>Ferrari<\/strong>, y lo que imaginan que viene por delante. No se puede emitir una opini\u00f3n honesta sobre la raz\u00f3n por la que tom\u00f3 esa decisi\u00f3n [sin toda la informaci\u00f3n]. Si est\u00e1 feliz con este movimiento, entonces deber\u00eda irse&#8221;, se\u00f1al\u00f3.<\/p>\n\n\n\n<p class=\"wp-block-paragraph\">\u201cAunque creo que ser\u00e1 interesante de ver. Espero que sea un \u00e9xito para ellos, pero a\u00fan no se puede saber&#8221;, coment\u00f3.<\/p>\n\n\n\n<p class=\"wp-block-paragraph\">La<strong> F\u00f3rmula 1 <\/strong>regresar\u00e1 a las pistas con los test de pretemporada en <strong>Bahrein<\/strong> del 21 al 23 de febrero, marcando el inicio de la temporada 2024.<\/p>\n","protected":false},"excerpt":{"rendered":"<p>Max Verstappen en el marco de la presentaci\u00f3n del RB20, habl\u00f3 de los desaf\u00edos que le depara 2024 en la F\u00f3rmula y adem\u00e1s dio su parecer sobre la situaci\u00f3n del equipo y el pase de Lewis Hamilton.<\/p>\n","protected":false},"author":0,"featured_media":1010231276,"comment_status":"closed","ping_status":"closed","sticky":false,"template":"","format":"standard","meta":{"42wp_featured_image_caption":"","42wp_featured_image_credits":"","42wp_featured_video":"","42wp_featured_image_hidden":false,"42wp_authors_list":[],"footnotes":""},"categories":[5],"tags":[181,1488,199,249,9712,206],"42wp_author":[14235],"class_list":["post-15209","post","type-post","status-publish","format-standard","has-post-thumbnail","hentry","category-f1","tag-f1","tag-grande-premio","tag-lewis-hamilton","tag-max-verstappen","tag-rb20","tag-red-bull","42wp_author-barbara-mincioni"],"_links":{"self":[{"href":"https:\/\/grandepremio.com\/es\/wp-json\/wp\/v2\/posts\/15209","targetHints":{"allow":["GET"]}}],"collection":[{"href":"https:\/\/grandepremio.com\/es\/wp-json\/wp\/v2\/posts"}],"about":[{"href":"https:\/\/grandepremio.com\/es\/wp-json\/wp\/v2\/types\/post"}],"replies":[{"embeddable":true,"href":"https:\/\/grandepremio.com\/es\/wp-json\/wp\/v2\/comments?post=15209"}],"version-history":[{"count":0,"href":"https:\/\/grandepremio.com\/es\/wp-json\/wp\/v2\/posts\/15209\/revisions"}],"wp:featuredmedia":[{"embeddable":true,"href":"https:\/\/grandepremio.com\/es\/wp-json\/wp\/v2\/media\/1010231276"}],"wp:attachment":[{"href":"https:\/\/grandepremio.com\/es\/wp-json\/wp\/v2\/media?parent=15209"}],"wp:term":[{"taxonomy":"category","embeddable":true,"href":"https:\/\/grandepremio.com\/es\/wp-json\/wp\/v2\/categories?post=15209"},{"taxonomy":"post_tag","embeddable":true,"href":"https:\/\/grandepremio.com\/es\/wp-json\/wp\/v2\/tags?post=15209"},{"taxonomy":"42wp_author","embeddable":true,"href":"https:\/\/grandepremio.com\/es\/wp-json\/wp\/v2\/42wp_author?post=15209"}],"curies":[{"name":"wp","href":"https:\/\/api.w.org\/{rel}","templated":true}]}}