{"id":15227,"date":"2024-02-14T14:55:32","date_gmt":"2024-02-14T17:55:32","guid":{"rendered":"https:\/\/grandepremio.com\/es\/2024\/02\/14\/mclaren-confirma-ausencia-de-malukas-en-el-gp-de-st-pete-tras-accidente-en-bicicleta\/"},"modified":"2024-02-14T14:55:39","modified_gmt":"2024-02-14T17:55:39","slug":"mclaren-confirma-ausencia-de-malukas-en-el-gp-de-st-pete-tras-accidente-en-bicicleta","status":"publish","type":"post","link":"https:\/\/grandepremio.com\/es\/indy\/mclaren-confirma-ausencia-de-malukas-en-el-gp-de-st-pete-tras-accidente-en-bicicleta\/","title":{"rendered":"McLaren confirma ausencia de Malukas en el GP de St. Pete tras accidente en bicicleta"},"content":{"rendered":"\n<p class=\"wp-block-paragraph\"><strong>McLaren<\/strong> confirm\u00f3 a primera hora de la tarde de este mi\u00e9rcoles que <strong>David Malukas<\/strong> no participar\u00e1 en el <strong>GP de St. Pete<\/strong>, que inaugura la temporada de la <strong>IndyCar<\/strong> el pr\u00f3ximo 10 de marzo. El estadounidense tuvo un accidente en bicicleta de monta\u00f1a y tuvo que ser intervenido quir\u00fargicamente el martes  debido a una lesi\u00f3n en los ligamentos de la mu\u00f1eca izquierda.<\/p>\n\n\n\n<p class=\"wp-block-paragraph\">\u23e9&nbsp;<strong><em>\u00a1Seguinos en redes por&nbsp;<a href=\"https:\/\/twitter.com\/grandepremioES\" target=\"_blank\" rel=\"noreferrer noopener\">Twitter&nbsp;<\/a>e&nbsp;<a href=\"https:\/\/www.instagram.com\/grandepremioes\/\" target=\"_blank\" rel=\"noreferrer noopener\">Instagram!<\/a><\/em><\/strong><br><strong>\u23e9<\/strong>&nbsp;<strong><em>Adem\u00e1s, tenemos nuestro&nbsp;<a href=\"https:\/\/whatsapp.com\/channel\/0029VaDZ5zb0gcfDxuwxBM05\" target=\"_blank\" rel=\"noreferrer noopener\">canal de Whatsapp<\/a>&nbsp;con toda la informaci\u00f3n al instante<\/em><\/strong>&nbsp;\ud83c\udfc1<\/p>\n\n\n\n<p class=\"wp-block-paragraph\">El equipo afirm\u00f3 que el tiempo de recuperaci\u00f3n estimado es de seis semanas despu\u00e9s de la retirada de los puntos, programada para el 22 de febrero. Por lo tanto, es probable que <strong>Malukas<\/strong> tambi\u00e9n se pierda la carrera <strong>All-Star <\/strong>en<strong> Palm Springs<\/strong>, programada para el 24 de marzo.<\/p>\n\n\n\n<p class=\"wp-block-paragraph\">&#8220;Estoy destrozado por esto, especialmente tan cerca de la temporada&#8221;, lament\u00f3 Malukas en el comunicado oficial. &#8220;<strong>Me siento mal por el equipo, que trabaj\u00f3 tanto para prepararse para nuestra primera temporada juntos. <\/strong>Trabajar\u00e9 duro para regresar lo m\u00e1s r\u00e1pido posible. No puedo esperar para correr con el equipo papaya&#8221;, dijo.<\/p>\n\n\n\n<figure class=\"wp-block-image size-large\"><img decoding=\"async\" src=\"https:\/\/grandepremio.com\/es\/wp-content\/uploads\/2024\/02\/GFvkSnsWcAE1WoY-1024x577.jpg\" alt=\"\" class=\"wp-image-230842\"\/><figcaption class=\"wp-element-caption\">El auto de David Malukas para 2024 no ser\u00e1 corrido por el piloto lituano estadounidense (Foto: McLaren)<\/figcaption><\/figure>\n\n\n\n<p class=\"wp-block-paragraph\">&#8220;Es desgarrador para David, por supuesto, y para todo nuestro equipo&#8221;, afirm\u00f3 <strong>Gavin Ward<\/strong>, jefe de <strong>McLaren<\/strong> en la Indy. &#8220;Vimos cu\u00e1nto trabajo \u00e9l y todo este grupo dedicaron en la preparaci\u00f3n para su primera temporada con nosotros. Pero a menudo es la forma en que nos recuperamos de contratiempos y adversidades lo que nos define y define nuestro car\u00e1cter. Haremos todo lo posible para apoyar a David en su recuperaci\u00f3n y, cuando regrese, el \u00e9xito ser\u00e1 a\u00fan m\u00e1s gratificante&#8221;, concluy\u00f3.<\/p>\n\n\n\n<p class=\"wp-block-paragraph\"><strong>McLaren<\/strong> afirm\u00f3 que &#8220;est\u00e1 evaluando opciones de reserva para el auto #6&#8221; y que debe anunciar un sustituto pronto. Callum Ilott, Conor Daly y Jack Harvey, quienes corrieron a tiempo completo en la IndyCar en 2023, son algunos nombres que podr\u00edan ser considerados.<\/p>\n\n\n\n<p class=\"wp-block-paragraph\">\ud83d\udfe5&nbsp;<strong><em>\u00a1Todas las novedades te esperan en el canal de&nbsp;<a href=\"https:\/\/www.youtube.com\/@GrandePremioES\" target=\"_blank\" rel=\"noreferrer noopener\">YouTube<\/a>&nbsp;de Grande Pr\u00eamio en Espa\u00f1ol!<\/em><\/strong>&nbsp;\ud83d\udfe8<\/p>\n\n\n\n<p class=\"wp-block-paragraph\">El brasile\u00f1o<strong> Tony Kanaan<\/strong>, que se despidi\u00f3 de las pistas el a\u00f1o pasado en las 500 Millas de Indian\u00e1polis y actualmente es director deportivo del equipo brit\u00e1nico, <strong>tambi\u00e9n podr\u00eda ser considerado para cubrir la ausencia de David<\/strong>.<\/p>\n\n\n\n<p class=\"wp-block-paragraph\">Antes de ser anunciado como piloto de <strong>McLaren<\/strong> en septiembre del a\u00f1o pasado, Malukas pas\u00f3 dos temporadas defendiendo a Dale Coyne. En 2023 termin\u00f3 el a\u00f1o en la posici\u00f3n 17 y su mejor resultado fue el tercer lugar en Gateway.<\/p>\n","protected":false},"excerpt":{"rendered":"<p>David Malukas sufri\u00f3 un accidente en bicicleta de monta\u00f1a y tuvo que someterse a una cirug\u00eda debido a una lesi\u00f3n en los ligamentos de la mu\u00f1eca izquierda.<\/p>\n","protected":false},"author":0,"featured_media":1010231069,"comment_status":"closed","ping_status":"closed","sticky":false,"template":"","format":"standard","meta":{"42wp_featured_image_caption":"","42wp_featured_image_credits":"","42wp_featured_video":"","42wp_featured_image_hidden":false,"42wp_authors_list":[],"footnotes":""},"categories":[7],"tags":[4443,2829,8718,310,2294,9448,9769],"42wp_author":[14235],"class_list":["post-15227","post","type-post","status-publish","format-standard","has-post-thumbnail","hentry","category-indy","tag-arrow-mclaren","tag-david-malukas","tag-indy-car","tag-indycar","tag-indycar-2024","tag-malukas","tag-mclaren-2024","42wp_author-barbara-mincioni"],"_links":{"self":[{"href":"https:\/\/grandepremio.com\/es\/wp-json\/wp\/v2\/posts\/15227","targetHints":{"allow":["GET"]}}],"collection":[{"href":"https:\/\/grandepremio.com\/es\/wp-json\/wp\/v2\/posts"}],"about":[{"href":"https:\/\/grandepremio.com\/es\/wp-json\/wp\/v2\/types\/post"}],"replies":[{"embeddable":true,"href":"https:\/\/grandepremio.com\/es\/wp-json\/wp\/v2\/comments?post=15227"}],"version-history":[{"count":0,"href":"https:\/\/grandepremio.com\/es\/wp-json\/wp\/v2\/posts\/15227\/revisions"}],"wp:featuredmedia":[{"embeddable":true,"href":"https:\/\/grandepremio.com\/es\/wp-json\/wp\/v2\/media\/1010231069"}],"wp:attachment":[{"href":"https:\/\/grandepremio.com\/es\/wp-json\/wp\/v2\/media?parent=15227"}],"wp:term":[{"taxonomy":"category","embeddable":true,"href":"https:\/\/grandepremio.com\/es\/wp-json\/wp\/v2\/categories?post=15227"},{"taxonomy":"post_tag","embeddable":true,"href":"https:\/\/grandepremio.com\/es\/wp-json\/wp\/v2\/tags?post=15227"},{"taxonomy":"42wp_author","embeddable":true,"href":"https:\/\/grandepremio.com\/es\/wp-json\/wp\/v2\/42wp_author?post=15227"}],"curies":[{"name":"wp","href":"https:\/\/api.w.org\/{rel}","templated":true}]}}