{"id":15246,"date":"2024-02-13T15:24:09","date_gmt":"2024-02-13T18:24:09","guid":{"rendered":"https:\/\/grandepremio.com\/es\/2024\/02\/13\/horner-dice-presente-en-el-shakedown-del-rb20-de-red-bull-a-pesar-de-estar-bajo-investigacion\/"},"modified":"2024-02-13T15:24:30","modified_gmt":"2024-02-13T18:24:30","slug":"horner-dice-presente-en-el-shakedown-del-rb20-de-red-bull-a-pesar-de-estar-bajo-investigacion","status":"publish","type":"post","link":"https:\/\/grandepremio.com\/es\/f1\/horner-dice-presente-en-el-shakedown-del-rb20-de-red-bull-a-pesar-de-estar-bajo-investigacion\/","title":{"rendered":"Horner dice presente en el shakedown del RB20 de Red Bull a pesar de estar bajo investigaci\u00f3n"},"content":{"rendered":"\n<p class=\"wp-block-paragraph\">La semana de presentaciones y primeras participaciones de los autos en pista lleg\u00f3 para <strong>Red Bull<\/strong>. El actual campe\u00f3n mundial realizar\u00e1 la presentaci\u00f3n oficial el pr\u00f3ximo jueves 15 de febrero, pero puso al <strong>RB20<\/strong> en pista este martes 13 en <strong>Silverstone<\/strong>. Y <strong>Christian Horner <\/strong>estuvo all\u00ed.<\/p>\n\n\n\n<p class=\"wp-block-paragraph\">\u23e9&nbsp;<strong><em>\u00a1Seguinos en redes por&nbsp;<a href=\"https:\/\/twitter.com\/grandepremioES\" target=\"_blank\" rel=\"noreferrer noopener\">Twitter&nbsp;<\/a>e&nbsp;<a href=\"https:\/\/www.instagram.com\/grandepremioes\/\" target=\"_blank\" rel=\"noreferrer noopener\">Instagram!<\/a><\/em><\/strong><br><strong>\u23e9<\/strong>&nbsp;<strong><em>Adem\u00e1s, tenemos nuestro&nbsp;<a href=\"https:\/\/whatsapp.com\/channel\/0029VaDZ5zb0gcfDxuwxBM05\" target=\"_blank\" rel=\"noreferrer noopener\">canal de Whatsapp<\/a>&nbsp;con toda la informaci\u00f3n al instante<\/em><\/strong>&nbsp;\ud83c\udfc1<\/p>\n\n\n\n<p class=\"wp-block-paragraph\">El jefe de equipo estuvo presente en la primera aparici\u00f3n del nuevo coche en la pista en 2024. La informaci\u00f3n proviene de<strong> Sky Sports<\/strong>, poseedora de los derechos de transmisi\u00f3n de la <strong>F1<\/strong> en el <strong>Reino Unido<\/strong>.<\/p>\n\n\n\n<p class=\"wp-block-paragraph\">En el hogar del <strong>Gran Premio de Inglaterra<\/strong>, d\u00f3nde <strong>Aston Martin <\/strong>hab\u00eda presentado el <strong>AMR24<\/strong> el d\u00eda anterior,<strong> Max Verstappen<\/strong> condujo el auto en pista mojada. Seg\u00fan la emisora, la expectativa general es que <strong>Horner<\/strong> tambi\u00e9n est\u00e9 presente en el evento oficial de lanzamiento dentro de dos d\u00edas.<\/p>\n\n\n\n<figure class=\"wp-block-image size-full\"><img decoding=\"async\" src=\"https:\/\/grandepremio.com\/es\/wp-content\/uploads\/2024\/02\/image-12.png\" alt=\"\" class=\"wp-image-231081\"\/><figcaption class=\"wp-element-caption\">Christian Horner se queda con Red Bull despu\u00e9s del final de la investigaci\u00f3n (Foto: Red Bull Content Pool)<\/figcaption><\/figure>\n\n\n\n<p class=\"wp-block-paragraph\"><strong>Horner <\/strong>est\u00e1 actualmente bajo investigaci\u00f3n por comportamiento inapropiado. Los detalles del caso a\u00fan no est\u00e1n claros pero se sabe que involucra a una empleada, y <strong>Red Bull<\/strong> anunci\u00f3 una investigaci\u00f3n interna para aclarar la acusaci\u00f3n contra el jefe del equipo. El viernes pasado, el equipo y <strong>Horner<\/strong> tuvieron una reuni\u00f3n que sirvi\u00f3 como parte de la investigaci\u00f3n. El encuentro dur\u00f3 ocho horas, pero se espera que la decisi\u00f3n sobre su futuro pueda tardar hasta dos semanas. Horner por su parte niega la acusaci\u00f3n.<\/p>\n\n\n\n<p class=\"wp-block-paragraph\">\ud83d\udfe5&nbsp;<strong><em>\u00a1Todas las novedades te esperan en el canal de&nbsp;<a href=\"https:\/\/www.youtube.com\/@GrandePremioES\" target=\"_blank\" rel=\"noreferrer noopener\">YouTube<\/a>&nbsp;de Grande Pr\u00eamio en Espa\u00f1ol!<\/em><\/strong>&nbsp;\ud83d\udfe8<\/p>\n\n\n\n<p class=\"wp-block-paragraph\">La investigaci\u00f3n, sin embargo, no solo interesa a<strong> Red Bull<\/strong>, a <strong>Horner<\/strong> y a la empleada, sino tambi\u00e9n a dos figuras prominentes en la <strong>F\u00f3rmula 1<\/strong>: <strong>Bernie Ecclestone<\/strong>, exjefe de la categor\u00eda, y <strong>Stefano Domenicali<\/strong>, actual CEO. Cada uno de ellos, sin embargo, tiene sus propios motivos para estar interesados en el asunto.<\/p>\n\n\n\n<p class=\"wp-block-paragraph\"><strong>Ecclestone<\/strong> sigue siendo una figura muy cercana a Horner en la <strong>F\u00f3rmula 1<\/strong> y, seg\u00fan la informaci\u00f3n del sitio alem\u00e1n, intervino en el asunto a trav\u00e9s de &#8220;diversas conversaciones telef\u00f3nicas&#8221; como una especie de consultor sobre el caso.<\/p>\n\n\n\n<p class=\"wp-block-paragraph\"><strong>Domenicali<\/strong>, por su parte, est\u00e1 preocupado por las ramificaciones del proceso para la imagen de la <strong>F\u00f3rmula 1<\/strong>. El conglomerado <strong>Liberty Media<\/strong>, que posee los derechos de la categor\u00eda, es de origen estadounidense, un pa\u00eds que tiene una sensibilidad extrema hacia los casos de abuso de poder.<\/p>\n\n\n\n<figure class=\"wp-block-embed is-type-video is-provider-youtube wp-block-embed-youtube wp-embed-aspect-16-9 wp-has-aspect-ratio\"><div class=\"wp-block-embed__wrapper\">\n<iframe loading=\"lazy\" title=\"RED BULL INVESTIGA A HORNER: \u00bfPELIGRA SU CONTINUIDAD EN F1?\" width=\"500\" height=\"281\" src=\"https:\/\/www.youtube.com\/embed\/danzMWrd348?feature=oembed\" frameborder=\"0\" allow=\"accelerometer; autoplay; clipboard-write; encrypted-media; gyroscope; picture-in-picture; web-share\" referrerpolicy=\"strict-origin-when-cross-origin\" allowfullscreen><\/iframe>\n<\/div><\/figure>\n\n\n\n<p class=\"wp-block-paragraph\">La<strong> F\u00f3rmula 1 <\/strong>regresa a las pistas entre el <strong>21 y el 23 de febrero<\/strong>, con los test colectivos de pretemporada en <strong>Bahrein<\/strong>, en el circuito de <strong>Sakhir<\/strong>. El campeonato comienza el 2 de marzo, en el <strong>GP de Bahrein<\/strong>.<\/p>\n","protected":false},"excerpt":{"rendered":"<p>Christian Horner, jefe de Red Bull, estuvo al frente del equipo durante el shakedown del RB20, a pesar de estar involucrado en una investigaci\u00f3n<\/p>\n","protected":false},"author":0,"featured_media":1010231082,"comment_status":"closed","ping_status":"closed","sticky":false,"template":"","format":"standard","meta":{"42wp_featured_image_caption":"","42wp_featured_image_credits":"","42wp_featured_video":"","42wp_featured_image_hidden":false,"42wp_authors_list":[],"footnotes":""},"categories":[5],"tags":[1336,181,2249,179,1488,1671,9911,206,9818],"42wp_author":[14235],"class_list":["post-15246","post","type-post","status-publish","format-standard","has-post-thumbnail","hentry","category-f1","tag-christian-horner","tag-f1","tag-f1-2024","tag-formula-1","tag-grande-premio","tag-horner","tag-horner-investigado","tag-red-bull","tag-red-bull-2024","42wp_author-barbara-mincioni"],"_links":{"self":[{"href":"https:\/\/grandepremio.com\/es\/wp-json\/wp\/v2\/posts\/15246","targetHints":{"allow":["GET"]}}],"collection":[{"href":"https:\/\/grandepremio.com\/es\/wp-json\/wp\/v2\/posts"}],"about":[{"href":"https:\/\/grandepremio.com\/es\/wp-json\/wp\/v2\/types\/post"}],"replies":[{"embeddable":true,"href":"https:\/\/grandepremio.com\/es\/wp-json\/wp\/v2\/comments?post=15246"}],"version-history":[{"count":0,"href":"https:\/\/grandepremio.com\/es\/wp-json\/wp\/v2\/posts\/15246\/revisions"}],"wp:featuredmedia":[{"embeddable":true,"href":"https:\/\/grandepremio.com\/es\/wp-json\/wp\/v2\/media\/1010231082"}],"wp:attachment":[{"href":"https:\/\/grandepremio.com\/es\/wp-json\/wp\/v2\/media?parent=15246"}],"wp:term":[{"taxonomy":"category","embeddable":true,"href":"https:\/\/grandepremio.com\/es\/wp-json\/wp\/v2\/categories?post=15246"},{"taxonomy":"post_tag","embeddable":true,"href":"https:\/\/grandepremio.com\/es\/wp-json\/wp\/v2\/tags?post=15246"},{"taxonomy":"42wp_author","embeddable":true,"href":"https:\/\/grandepremio.com\/es\/wp-json\/wp\/v2\/42wp_author?post=15246"}],"curies":[{"name":"wp","href":"https:\/\/api.w.org\/{rel}","templated":true}]}}